{"id":588060,"date":"2025-01-09T17:38:06","date_gmt":"2025-01-09T21:38:06","guid":{"rendered":"https:\/\/diariodominicano.com\/?p=588060"},"modified":"2025-01-09T17:55:25","modified_gmt":"2025-01-09T21:55:25","slug":"guyana-acudira-al-maximo-tribunal-de-la-onu-ante-reclamo-territorial-de-venezuela","status":"publish","type":"post","link":"https:\/\/diariodominicano.com\/?p=588060","title":{"rendered":"Guyana acudir\u00e1 al m\u00e1ximo tribunal de la ONU ante reclamo territorial de Venezuela"},"content":{"rendered":"\n<p>FOTO DE ARCHIVO: Embarcaciones que transportan suministros para una plataforma petrolera costa afuera operada por Exxon Mobil en el muelle de Guyana Shore Base Inc en el r\u00edo Demerara, al sur de Georgetown, Guyana, el 23 de enero de 2020. REUTERS<\/p>\n\n\n\n<p>enero 09, 2025<\/p>\n\n\n\n<ul class=\"wp-block-list\">\n<li><a href=\"https:\/\/www.vozdeamerica.com\/author\/associated-press\/v_kyr\">Associated Press<\/a><\/li>\n<\/ul>\n\n\n\n<ul class=\"wp-block-list\">\n<li><a href=\"https:\/\/facebook.com\/sharer.php?u=https%3a%2f%2fwww.vozdeamerica.com%2fa%2fguyana-acudira-al-maximo-tribunal-de-la-onu-ante-reclamo-territorial-de-venezuela%2f7931139.html\" target=\"_blank\" rel=\"noreferrer noopener\"><\/a><\/li>\n\n\n\n<li><a href=\"https:\/\/twitter.com\/share?url=https%3a%2f%2fwww.vozdeamerica.com%2fa%2fguyana-acudira-al-maximo-tribunal-de-la-onu-ante-reclamo-territorial-de-venezuela%2f7931139.html&amp;text=Guyana+acudir%c3%a1+al+m%c3%a1ximo+tribunal+de+la+ONU+ante+reclamo+territorial+de+Venezuela\" target=\"_blank\" rel=\"noreferrer noopener\"><\/a><\/li>\n\n\n\n<li><\/li>\n\n\n\n<li><a href=\"mailto:?body=https%3a%2f%2fwww.vozdeamerica.com%2fa%2fguyana-acudira-al-maximo-tribunal-de-la-onu-ante-reclamo-territorial-de-venezuela%2f7931139.html&amp;subject=Guyana%20acudir%C3%A1%20al%20m%C3%A1ximo%20tribunal%20de%20la%20ONU%20ante%20reclamo%20territorial%20de%20Venezuela\"><\/a><\/li>\n<\/ul>\n\n\n\n<p><a href=\"https:\/\/www.vozdeamerica.com\/a\/guyana-acudira-al-maximo-tribunal-de-la-onu-ante-reclamo-territorial-de-venezuela\/7931139.html#comments\">&nbsp;Vea comentarios<\/a><\/p>\n\n\n\n<p>El ministerio de Relaciones Exteriores de Guyana dijo que pedir\u00e1 a la Corte Internacional de Justicia de La Haya que establezca medidas provisionales para impedir que Venezuela mantenga sus planes de elegir un gobernador del Esequibo.<\/p>\n\n\n\n<p>GEORGETOWN, Guyana \u2014&nbsp;<\/p>\n\n\n\n<p>Guyana dijo el jueves que buscar\u00e1 la ayuda del m\u00e1ximo tribunal de las Naciones Unidas para disuadir a la vecina Venezuela de elegir a un gobernador para su regi\u00f3n occidental del Esequibo, una zona rica en recursos que Venezuela ha reclamado durante mucho tiempo como propia.<\/p>\n\n\n\n<p>La Canciller\u00eda de Guyana declar\u00f3 en un comunicado que el plan de Venezuela viola un acuerdo de diciembre de 2022 entre ambos pa\u00edses para no provocar conflictos ni escalar tensiones sobre la regi\u00f3n, rica en minerales y petr\u00f3leo, que comprende dos tercios de la masa terrestre de Guyana.<\/p>\n\n\n\n<p>\u00abLos habitantes de la regi\u00f3n del Esequibo en Guyana son guyaneses que viven en el territorio soberano de Guyana\u00bb, dijo el ministerio. \u00abSer\u00eda una violaci\u00f3n flagrante de los principios m\u00e1s fundamentales del derecho internacional, consagrados en la Carta de la ONU, que Venezuela intentara llevar a cabo una elecci\u00f3n en territorio guyan\u00e9s con la participaci\u00f3n de guyaneses\u00bb.<\/p>\n\n\n\n<p><a href=\"https:\/\/www.vozdeamerica.com\/a\/eeuu-sanciones-tres-personas-guyana\/7651875.html\"><\/a><\/p>\n\n\n\n<p><a href=\"https:\/\/www.vozdeamerica.com\/a\/eeuu-sanciones-tres-personas-guyana\/7651875.html\">Tambi\u00e9n lea<\/a><\/p>\n\n\n\n<h4 class=\"wp-block-heading\"><a href=\"https:\/\/www.vozdeamerica.com\/a\/eeuu-sanciones-tres-personas-guyana\/7651875.html\">Estados Unidos impone sanciones a tres personas en Guyana<\/a><\/h4>\n\n\n\n<p>El ministerio dijo que pedir\u00eda a la Corte Internacional de Justicia en Holanda que establezca medidas provisionales para impedir que Venezuela mantenga sus planes de elegir un gobernador del Esequibo.<\/p>\n\n\n\n<p>Se\u00f1al\u00f3 que los planes de Venezuela de incorporar administrativamente al Esequibo como parte de su territorio \u00abno solo ponen en peligro el proceso judicial, sino que tambi\u00e9n socavan la autoridad del tribunal como el principal \u00f3rgano judicial de las Naciones Unidas\u00bb.<\/p>\n\n\n\n<p>Venezuela siempre ha considerado a la regi\u00f3n del Esequibo como propia porque estaba dentro de sus l\u00edmites durante el per\u00edodo colonial espa\u00f1ol. Ha desestimado durante mucho tiempo la frontera trazada por \u00e1rbitros internacionales en 1899, cuando Guyana a\u00fan era una colonia brit\u00e1nica.<\/p>\n\n\n\n<p>Despu\u00e9s de a\u00f1os de mediaci\u00f3n infructuosa, Guyana acudi\u00f3 al tribunal mundial en 2018, pidiendo a los jueces que dictaminaran que la decisi\u00f3n de 1899 es v\u00e1lida y vinculante. Venezuela argumenta que un acuerdo de 1966 para resolver la disputa anul\u00f3 el arbitraje original.<\/p>\n\n\n\n<p><a href=\"https:\/\/www.vozdeamerica.com\/a\/eeuu-niega-instalacion-de-bases-secretas-en-el-esequibo\/7558882.html\"><\/a><\/p>\n\n\n\n<p><a href=\"https:\/\/www.vozdeamerica.com\/a\/eeuu-niega-instalacion-de-bases-secretas-en-el-esequibo\/7558882.html\">Tambi\u00e9n lea<\/a><\/p>\n\n\n\n<h4 class=\"wp-block-heading\"><a href=\"https:\/\/www.vozdeamerica.com\/a\/eeuu-niega-instalacion-de-bases-secretas-en-el-esequibo\/7558882.html\">EEUU niega instalaci\u00f3n de bases secretas en el Esequibo<\/a><\/h4>\n\n\n\n<p>No se espera un fallo este a\u00f1o porque Venezuela tiene hasta finales de agosto para responder a los argumentos presentados por Guyana.<\/p>\n\n\n\n<p>El inter\u00e9s de Venezuela en la regi\u00f3n de Esequibo se intensific\u00f3 despu\u00e9s de que se descubrieron enormes cantidades de petr\u00f3leo y gas frente a la costa de Guyana en 2015, con una producci\u00f3n actual de petr\u00f3leo de 650.000 barriles al d\u00eda.<\/p>\n\n\n\n<p>La disputa m\u00e1s reciente entre los dos pa\u00edses ocurre pocas semanas despu\u00e9s de que Guyana objetara la finalizaci\u00f3n de un puente por parte del ej\u00e9rcito de Venezuela en el lado guyan\u00e9s de la isla fronteriza de Ankoko, calific\u00e1ndolo de violaci\u00f3n de la soberan\u00eda y la integridad territorial del pa\u00eds.<br>Las tensiones entre ambos pa\u00edses se relajaron durante la mayor parte del a\u00f1o pasado, especialmente despu\u00e9s de que Guyana permitiera en mayo que la fuerza a\u00e9rea de Estados Unidos volara aviones de combate sobre Georgetown, la capital, en una muestra de apoyo al pa\u00eds.<\/p>\n","protected":false},"excerpt":{"rendered":"<p>FOTO DE ARCHIVO: Embarcaciones que transportan suministros para una plataforma petrolera costa afuera operada por Exxon Mobil en el muelle de Guyana Shore Base Inc en el r\u00edo Demerara, al sur de Georgetown, Guyana, el 23 de enero de 2020. REUTERS enero 09, 2025 &nbsp;Vea comentarios El ministerio de Relaciones Exteriores de Guyana dijo que [&hellip;]<\/p>\n","protected":false},"author":28,"featured_media":588061,"comment_status":"closed","ping_status":"closed","sticky":true,"template":"","format":"standard","meta":{"footnotes":""},"categories":[23],"tags":[],"class_list":["post-588060","post","type-post","status-publish","format-standard","has-post-thumbnail","hentry","category-internacional"],"_links":{"self":[{"href":"https:\/\/diariodominicano.com\/index.php?rest_route=\/wp\/v2\/posts\/588060","targetHints":{"allow":["GET"]}}],"collection":[{"href":"https:\/\/diariodominicano.com\/index.php?rest_route=\/wp\/v2\/posts"}],"about":[{"href":"https:\/\/diariodominicano.com\/index.php?rest_route=\/wp\/v2\/types\/post"}],"author":[{"embeddable":true,"href":"https:\/\/diariodominicano.com\/index.php?rest_route=\/wp\/v2\/users\/28"}],"replies":[{"embeddable":true,"href":"https:\/\/diariodominicano.com\/index.php?rest_route=%2Fwp%2Fv2%2Fcomments&post=588060"}],"version-history":[{"count":1,"href":"https:\/\/diariodominicano.com\/index.php?rest_route=\/wp\/v2\/posts\/588060\/revisions"}],"predecessor-version":[{"id":588062,"href":"https:\/\/diariodominicano.com\/index.php?rest_route=\/wp\/v2\/posts\/588060\/revisions\/588062"}],"wp:featuredmedia":[{"embeddable":true,"href":"https:\/\/diariodominicano.com\/index.php?rest_route=\/wp\/v2\/media\/588061"}],"wp:attachment":[{"href":"https:\/\/diariodominicano.com\/index.php?rest_route=%2Fwp%2Fv2%2Fmedia&parent=588060"}],"wp:term":[{"taxonomy":"category","embeddable":true,"href":"https:\/\/diariodominicano.com\/index.php?rest_route=%2Fwp%2Fv2%2Fcategories&post=588060"},{"taxonomy":"post_tag","embeddable":true,"href":"https:\/\/diariodominicano.com\/index.php?rest_route=%2Fwp%2Fv2%2Ftags&post=588060"}],"curies":[{"name":"wp","href":"https:\/\/api.w.org\/{rel}","templated":true}]}}