{"id":588057,"date":"2025-01-09T17:35:23","date_gmt":"2025-01-09T21:35:23","guid":{"rendered":"https:\/\/diariodominicano.com\/?p=588057"},"modified":"2025-01-09T17:56:00","modified_gmt":"2025-01-09T21:56:00","slug":"el-papa-acentua-criticas-a-israel-y-califica-de-vergonzosa-la-situacion-en-gaza","status":"publish","type":"post","link":"https:\/\/diariodominicano.com\/?p=588057","title":{"rendered":"El Papa acent\u00faa cr\u00edticas a Israel y califica de \u00abvergonzosa\u00bb la situaci\u00f3n en Gaza"},"content":{"rendered":"\n<p>El papa Francisco asiste a su audiencia general semanal en el Aula Pablo VI, en el Vaticano, el mi\u00e9rcoles 8 de enero de 2025. (Foto AP\/Alessandra Tarantino)<\/p>\n\n\n\n<p>enero 09, 2025<\/p>\n\n\n\n<ul class=\"wp-block-list\">\n<li><a href=\"https:\/\/www.vozdeamerica.com\/author\/reuters\/riv_i\">Reuters<\/a><\/li>\n<\/ul>\n\n\n\n<ul class=\"wp-block-list\">\n<li><a href=\"https:\/\/facebook.com\/sharer.php?u=https%3a%2f%2fwww.vozdeamerica.com%2fa%2fpapa-acentua-criticas-a-israel-y-califica-de-vergonzosa-la-situacion-en-gaza%2f7930719.html\" target=\"_blank\" rel=\"noreferrer noopener\"><\/a><\/li>\n\n\n\n<li><a href=\"https:\/\/twitter.com\/share?url=https%3a%2f%2fwww.vozdeamerica.com%2fa%2fpapa-acentua-criticas-a-israel-y-califica-de-vergonzosa-la-situacion-en-gaza%2f7930719.html&amp;text=El+Papa+acent%c3%baa+cr%c3%adticas+a+Israel+y+califica+de+%22vergonzosa%22+la+situaci%c3%b3n+en+Gaza\" target=\"_blank\" rel=\"noreferrer noopener\"><\/a><\/li>\n\n\n\n<li><\/li>\n\n\n\n<li><a href=\"mailto:?body=https%3a%2f%2fwww.vozdeamerica.com%2fa%2fpapa-acentua-criticas-a-israel-y-califica-de-vergonzosa-la-situacion-en-gaza%2f7930719.html&amp;subject=El%20Papa%20acent%C3%BAa%20cr%C3%ADticas%20a%20Israel%20y%20califica%20de%20%22vergonzosa%22%20la%20situaci%C3%B3n%20en%20Gaza\"><\/a><\/li>\n<\/ul>\n\n\n\n<p><a href=\"https:\/\/www.vozdeamerica.com\/a\/papa-acentua-criticas-a-israel-y-califica-de-vergonzosa-la-situacion-en-gaza\/7930719.html#comments\">&nbsp;Vea comentarios<\/a><\/p>\n\n\n\n<p>El Papa dijo que no se pod\u00eda aceptar que los ni\u00f1os mueran de fr\u00edo porque los hospitales han sido destruidos o la red energ\u00e9tica de un pa\u00eds ha sido atacada.<\/p>\n\n\n\n<p>CIUDAD DEL VATICANO \u2014&nbsp;<\/p>\n\n\n\n<p>El papa Francisco intensific\u00f3 el jueves sus recientes cr\u00edticas a la campa\u00f1a militar de Israel en Gaza, calificando de \u00abmuy grave y vergonzosa\u00bb la situaci\u00f3n humanitaria en el enclave palestino.<\/p>\n\n\n\n<p>En el discurso anual a los diplom\u00e1ticos que ha sido pronunciado en su nombre por un ayudante, Francisco pareci\u00f3 referirse a las muertes causadas por el fr\u00edo invernal en Gaza, donde casi no hay electricidad.<\/p>\n\n\n\n<p>\u00abNo podemos aceptar de ninguna manera el bombardeo de civiles\u00bb, dec\u00eda el texto.<\/p>\n\n\n\n<p><a href=\"https:\/\/www.vozdeamerica.com\/a\/ataques-israelies-matan-gaza-guerra-final-vista\/7920890.html\"><\/a><\/p>\n\n\n\n<p><a href=\"https:\/\/www.vozdeamerica.com\/a\/ataques-israelies-matan-gaza-guerra-final-vista\/7920890.html\">Tambi\u00e9n lea<\/a><\/p>\n\n\n\n<h4 class=\"wp-block-heading\"><a href=\"https:\/\/www.vozdeamerica.com\/a\/ataques-israelies-matan-gaza-guerra-final-vista\/7920890.html\">Ataques israel\u00edes matan a 12 personas en Gaza mientras la guerra inicia el a\u00f1o sin final a la vista<\/a><\/h4>\n\n\n\n<p>\u00abNo podemos aceptar que los ni\u00f1os mueran de fr\u00edo porque los hospitales han sido destruidos o la red energ\u00e9tica de un pa\u00eds ha sido atacada\u00bb.<\/p>\n\n\n\n<p>El Papa, de 88 a\u00f1os, estuvo presente en el discurso, pero pidi\u00f3 a un ayudante que lo leyera por \u00e9l, ya que se est\u00e1 recuperando de un resfriado. Tambi\u00e9n conden\u00f3 el antisemitismo, pidi\u00f3 el fin de la guerra en Ucrania y de otros conflictos en todo el mundo y expres\u00f3 su preocupaci\u00f3n por el cambio clim\u00e1tico.<\/p>\n\n\n\n<p>Estas opiniones formaban parte de un discurso dirigido a los enviados acreditados en el Vaticano de unos 184 pa\u00edses, en un discurso a veces denominado como el \u00abestado del mundo\u00bb. El embajador de Israel ante la Santa Sede se encontraba entre los asistentes al acto.<\/p>\n\n\n\n<p>Francisco, l\u00edder de la Iglesia cat\u00f3lica romana, que cuenta con 1.400 millones de miembros, suele evitar tomar partido en los conflictos.<\/p>\n\n\n\n<p><a href=\"https:\/\/www.vozdeamerica.com\/a\/eeuu-qatar-y-egipto-buscan-alto-el-fuego-en-gaza-tras-nuevos-ataques-de-israel-que-mataron-a-22-personas\/7929307.html\"><\/a><\/p>\n\n\n\n<p><a href=\"https:\/\/www.vozdeamerica.com\/a\/eeuu-qatar-y-egipto-buscan-alto-el-fuego-en-gaza-tras-nuevos-ataques-de-israel-que-mataron-a-22-personas\/7929307.html\">Tambi\u00e9n lea<\/a><\/p>\n\n\n\n<h4 class=\"wp-block-heading\"><a href=\"https:\/\/www.vozdeamerica.com\/a\/eeuu-qatar-y-egipto-buscan-alto-el-fuego-en-gaza-tras-nuevos-ataques-de-israel-que-mataron-a-22-personas\/7929307.html\">EEUU, Qatar y Egipto buscan alto el fuego en Gaza tras muertes de 22 personas por ataques de Israel<\/a><\/h4>\n\n\n\n<p>Sin embargo, \u00faltimamente se ha mostrado m\u00e1s tajante respecto a la campa\u00f1a militar de Israel contra el grupo miliciano palestino Ham\u00e1s y ha sugerido que la comunidad internacional estudie si la ofensiva es un genocidio del pueblo palestino.<\/p>\n\n\n\n<p>Un ministro del Gobierno israel\u00ed denunci\u00f3 p\u00fablicamente al pont\u00edfice en diciembre por esa sugerencia.<\/p>\n\n\n\n<p>El texto del Papa dice que condena el antisemitismo y califica el crecimiento de los grupos antisemitas de \u00abfuente de profunda preocupaci\u00f3n\u00bb.<\/p>\n\n\n\n<p>Francisco tambi\u00e9n pidi\u00f3 el fin de la guerra entre Ucrania y Rusia, que ha matado a decenas de miles de personas.<\/p>\n\n\n\n<p>\u00abMi deseo para el a\u00f1o 2025 es que toda la comunidad internacional trabaje sobre todo para poner fin al conflicto que, desde hace casi tres a\u00f1os, ha causado tanto derramamiento de sangre\u00bb, dijo.<\/p>\n\n\n\n<p>El Papa tambi\u00e9n abord\u00f3 conflictos en lugares como Sud\u00e1n, Mozambique, Myanmar y Nicaragua y reiter\u00f3 sus frecuentes llamamientos a la acci\u00f3n para hacer frente a los efectos del cambio clim\u00e1tico mundial y a la difusi\u00f3n de informaci\u00f3n falsa en las redes sociales.<\/p>\n","protected":false},"excerpt":{"rendered":"<p>El papa Francisco asiste a su audiencia general semanal en el Aula Pablo VI, en el Vaticano, el mi\u00e9rcoles 8 de enero de 2025. (Foto AP\/Alessandra Tarantino) enero 09, 2025 &nbsp;Vea comentarios El Papa dijo que no se pod\u00eda aceptar que los ni\u00f1os mueran de fr\u00edo porque los hospitales han sido destruidos o la red [&hellip;]<\/p>\n","protected":false},"author":28,"featured_media":588058,"comment_status":"closed","ping_status":"closed","sticky":true,"template":"","format":"standard","meta":{"footnotes":""},"categories":[23,27],"tags":[],"class_list":["post-588057","post","type-post","status-publish","format-standard","has-post-thumbnail","hentry","category-internacional","category-portada"],"_links":{"self":[{"href":"https:\/\/diariodominicano.com\/index.php?rest_route=\/wp\/v2\/posts\/588057","targetHints":{"allow":["GET"]}}],"collection":[{"href":"https:\/\/diariodominicano.com\/index.php?rest_route=\/wp\/v2\/posts"}],"about":[{"href":"https:\/\/diariodominicano.com\/index.php?rest_route=\/wp\/v2\/types\/post"}],"author":[{"embeddable":true,"href":"https:\/\/diariodominicano.com\/index.php?rest_route=\/wp\/v2\/users\/28"}],"replies":[{"embeddable":true,"href":"https:\/\/diariodominicano.com\/index.php?rest_route=%2Fwp%2Fv2%2Fcomments&post=588057"}],"version-history":[{"count":1,"href":"https:\/\/diariodominicano.com\/index.php?rest_route=\/wp\/v2\/posts\/588057\/revisions"}],"predecessor-version":[{"id":588059,"href":"https:\/\/diariodominicano.com\/index.php?rest_route=\/wp\/v2\/posts\/588057\/revisions\/588059"}],"wp:featuredmedia":[{"embeddable":true,"href":"https:\/\/diariodominicano.com\/index.php?rest_route=\/wp\/v2\/media\/588058"}],"wp:attachment":[{"href":"https:\/\/diariodominicano.com\/index.php?rest_route=%2Fwp%2Fv2%2Fmedia&parent=588057"}],"wp:term":[{"taxonomy":"category","embeddable":true,"href":"https:\/\/diariodominicano.com\/index.php?rest_route=%2Fwp%2Fv2%2Fcategories&post=588057"},{"taxonomy":"post_tag","embeddable":true,"href":"https:\/\/diariodominicano.com\/index.php?rest_route=%2Fwp%2Fv2%2Ftags&post=588057"}],"curies":[{"name":"wp","href":"https:\/\/api.w.org\/{rel}","templated":true}]}}