{"id":588054,"date":"2025-01-09T17:31:40","date_gmt":"2025-01-09T21:31:40","guid":{"rendered":"https:\/\/diariodominicano.com\/?p=588054"},"modified":"2025-01-09T17:31:45","modified_gmt":"2025-01-09T21:31:45","slug":"expresidente-uruguayo-jose-mujica-anuncia-avance-de-su-cancer-me-estoy-muriendo","status":"publish","type":"post","link":"https:\/\/diariodominicano.com\/?p=588054","title":{"rendered":"Expresidente uruguayo Jos\u00e9 Mujica anuncia avance de su c\u00e1ncer: \u00abMe estoy muriendo\u00bb"},"content":{"rendered":"\n<p>ARCHIVO &#8211; El expresidente de Uruguay Jos\u00e9 \u00abPepe\u00bb Mujica se sienta dentro de un colegio electoral mientras espera para votar en la segunda vuelta de las elecciones presidenciales en Montevideo, Uruguay, el 24 de noviembre de 2024. AP<\/p>\n\n\n\n<p><\/p>\n\n\n\n<p>enero 09, 2025<\/p>\n\n\n\n<ul class=\"wp-block-list\">\n<li><a href=\"https:\/\/www.vozdeamerica.com\/author\/voz-de-america-redaccion\/p_kym\">Voz de Am\u00e9rica &#8211; Redacci\u00f3n<\/a><\/li>\n<\/ul>\n\n\n\n<ul class=\"wp-block-list\">\n<li><a href=\"https:\/\/facebook.com\/sharer.php?u=https%3a%2f%2fwww.vozdeamerica.com%2fa%2fexpresidente-uruguayo-jose-mujica-anuncia-avance-cancer-me-estoy-muriendo-%2f7930991.html\" target=\"_blank\" rel=\"noreferrer noopener\"><\/a><\/li>\n\n\n\n<li><a href=\"https:\/\/twitter.com\/share?url=https%3a%2f%2fwww.vozdeamerica.com%2fa%2fexpresidente-uruguayo-jose-mujica-anuncia-avance-cancer-me-estoy-muriendo-%2f7930991.html&amp;text=Expresidente+uruguayo+Jos%c3%a9+Mujica+anuncia+avance+de+su+c%c3%a1ncer%3a+%22Me+estoy+muriendo%22\" target=\"_blank\" rel=\"noreferrer noopener\"><\/a><\/li>\n\n\n\n<li><\/li>\n\n\n\n<li><a href=\"mailto:?body=https%3a%2f%2fwww.vozdeamerica.com%2fa%2fexpresidente-uruguayo-jose-mujica-anuncia-avance-cancer-me-estoy-muriendo-%2f7930991.html&amp;subject=Expresidente%20uruguayo%20Jos%C3%A9%20Mujica%20anuncia%20avance%20de%20su%20c%C3%A1ncer:%20%22Me%20estoy%20muriendo%22\"><\/a><\/li>\n<\/ul>\n\n\n\n<p><a href=\"https:\/\/www.vozdeamerica.com\/a\/expresidente-uruguayo-jose-mujica-anuncia-avance-cancer-me-estoy-muriendo-\/7930991.html#comments\">&nbsp;Vea comentarios<\/a><\/p>\n\n\n\n<p>El exmandatario de 89 a\u00f1os, dijo que el c\u00e1ncer de es\u00f3fago que padec\u00eda se expandi\u00f3 al h\u00edgado y que opt\u00f3 por no tratarlo a ra\u00edz de su edad.<\/p>\n\n\n\n<p>El expresidente uruguayo Jos\u00e9 \u201cPepe\u201d Mujica anunci\u00f3 que el&nbsp;<em><strong><a href=\"https:\/\/www.vozdeamerica.com\/a\/expresidente-uruguayo-jose-mujica-anuncia-que-padece-cancer-de-esofago\/7589594.html\" target=\"_blank\" rel=\"noreferrer noopener\">c\u00e1ncer contra el que lucha&nbsp;<\/a><\/strong><\/em>desde abril del a\u00f1o pasado ha avanzado y que ha decidido no someterse a nuevos tratamientos.<\/p>\n\n\n\n<p>\u201cMe estoy muriendo\u201d, dijo en una entrevista con el semanario local B\u00fasqueda, publicada el jueves. \u00ab\u201cEstoy condenado, hermano. Hasta ac\u00e1 llegu\u00e9\u201d.<\/p>\n\n\n\n<p>El exmandatario, de 89 a\u00f1os, explic\u00f3 que el c\u00e1ncer en el es\u00f3fago que le fue diagnosticado el 29 de abril de 2024 ahora se expandi\u00f3 al h\u00edgado y que opt\u00f3 por no tratarlo a ra\u00edz de su edad y de las enfermedades cr\u00f3nicas que padece.<\/p>\n\n\n\n<p><a href=\"https:\/\/www.vozdeamerica.com\/a\/expresidente-uruguay-jose-mujica-recibe-maximas-distinciones-de-brasil-colombia-\/7889519.html\"><\/a><\/p>\n\n\n\n<p><a href=\"https:\/\/www.vozdeamerica.com\/a\/expresidente-uruguay-jose-mujica-recibe-maximas-distinciones-de-brasil-colombia-\/7889519.html\">Tambi\u00e9n lea<\/a><\/p>\n\n\n\n<h4 class=\"wp-block-heading\"><a href=\"https:\/\/www.vozdeamerica.com\/a\/expresidente-uruguay-jose-mujica-recibe-maximas-distinciones-de-brasil-colombia-\/7889519.html\">Expresidente de Uruguay Jos\u00e9 Mujica recibe las m\u00e1ximas distinciones de Brasil y Colombia<\/a><\/h4>\n\n\n\n<p>\u00abEl c\u00e1ncer en el es\u00f3fago me est\u00e1 colonizando el h\u00edgado. No lo paro con nada. \u00bfPor qu\u00e9? Porque soy un anciano y porque tengo dos enfermedades cr\u00f3nicas. No me cabe ni un tratamiento bioqu\u00edmico ni la cirug\u00eda porque mi cuerpo no lo aguanta\u201d, precis\u00f3.<\/p>\n\n\n\n<p>Mujica, quien estuvo al mando de Uruguay entre 2010 y 2015, aprovech\u00f3 la ocasi\u00f3n para despedirse de sus compatriotas y afirm\u00f3 que lo \u00fanico que espera en esta etapa final es dedicarse a su finca, localizada en las afueras de la capital, Montevideo.<\/p>\n\n\n\n<p>\u201cLo que quiero es despedirme de mis compatriotas. Es f\u00e1cil tener respeto para los que piensan parecido a uno, pero hay que aprender que el fundamento de la democracia es el respeto a los que piensan distinto\u201d, expres\u00f3.<\/p>\n\n\n\n<p>El exguerrillero y una de la principales figuras de la pol\u00edtica uruguaya, que alcanz\u00f3 proyecci\u00f3n internacional por su estilo relajado y campechano, afirm\u00f3 que se va \u201ctranquilo y agradecido\u201d despu\u00e9s de vivir la vida \u201cmuy bien\u201d pese a los a\u00f1os que pas\u00f3 en la c\u00e1rcel tras ser capturado mientras luchaba contra la dictadura.<\/p>\n\n\n\n<p><a href=\"https:\/\/www.vozdeamerica.com\/a\/yamandu-orsi-heredero-politico-mujica-apuesta-izquierda-renovada-en-uruguay\/7840912.html\"><\/a><\/p>\n\n\n\n<p><a href=\"https:\/\/www.vozdeamerica.com\/a\/yamandu-orsi-heredero-politico-mujica-apuesta-izquierda-renovada-en-uruguay\/7840912.html\">Tambi\u00e9n lea<\/a><\/p>\n\n\n\n<h4 class=\"wp-block-heading\"><a href=\"https:\/\/www.vozdeamerica.com\/a\/yamandu-orsi-heredero-politico-mujica-apuesta-izquierda-renovada-en-uruguay\/7840912.html\">Yamand\u00fa Orsi, el heredero pol\u00edtico de Mujica que apuesta por una izquierda renovada en Uruguay<\/a><\/h4>\n\n\n\n<p>\u201cLa vida es una hermosa aventura y un milagro. Estamos demasiado concentrados en la riqueza y no en la felicidad. Estamos concentrados s\u00f3lo en hacer cosas y, cuando quer\u00e9s acordar, se te pas\u00f3 la vida\u201d, reflexion\u00f3.<\/p>\n\n\n\n<p>Tras confirmar el diagn\u00f3stico de c\u00e1ncer en el es\u00f3fago Mujica se someti\u00f3 a sesiones de radioterapia y, desde entonces, fue ingresado diversas veces en el hospital debido a las complicaciones del tratamiento, que le provocaron molestias para comer y mantenerse hidratado.<\/p>\n\n\n\n<p>En septiembre pas\u00f3 por el quir\u00f3fano para una pr\u00e1ctica que le permitiera alimentarse de forma segura. En la misma \u00e9poca el equipo m\u00e9dico anunci\u00f3 que la enfermedad se encontraba en remisi\u00f3n.<\/p>\n\n\n\n<p>Pese a que se retir\u00f3 del Senado y de la pol\u00edtica en 2020, Mujica nunca par\u00f3 de abogar por las causas que defiende y, tras unos meses recluido, particip\u00f3 activamente del proceso electoral en Uruguay del pasado octubre y noviembre, que culmin\u00f3 con la elecci\u00f3n de su heredero pol\u00edtico Yamand\u00fa Orsi como nuevo presidente.<\/p>\n\n\n\n<p><em>[Con informaci\u00f3n de The Associated Press]<\/em><\/p>\n","protected":false},"excerpt":{"rendered":"<p>ARCHIVO &#8211; El expresidente de Uruguay Jos\u00e9 \u00abPepe\u00bb Mujica se sienta dentro de un colegio electoral mientras espera para votar en la segunda vuelta de las elecciones presidenciales en Montevideo, Uruguay, el 24 de noviembre de 2024. AP enero 09, 2025 &nbsp;Vea comentarios El exmandatario de 89 a\u00f1os, dijo que el c\u00e1ncer de es\u00f3fago que [&hellip;]<\/p>\n","protected":false},"author":28,"featured_media":588055,"comment_status":"closed","ping_status":"closed","sticky":true,"template":"","format":"standard","meta":{"footnotes":""},"categories":[36,23],"tags":[],"class_list":["post-588054","post","type-post","status-publish","format-standard","has-post-thumbnail","hentry","category-hombresmujeresycosas","category-internacional"],"_links":{"self":[{"href":"https:\/\/diariodominicano.com\/index.php?rest_route=\/wp\/v2\/posts\/588054","targetHints":{"allow":["GET"]}}],"collection":[{"href":"https:\/\/diariodominicano.com\/index.php?rest_route=\/wp\/v2\/posts"}],"about":[{"href":"https:\/\/diariodominicano.com\/index.php?rest_route=\/wp\/v2\/types\/post"}],"author":[{"embeddable":true,"href":"https:\/\/diariodominicano.com\/index.php?rest_route=\/wp\/v2\/users\/28"}],"replies":[{"embeddable":true,"href":"https:\/\/diariodominicano.com\/index.php?rest_route=%2Fwp%2Fv2%2Fcomments&post=588054"}],"version-history":[{"count":1,"href":"https:\/\/diariodominicano.com\/index.php?rest_route=\/wp\/v2\/posts\/588054\/revisions"}],"predecessor-version":[{"id":588056,"href":"https:\/\/diariodominicano.com\/index.php?rest_route=\/wp\/v2\/posts\/588054\/revisions\/588056"}],"wp:featuredmedia":[{"embeddable":true,"href":"https:\/\/diariodominicano.com\/index.php?rest_route=\/wp\/v2\/media\/588055"}],"wp:attachment":[{"href":"https:\/\/diariodominicano.com\/index.php?rest_route=%2Fwp%2Fv2%2Fmedia&parent=588054"}],"wp:term":[{"taxonomy":"category","embeddable":true,"href":"https:\/\/diariodominicano.com\/index.php?rest_route=%2Fwp%2Fv2%2Fcategories&post=588054"},{"taxonomy":"post_tag","embeddable":true,"href":"https:\/\/diariodominicano.com\/index.php?rest_route=%2Fwp%2Fv2%2Ftags&post=588054"}],"curies":[{"name":"wp","href":"https:\/\/api.w.org\/{rel}","templated":true}]}}