{"id":588048,"date":"2025-01-09T17:24:57","date_gmt":"2025-01-09T21:24:57","guid":{"rendered":"https:\/\/diariodominicano.com\/?p=588048"},"modified":"2025-01-09T17:25:01","modified_gmt":"2025-01-09T21:25:01","slug":"comunidad-venezolana-en-eeuu-ante-la-encrucijada-del-10-de-enero-no-vamos-a-dejar-de-luchar","status":"publish","type":"post","link":"https:\/\/diariodominicano.com\/?p=588048","title":{"rendered":"Comunidad venezolana en EEUU ante la encrucijada del 10 de enero: \u201cNo vamos a dejar de luchar\u201d"},"content":{"rendered":"\n<p>ARCHIVO &#8211; Franklin Virg\u00fcez, en el centro, lidera un c\u00e1ntico mientras \u00e9l y otros venezolanos observan las noticias televisadas de su pa\u00eds en el restaurante venezolano El Arepazo Doral.<\/p>\n\n\n\n<p>enero 09, 2025<\/p>\n\n\n\n<ul class=\"wp-block-list\">\n<li><a href=\"https:\/\/www.vozdeamerica.com\/author\/antoni-belchi\/mymyv\">Antoni Belchi<\/a><\/li>\n<\/ul>\n\n\n\n<ul class=\"wp-block-list\">\n<li><a href=\"https:\/\/facebook.com\/sharer.php?u=https%3a%2f%2fwww.vozdeamerica.com%2fa%2fcomunidad-venezolana-eeuu-10-enero-no-vamos-dejar-luchar%2f7931026.html\" target=\"_blank\" rel=\"noreferrer noopener\"><\/a><\/li>\n\n\n\n<li><a href=\"https:\/\/twitter.com\/share?url=https%3a%2f%2fwww.vozdeamerica.com%2fa%2fcomunidad-venezolana-eeuu-10-enero-no-vamos-dejar-luchar%2f7931026.html&amp;text=Comunidad+venezolana+en+EEUU+ante+la+encrucijada+del+10+de+enero%3a+%e2%80%9cNo+vamos+a+dejar+de+luchar%e2%80%9d\" target=\"_blank\" rel=\"noreferrer noopener\"><\/a><\/li>\n\n\n\n<li><\/li>\n\n\n\n<li><a href=\"mailto:?body=https%3a%2f%2fwww.vozdeamerica.com%2fa%2fcomunidad-venezolana-eeuu-10-enero-no-vamos-dejar-luchar%2f7931026.html&amp;subject=Comunidad%20venezolana%20en%20EEUU%20ante%20la%20encrucijada%20del%2010%20de%20enero:%20%E2%80%9CNo%20vamos%20a%20dejar%20de%20luchar%E2%80%9D\"><\/a><\/li>\n<\/ul>\n\n\n\n<p><a href=\"https:\/\/www.vozdeamerica.com\/a\/comunidad-venezolana-eeuu-10-enero-no-vamos-dejar-luchar\/7931026.html#comments\">&nbsp;Vea comentarios<\/a><\/p>\n\n\n\n<p>La comunidad venezolana en Doral, Florida, vive con incertidumbre lo que pueda ocurrir este viernes 10 de enero, fecha prevista para la toma de posesi\u00f3n presidencial.<\/p>\n\n\n\n<p>DORAL, Florida, EEUU \u2014&nbsp;<\/p>\n\n\n\n<p>En la ciudad de Doral, en el sur de Florida, la incertidumbre y la expectativa se sienten entre muchos de los venezolanos que han huido del gobierno de Nicol\u00e1s Maduro. Este viernes 10 de enero podr\u00eda convertirse en una fecha clave para la pol\u00edtica del pa\u00eds latinoamericano con la anunciada toma de posesi\u00f3n del presidente.<\/p>\n\n\n\n<p>Sin embargo, dos figuras se disputan ese t\u00edtulo: Nicol\u00e1s Maduro, gobernante de Venezuela, y Edmundo Gonz\u00e1lez, l\u00edder opositor que se acredita con actas el triunfo electoral.<\/p>\n\n\n\n<p>\u201cHay un poco de nerviosismo por lo que pueda pasar, aunque creo que Nicol\u00e1s Maduro s\u00ed que va a tomar posesi\u00f3n. Pero lo que me preocupa es qu\u00e9 es lo que va a pasar despu\u00e9s y qu\u00e9 acciones va a tomar la oposici\u00f3n\u201d, comenta Oscar Tabares, un venezolano que lleva m\u00e1s de siete a\u00f1os exiliado en el sur de Florida.<\/p>\n\n\n\n<figure class=\"wp-block-image\"><a href=\"https:\/\/www.vozdeamerica.com\/a\/en-fotos-migrar-o-seguir-en-su-pais-venezolanos-sienten-incertidumbre-de-cara-a-lo-que-pueda-ocurrir-el-10-de-enero\/7930978.html\"><img decoding=\"async\" src=\"https:\/\/gdb.voanews.com\/5494f44d-98af-4e50-9dc3-5df39ed0333e_w650_r1_s.jpg\" alt=\"En Fotos | \u00bfMigrar o seguir en su pa\u00eds? Venezolanos se debaten debido a la incertidumbre por la situaci\u00f3n pol\u00edtica\"\/><\/a><figcaption class=\"wp-element-caption\">Galer\u00eda de fotosEn Fotos | \u00bfMigrar o seguir en su pa\u00eds? Venezolanos se debaten debido a la incertidumbre por la situaci\u00f3n pol\u00edtica<\/figcaption><\/figure>\n\n\n\n<p>Para muchos, este momento representa una encrucijada hist\u00f3rica. En las calles de Doral, conocidas como \u00abDoralzuela\u00bb la di\u00e1spora venezolana intenta mantener la atenci\u00f3n del mundo sobre una crisis que lleva agrav\u00e1ndose m\u00e1s de una d\u00e9cada, con el riesgo latente de perpetuarse, como ocurri\u00f3 en Cuba.<\/p>\n\n\n\n<p>\u201cEs importante que el mundo sepa qu\u00e9 es lo que est\u00e1 ocurriendo en mi pa\u00eds\u201d, dice otra mujer, que prefiere no ser identificada por miedo a represalias ya que su familia a\u00fan vive en Venezuela.<\/p>\n\n\n\n<h3 class=\"wp-block-heading\">El contexto en torno al 10 de enero<\/h3>\n\n\n\n<p>Nicol\u00e1s Maduro asegura haber ganado las elecciones presidenciales, un proceso al que la comunidad internacional ha denunciado por su falta de transparencia y legitimidad. Maduro se prepara para juramentarse nuevamente, ignorando el amplio rechazo desde el exterior al considerar que fueron unos comicios fraudulentos. Por otro lado, Edmundo Gonz\u00e1lez ha presentado las actas que, seg\u00fan \u00e9l y la oposici\u00f3n venezolana, prueban su victoria.<\/p>\n\n\n\n<p>\u00abLo que est\u00e1 en juego no es solo qui\u00e9n ocupa la presidencia, sino el futuro de Venezuela como naci\u00f3n democr\u00e1tica\u00bb, se\u00f1ala Helena Poleo, analista pol\u00edtica y periodista venezolana, en entrevista con la&nbsp;<strong><em>Voz de Am\u00e9rica<\/em><\/strong>. \u00abDespu\u00e9s de d\u00e9cadas de represi\u00f3n, desapariciones pol\u00edticas y divisiones familiares, este deber\u00eda ser el momento para terminar con este ciclo de sufrimiento y recuperar el pa\u00eds que alguna vez fue\u201d, aboga.<\/p>\n\n\n\n<p><a href=\"https:\/\/www.vozdeamerica.com\/a\/que-se-puede-esperar-de-las-relaciones-entre-colombia-y-venezuela-tras-el-10-de-enero-\/7929874.html\"><\/a><\/p>\n\n\n\n<p><a href=\"https:\/\/www.vozdeamerica.com\/a\/que-se-puede-esperar-de-las-relaciones-entre-colombia-y-venezuela-tras-el-10-de-enero-\/7929874.html\">Tambi\u00e9n lea<\/a><\/p>\n\n\n\n<h4 class=\"wp-block-heading\"><a href=\"https:\/\/www.vozdeamerica.com\/a\/que-se-puede-esperar-de-las-relaciones-entre-colombia-y-venezuela-tras-el-10-de-enero-\/7929874.html\">\u00bfQu\u00e9 se puede esperar de las relaciones entre Colombia y Venezuela despu\u00e9s del 10 de enero?<\/a><\/h4>\n\n\n\n<p>La fecha del 10 de enero, explica, representa un \u201cdesaf\u00edo crucial\u201d para los venezolanos dentro y fuera del pa\u00eds. Desde Doral hasta Caracas, pasando por ciudades como Madrid, Bogot\u00e1 y Lima, las comunidades en el exilio han organizado marchas para mostrar solidaridad con Gonz\u00e1lez y exigir a la comunidad internacional que no abandone la causa venezolana.<\/p>\n\n\n\n<h3 class=\"wp-block-heading\">El papel de los militares<\/h3>\n\n\n\n<p>En el centro de este enfrentamiento est\u00e1 el ej\u00e9rcito venezolano, cuyo apoyo podr\u00eda ser determinante para cualquier cambio de poder, seg\u00fan explica a la&nbsp;<strong><em>VOA<\/em><\/strong>&nbsp;el analista pol\u00edtico Jos\u00e9 Hern\u00e1ndez, que tambi\u00e9n vive exiliado en el sur de la Florida. Pese a eso, subraya que \u201clos altos mandos militares contin\u00faan respaldando a Maduro, gracias a los privilegios y beneficios que han recibido bajo su gobierno\u201d.<\/p>\n\n\n\n<p>\u00abEl alto mando militar ha tejido una red de lealtad basada en la corrupci\u00f3n y los privilegios. Mientras no haya una fuerza institucional dentro del ej\u00e9rcito capaz de neutralizarlos, cualquier posibilidad de transici\u00f3n ser\u00e1 complicada\u201d, dice, recordando que \u201clos militares que controlan las unidades operativas han reprimido al pueblo durante a\u00f1os y no parece que vayan a cambiar de postura f\u00e1cilmente\u201d.<\/p>\n\n\n\n<p><a href=\"https:\/\/www.vozdeamerica.com\/a\/un-decreto-para-reformar-la-constitucion-sera-su-primera-decision-tras-ser-investido-dice-maduro\/7929846.html\"><\/a><\/p>\n\n\n\n<p><a href=\"https:\/\/www.vozdeamerica.com\/a\/un-decreto-para-reformar-la-constitucion-sera-su-primera-decision-tras-ser-investido-dice-maduro\/7929846.html\">Tambi\u00e9n lea<\/a><\/p>\n\n\n\n<h4 class=\"wp-block-heading\"><a href=\"https:\/\/www.vozdeamerica.com\/a\/un-decreto-para-reformar-la-constitucion-sera-su-primera-decision-tras-ser-investido-dice-maduro\/7929846.html\">Un decreto para reformar la Constituci\u00f3n ser\u00e1 su primera decisi\u00f3n tras ser investido, dice Maduro<\/a><\/h4>\n\n\n\n<p>Tambi\u00e9n se\u00f1ala que, aunque algunos efectivos han votado en contra del gobernante de Venezuela en procesos internos, el control operativo sigue en manos de quienes tienen intereses ligados al poder de Maduro. \u00abLa \u00fanica manera de romper este c\u00edrculo vicioso ser\u00eda con una fuerza interna que desaf\u00ede a los altos mandos corruptos\u00bb, insiste Hern\u00e1ndez.<\/p>\n\n\n\n<h3 class=\"wp-block-heading\">Expectativas en Estados Unidos<\/h3>\n\n\n\n<p>El gobierno de EEUU ha jugado un papel crucial en la crisis venezolana. Joe Biden, a pocos d\u00edas de dejar la presidencia, recibi\u00f3 a Edmundo Gonz\u00e1lez en la Casa Blanca, un gesto que sirvi\u00f3 para reafirmar el respaldo de su administraci\u00f3n hacia el l\u00edder opositor. Sin embargo, el futuro de la pol\u00edtica estadounidense hacia Venezuela es incierto. Donald Trump, quien asumir\u00e1 el poder nuevamente a partir del 20 de enero, no ha dejado claras sus intenciones sobre c\u00f3mo manejar\u00e1 la situaci\u00f3n.<\/p>\n\n\n\n<p>\u00abEs irresponsable creer que los marines estadounidenses van a desembarcar en La Guaira para resolver la crisis. Esa narrativa no solo es irrealista, sino que desv\u00eda la atenci\u00f3n de las herramientas reales que tenemos, como las sanciones econ\u00f3micas y pol\u00edticas dirigidas al c\u00edrculo cercano de Maduro. La comunidad internacional debe mantenerse unida y actuar con determinaci\u00f3n\u201d, piensa Poleo, por su parte.<\/p>\n\n\n\n<p>El reconocimiento de Gonz\u00e1lez como presidente electo por parte de Estados Unidos y otros pa\u00edses es un paso significativo, pero no suficiente, de acuerdo con Jos\u00e9 Antonio Colina, presidente de Venezolanos Perseguidos Pol\u00edticos en el Exilio (VEPPEX ).<\/p>\n\n\n\n<p><a href=\"https:\/\/www.vozdeamerica.com\/a\/como-hace-6-anios-maduro-se-expone-a-otro-aislamiento-ante-un-mundo-fatigado-de-la-crisis-venezolana-gonzalez-urrutia-\/7929720.html\"><\/a><\/p>\n\n\n\n<p><a href=\"https:\/\/www.vozdeamerica.com\/a\/como-hace-6-anios-maduro-se-expone-a-otro-aislamiento-ante-un-mundo-fatigado-de-la-crisis-venezolana-gonzalez-urrutia-\/7929720.html\">Tambi\u00e9n lea<\/a><\/p>\n\n\n\n<h4 class=\"wp-block-heading\"><a href=\"https:\/\/www.vozdeamerica.com\/a\/como-hace-6-anios-maduro-se-expone-a-otro-aislamiento-ante-un-mundo-fatigado-de-la-crisis-venezolana-gonzalez-urrutia-\/7929720.html\">Como hace 6 a\u00f1os, Maduro se expone a otro aislamiento ante un mundo \u201cfatigado\u201d de la crisis en Venezuela<\/a><\/h4>\n\n\n\n<p>\u00abMientras Maduro se mantenga en el poder, debemos buscar todos los mecanismos posibles para sacarlo. No podemos depender solo de sanciones, necesitamos una estrategia internacional que combine presi\u00f3n econ\u00f3mica con un apoyo claro al pueblo venezolano\u201d, defiende, admitiendo que no se ha presentado ning\u00fan plan al respecto, m\u00e1s all\u00e1 de las presiones a trav\u00e9s de sanciones.<\/p>\n\n\n\n<h3 class=\"wp-block-heading\">El rol del exilio oxigena la causa venezolana<\/h3>\n\n\n\n<p>Para los venezolanos en el exterior, especialmente en ciudades como Doral, salir a las calles y organizar manifestaciones no es solo un acto de solidaridad, sino una estrategia crucial para mantener el tema en la agenda internacional. Despu\u00e9s de m\u00e1s de dos d\u00e9cadas de crisis, el temor m\u00e1s grande es que la situaci\u00f3n en Venezuela caiga en el olvido, como ha sucedido en el pasado en otros pa\u00edses, como Cuba.<\/p>\n\n\n\n<p>\u00abSalir a la calle es una manera de decir: estamos presentes y no vamos a dejar de luchar,\u00bb afirma Poleo. \u00abEs un recordatorio para los gobiernos locales e internacionales de que seguimos enfrentando a un r\u00e9gimen dictatorial, asesino y narcotraficante. No podemos permitir que se olviden de nuestra lucha\u201d, sostiene.<\/p>\n\n\n\n<p><a href=\"https:\/\/www.vozdeamerica.com\/a\/denuncian-desaparicion-de-reconocido-periodista-defensor-de-ddhh-en-venezuela\/7928165.html\"><\/a><\/p>\n\n\n\n<p><a href=\"https:\/\/www.vozdeamerica.com\/a\/denuncian-desaparicion-de-reconocido-periodista-defensor-de-ddhh-en-venezuela\/7928165.html\">Tambi\u00e9n lea<\/a><\/p>\n\n\n\n<h4 class=\"wp-block-heading\"><a href=\"https:\/\/www.vozdeamerica.com\/a\/denuncian-desaparicion-de-reconocido-periodista-defensor-de-ddhh-en-venezuela\/7928165.html\">Denuncian desaparici\u00f3n de reconocido periodista defensor de DDHH en Venezuela<\/a><\/h4>\n\n\n\n<p>Desde un punto de vista personal y emocional, estas marchas tambi\u00e9n representan un v\u00ednculo con una \u201cpatria perdida\u201d. \u00abNinguno de nosotros se fue de Venezuela por gusto. Todos nos vimos forzados a abandonar nuestro hogar, y estas manifestaciones nos permiten mantener viva la conexi\u00f3n con nuestro pa\u00eds mientras luchamos por recuperarlo,\u00bb recalca Poleo.<\/p>\n\n\n\n<p>\u00abNo podemos darnos el lujo de rendirnos,\u00bb dice Colina. \u00abSi dejamos de luchar, esta crisis se perpetuar\u00e1 como ha sucedido en otros pa\u00edses. Es ahora o nunca\u201d, concluye.<\/p>\n","protected":false},"excerpt":{"rendered":"<p>ARCHIVO &#8211; Franklin Virg\u00fcez, en el centro, lidera un c\u00e1ntico mientras \u00e9l y otros venezolanos observan las noticias televisadas de su pa\u00eds en el restaurante venezolano El Arepazo Doral. enero 09, 2025 &nbsp;Vea comentarios La comunidad venezolana en Doral, Florida, vive con incertidumbre lo que pueda ocurrir este viernes 10 de enero, fecha prevista para [&hellip;]<\/p>\n","protected":false},"author":28,"featured_media":588049,"comment_status":"closed","ping_status":"closed","sticky":true,"template":"","format":"standard","meta":{"footnotes":""},"categories":[23],"tags":[],"class_list":["post-588048","post","type-post","status-publish","format-standard","has-post-thumbnail","hentry","category-internacional"],"_links":{"self":[{"href":"https:\/\/diariodominicano.com\/index.php?rest_route=\/wp\/v2\/posts\/588048","targetHints":{"allow":["GET"]}}],"collection":[{"href":"https:\/\/diariodominicano.com\/index.php?rest_route=\/wp\/v2\/posts"}],"about":[{"href":"https:\/\/diariodominicano.com\/index.php?rest_route=\/wp\/v2\/types\/post"}],"author":[{"embeddable":true,"href":"https:\/\/diariodominicano.com\/index.php?rest_route=\/wp\/v2\/users\/28"}],"replies":[{"embeddable":true,"href":"https:\/\/diariodominicano.com\/index.php?rest_route=%2Fwp%2Fv2%2Fcomments&post=588048"}],"version-history":[{"count":1,"href":"https:\/\/diariodominicano.com\/index.php?rest_route=\/wp\/v2\/posts\/588048\/revisions"}],"predecessor-version":[{"id":588050,"href":"https:\/\/diariodominicano.com\/index.php?rest_route=\/wp\/v2\/posts\/588048\/revisions\/588050"}],"wp:featuredmedia":[{"embeddable":true,"href":"https:\/\/diariodominicano.com\/index.php?rest_route=\/wp\/v2\/media\/588049"}],"wp:attachment":[{"href":"https:\/\/diariodominicano.com\/index.php?rest_route=%2Fwp%2Fv2%2Fmedia&parent=588048"}],"wp:term":[{"taxonomy":"category","embeddable":true,"href":"https:\/\/diariodominicano.com\/index.php?rest_route=%2Fwp%2Fv2%2Fcategories&post=588048"},{"taxonomy":"post_tag","embeddable":true,"href":"https:\/\/diariodominicano.com\/index.php?rest_route=%2Fwp%2Fv2%2Ftags&post=588048"}],"curies":[{"name":"wp","href":"https:\/\/api.w.org\/{rel}","templated":true}]}}