{"id":588044,"date":"2025-01-09T17:18:34","date_gmt":"2025-01-09T21:18:34","guid":{"rendered":"https:\/\/diariodominicano.com\/?p=588044"},"modified":"2025-01-09T17:18:43","modified_gmt":"2025-01-09T21:18:43","slug":"estados-unidos-llora-la-perdida-del-expresidente-jimmy-carter","status":"publish","type":"post","link":"https:\/\/diariodominicano.com\/?p=588044","title":{"rendered":"Estados Unidos llora la p\u00e9rdida del expresidente Jimmy Carter"},"content":{"rendered":"\n<p>El presidente de Estados Unidos, Joe Biden, pronuncia el paneg\u00edrico en el funeral de Estado del expresidente estadounidense Jimmy Carter en la Catedral Nacional de Washington, en Washington, DC, el 9 de enero de 2025. (Foto de Mandel NGAN \/ <\/p>\n\n\n\n<p>enero 09, 2025<\/p>\n\n\n\n<ul class=\"wp-block-list\">\n<li><a href=\"https:\/\/www.vozdeamerica.com\/author\/ken-bredemeier\/tik__\">Ken Bredemeier<\/a><\/li>\n\n\n\n<li><a href=\"https:\/\/www.vozdeamerica.com\/author\/anita-powell\/yjuyt\">Anita Powell<\/a><\/li>\n<\/ul>\n\n\n\n<figure class=\"wp-block-image\"><img decoding=\"async\" src=\"https:\/\/gdb.voanews.com\/f53bfee2-f0bf-463c-97dd-1e23c99085e3_w650_r1_s.jpg\" alt=\"El presidente de Estados Unidos, Joe Biden, pronuncia el paneg\u00edrico en el funeral de Estado del expresidente estadounidense Jimmy Carter en la Catedral Nacional de Washington, en Washington, DC, el 9 de enero de 2025. (Foto de Mandel NGAN \/ AFP)\"\/><figcaption class=\"wp-element-caption\">El presidente de Estados Unidos, Joe Biden, pronuncia el paneg\u00edrico en el funeral de Estado del expresidente estadounidense Jimmy Carter en la Catedral Nacional de Washington, en Washington, DC, el 9 de enero de 2025. (Foto de Mandel NGAN \/ AFP)<\/figcaption><\/figure>\n\n\n\n<ul class=\"wp-block-list\">\n<li><a href=\"https:\/\/facebook.com\/sharer.php?u=https%3a%2f%2fwww.vozdeamerica.com%2fa%2festados-unidos-llora-la-p%25c3%25a9rdida-del-expresidente-jimmy-carter%2f7931088.html\" target=\"_blank\" rel=\"noreferrer noopener\"><\/a><\/li>\n\n\n\n<li><a href=\"https:\/\/twitter.com\/share?url=https%3a%2f%2fwww.vozdeamerica.com%2fa%2festados-unidos-llora-la-p%25c3%25a9rdida-del-expresidente-jimmy-carter%2f7931088.html&amp;text=Estados+Unidos+llora+la+p%c3%a9rdida+del+expresidente+Jimmy+Carter\" target=\"_blank\" rel=\"noreferrer noopener\"><\/a><\/li>\n\n\n\n<li><\/li>\n\n\n\n<li><a href=\"mailto:?body=https%3a%2f%2fwww.vozdeamerica.com%2fa%2festados-unidos-llora-la-p%25c3%25a9rdida-del-expresidente-jimmy-carter%2f7931088.html&amp;subject=Estados%20Unidos%20llora%20la%20p%C3%A9rdida%20del%20expresidente%20Jimmy%20Carter\"><\/a><\/li>\n<\/ul>\n\n\n\n<p><a href=\"https:\/\/www.vozdeamerica.com\/a\/estados-unidos-llora-la-p%C3%A9rdida-del-expresidente-jimmy-carter\/7931088.html#comments\">&nbsp;Vea comentarios<\/a><\/p>\n\n\n\n<p>El jueves es un d\u00eda nacional de luto en Estados Unidos por el fallecimiento del expresidente estadounidense Jimmy Carter. Los expresidentes y el actual mandatario Joe Biden participan en el funeral de Estado.<\/p>\n\n\n\n<p>Washington \u2014&nbsp;<\/p>\n\n\n\n<p>El jueves es un d\u00eda nacional de luto en Estados Unidos por el fallecimiento del expresidente estadounidense Jimmy Carter, con el gobierno cerrado y los principales funcionarios reunidos en la majestuosa Catedral Nacional de Washington para un funeral de Estado por el 39\u00ba presidente del pa\u00eds.<\/p>\n\n\n\n<p>Carter, quien muri\u00f3 la semana pasada a los 100 a\u00f1os como el expresidente de mayor edad de la historia, a menudo desde\u00f1aba las formalidades pol\u00edticas de la gobernanza de Washington, pero sus cinco sucesores presidenciales vivos \u2014Bill Clinton, George W. Bush, Barack Obama, Donald Trump y Joe Biden\u2014 asistir\u00e1n al funeral, y Biden pronunciar\u00e1 un paneg\u00edrico.<\/p>\n\n\n\n<p>Los dolientes del p\u00fablico han presentado sus \u00faltimos respetos mientras Carter, en un ata\u00fad cubierto con la bandera, yace en el Capitolio de Estados Unidos desde el martes.<\/p>\n\n\n\n<p><a href=\"https:\/\/www.vozdeamerica.com\/a\/el-expresidente-jimmy-carter-sera-homenajeado-en-un-funeral-en-washington\/7930675.html\"><\/a><\/p>\n\n\n\n<p><a href=\"https:\/\/www.vozdeamerica.com\/a\/el-expresidente-jimmy-carter-sera-homenajeado-en-un-funeral-en-washington\/7930675.html\">Tambi\u00e9n lea<\/a><\/p>\n\n\n\n<h4 class=\"wp-block-heading\"><a href=\"https:\/\/www.vozdeamerica.com\/a\/el-expresidente-jimmy-carter-sera-homenajeado-en-un-funeral-en-washington\/7930675.html\">El expresidente Jimmy Carter ser\u00e1 homenajeado en un funeral en Washington<\/a><\/h4>\n\n\n\n<p>Despu\u00e9s del funeral, Carter volar\u00e1 de regreso a su estado natal del sur de Georgia, donde ser\u00e1 enterrado en una parcela familiar junto a Rosalynn Carter, su esposa de 77 a\u00f1os, quien muri\u00f3 a fines de 2023.<\/p>\n\n\n\n<p>Los tributos a Carter han durado una semana, y muchos han destacado c\u00f3mo ascendi\u00f3 al poder desde sus humildes comienzos como agricultor de man\u00ed hasta presidir como presidente de 1977 a 1981 durante una \u00e9poca tumultuosa en la que Estados Unidos buscaba recuperarse del esc\u00e1ndalo pol\u00edtico de Watergate y su derrota militar en la guerra de Vietnam.<\/p>\n\n\n\n<p>Carter, un dem\u00f3crata, negoci\u00f3 los Acuerdos de Camp David, un tratado de paz entre Egipto e Israel, perdi\u00f3 su reelecci\u00f3n en 1980 ante el republicano Ronald Reagan en una derrota aplastante, pero luego emergi\u00f3 en una vida postpresidencial como un c\u00e9lebre humanitario. Fue galardonado con el Premio Nobel de la Paz en 2002 por sus largos esfuerzos para negociar acuerdos pac\u00edficos a los conflictos mundiales.<\/p>\n\n\n\n<p>Al declarar el d\u00eda nacional de duelo, Biden llam\u00f3 a Carter \u00abun hombre de car\u00e1cter, coraje y compasi\u00f3n\u00bb.<\/p>\n\n\n\n<p>Adem\u00e1s de Biden, Jason Carter, nieto del expresidente, y Stuart Eizenstat, un viejo amigo y asesor interno de Carter en la Casa Blanca, pronunciar\u00e1n paneg\u00edricos. El expresidente derrot\u00f3 al presidente republicano Gerald Ford en las elecciones de 1976, pero se hicieron amigos r\u00e1pidamente.<\/p>\n\n\n\n<figure class=\"wp-block-image\"><a href=\"https:\/\/www.vozdeamerica.com\/a\/en-fotos-funeral-de-estado-del-expresidente-jimmy-carter-en-la-catedral-nacional\/7931041.html\"><img decoding=\"async\" src=\"https:\/\/gdb.voanews.com\/62799d8f-475a-4920-a159-806edb0b758c_w650_r1_s.jpg\" alt=\"EN FOTOS | Funeral de Estado del expresidente Jimmy Carter en la Catedral Nacional\"\/><\/a><figcaption class=\"wp-element-caption\">Galer\u00eda de fotosEN FOTOS | Funeral de Estado del expresidente Jimmy Carter en la Catedral Nacional<\/figcaption><\/figure>\n\n\n\n<p>Un paneg\u00edrico de Ford y otro del vicepresidente de Carter, Walter Mondale, escritos antes de sus propias muertes, ser\u00e1n le\u00eddos por sus hijos, Steven Ford y Ted Mondale. Andrew Young, el l\u00edder de los derechos civiles que fue embajador de Carter ante las Naciones Unidas, pronunciar\u00e1 una homil\u00eda. Los artistas pop Garth Brooks y Trisha Yearwood cantar\u00e1n Imagine de John Lennon.<\/p>\n\n\n\n<p>Los dolientes p\u00fablicos rindieron homenaje a Carter despu\u00e9s de ver su ata\u00fad en el Capitolio. David Smith, profesor de la Escuela Carter para la Paz y la Resoluci\u00f3n de Conflictos de la Universidad George Mason, dijo que el expresidente obviamente impact\u00f3 su carrera. Le dijo a la VOA que vino al Capitolio para honrar al hombre, pero tambi\u00e9n para honrar las causas de Carter.<\/p>\n\n\n\n<p>\u201cTuvo un gran impacto en tanta gente\u201d, dijo. \u201cSu trabajo en el avance de las minor\u00edas, los nombramientos de mujeres en el poder judicial, la protecci\u00f3n de nuestro medio ambiente, la defensa de los derechos humanos, todas esas cosas son cosas muy importantes para m\u00ed\u201d.<\/p>\n\n\n\n<p>En la rotonda del Capitolio, donde solo unos 50 estadounidenses han sido reconocidos con el honor de yacer en el estado desde 1852, el l\u00edder de la mayor\u00eda del Senado, John Thune, en un servicio el martes por la noche, describi\u00f3 a Carter como: \u201cVeterano de la Marina, agricultor de man\u00ed, gobernador de Georgia. Y presidente de los Estados Unidos. Maestro de escuela dominical. Ganador del Premio Nobel. Defensor de la paz y los derechos humanos. Y, ante todo, un fiel servidor de su creador y de su pr\u00f3jimo\u00bb.<\/p>\n\n\n\n<p>La vicepresidenta Kamala Harris, que el lunes certific\u00f3 en el Capitolio la victoria de Trump sobre ella en las elecciones de noviembre, elogi\u00f3 las pol\u00edticas de Carter.<\/p>\n\n\n\n<p>\u00abFue el primer presidente de los Estados Unidos en tener una pol\u00edtica energ\u00e9tica integral, que incluy\u00f3 el primer apoyo federal a la energ\u00eda limpia\u00bb, dijo el martes. \u00abTambi\u00e9n aprob\u00f3 m\u00e1s de una docena de importantes leyes relacionadas con la protecci\u00f3n del medio ambiente y duplic\u00f3 con creces el tama\u00f1o de los parques nacionales de Estados Unidos\u00bb.<\/p>\n\n\n\n<p>Carter muri\u00f3 el 29 de diciembre despu\u00e9s de casi dos a\u00f1os en cuidados paliativos en su casa de Plains, Georgia. Desde entonces, su \u00faltimo viaje ha llevado sus restos por las estrechas carreteras de su humilde ciudad natal, por los bulevares de Atlanta, la capital del estado, y por los cielos hasta la nevada Washington, para el funeral de estado.<\/p>\n\n\n\n<p>En el Capitolio de Estados Unidos, los legisladores dijeron a la VOA lo que Carter significaba para ellos.<\/p>\n\n\n\n<p>La congresista Alma Adams, dem\u00f3crata de Carolina del Norte, dijo que Carter era \u201cuna persona verdaderamente moral\u201d. \u201c\u00c9l ense\u00f1aba en la escuela dominical, \u00a1yo tambi\u00e9n!\u201d, dijo sonriendo. \u201cPero creo que (es) el hecho de que se preocupaba por todas las personas. Era un presidente del pueblo\u201d.<\/p>\n\n\n\n<p>El representante republicano de Carolina del Sur Ralph Norman dijo a la VOA que si bien no se alineaba con Carter pol\u00edticamente, \u201cel presidente Carter era un buen hombre. El presidente Carter era un hombre que serv\u00eda a su pa\u00eds. Amaba a Estados Unidos. No estaba de acuerdo con todas sus pol\u00edticas, pero no se pod\u00eda (dis)estar de acuerdo con su patriotismo, no se pod\u00eda estar en desacuerdo. Simplemente amaba a su pa\u00eds\u201d.<\/p>\n\n\n\n<p>A fines de diciembre, despu\u00e9s de recibir la noticia de la muerte de Carter, Biden dijo: \u201cEs posible que nunca volvamos a ver a alguien como \u00e9l. Saben que todos podemos hacer bien en tratar de ser un poco m\u00e1s como Jimmy Carter\u201d.<\/p>\n\n\n\n<p><em>[Paris Huang, Mykhailo Komadovsky y Kim Lewis contribuyeron a este informe]<\/em><\/p>\n","protected":false},"excerpt":{"rendered":"<p>El presidente de Estados Unidos, Joe Biden, pronuncia el paneg\u00edrico en el funeral de Estado del expresidente estadounidense Jimmy Carter en la Catedral Nacional de Washington, en Washington, DC, el 9 de enero de 2025. (Foto de Mandel NGAN \/ enero 09, 2025 &nbsp;Vea comentarios El jueves es un d\u00eda nacional de luto en Estados [&hellip;]<\/p>\n","protected":false},"author":28,"featured_media":588045,"comment_status":"closed","ping_status":"closed","sticky":true,"template":"","format":"standard","meta":{"footnotes":""},"categories":[23,27],"tags":[],"class_list":["post-588044","post","type-post","status-publish","format-standard","has-post-thumbnail","hentry","category-internacional","category-portada"],"_links":{"self":[{"href":"https:\/\/diariodominicano.com\/index.php?rest_route=\/wp\/v2\/posts\/588044","targetHints":{"allow":["GET"]}}],"collection":[{"href":"https:\/\/diariodominicano.com\/index.php?rest_route=\/wp\/v2\/posts"}],"about":[{"href":"https:\/\/diariodominicano.com\/index.php?rest_route=\/wp\/v2\/types\/post"}],"author":[{"embeddable":true,"href":"https:\/\/diariodominicano.com\/index.php?rest_route=\/wp\/v2\/users\/28"}],"replies":[{"embeddable":true,"href":"https:\/\/diariodominicano.com\/index.php?rest_route=%2Fwp%2Fv2%2Fcomments&post=588044"}],"version-history":[{"count":2,"href":"https:\/\/diariodominicano.com\/index.php?rest_route=\/wp\/v2\/posts\/588044\/revisions"}],"predecessor-version":[{"id":588047,"href":"https:\/\/diariodominicano.com\/index.php?rest_route=\/wp\/v2\/posts\/588044\/revisions\/588047"}],"wp:featuredmedia":[{"embeddable":true,"href":"https:\/\/diariodominicano.com\/index.php?rest_route=\/wp\/v2\/media\/588045"}],"wp:attachment":[{"href":"https:\/\/diariodominicano.com\/index.php?rest_route=%2Fwp%2Fv2%2Fmedia&parent=588044"}],"wp:term":[{"taxonomy":"category","embeddable":true,"href":"https:\/\/diariodominicano.com\/index.php?rest_route=%2Fwp%2Fv2%2Fcategories&post=588044"},{"taxonomy":"post_tag","embeddable":true,"href":"https:\/\/diariodominicano.com\/index.php?rest_route=%2Fwp%2Fv2%2Ftags&post=588044"}],"curies":[{"name":"wp","href":"https:\/\/api.w.org\/{rel}","templated":true}]}}