{"id":588039,"date":"2025-01-09T17:11:20","date_gmt":"2025-01-09T21:11:20","guid":{"rendered":"https:\/\/diariodominicano.com\/?p=588039"},"modified":"2025-01-09T17:11:24","modified_gmt":"2025-01-09T21:11:24","slug":"por-tierra-aire-o-mar-cuales-son-las-vias-del-opositor-edmundo-gonzalez-para-volver-a-venezuela","status":"publish","type":"post","link":"https:\/\/diariodominicano.com\/?p=588039","title":{"rendered":"Por tierra, aire o mar: \u00bfCu\u00e1les son las v\u00edas del opositor Edmundo Gonz\u00e1lez para volver a Venezuela?"},"content":{"rendered":"\n<p>Un p\u00f3ster de \u00abSe busca\u00bb contra el l\u00edder opositor Edmundo Gonz\u00e1lez Urrutia puede verse cerca de una fila de polic\u00edas en Caracas, el 8 de enero de 2025.<\/p>\n\n\n\n<p>enero 09, 2025<\/p>\n\n\n\n<ul class=\"wp-block-list\">\n<li><a href=\"https:\/\/www.vozdeamerica.com\/author\/associated-press\/v_kyr\">Associated Press<\/a><\/li>\n<\/ul>\n\n\n\n<ul class=\"wp-block-list\">\n<li><a href=\"https:\/\/facebook.com\/sharer.php?u=https%3a%2f%2fwww.vozdeamerica.com%2fa%2f7930676.html\" target=\"_blank\" rel=\"noreferrer noopener\"><\/a><\/li>\n\n\n\n<li><a href=\"https:\/\/twitter.com\/share?url=https%3a%2f%2fwww.vozdeamerica.com%2fa%2f7930676.html&amp;text=Por+tierra%2c+aire+o+mar%3a+%c2%bfCu%c3%a1les+son+las+v%c3%adas+del+opositor+Edmundo+Gonz%c3%a1lez+para+volver+a+Venezuela%3f\" target=\"_blank\" rel=\"noreferrer noopener\"><\/a><\/li>\n\n\n\n<li><\/li>\n\n\n\n<li><a href=\"mailto:?body=https%3a%2f%2fwww.vozdeamerica.com%2fa%2f7930676.html&amp;subject=Por%20tierra,%20aire%20o%20mar:%20%C2%BFCu%C3%A1les%20son%20las%20v%C3%ADas%20del%20opositor%20Edmundo%20Gonz%C3%A1lez%20para%20volver%20a%20Venezuela?\"><\/a><\/li>\n<\/ul>\n\n\n\n<p><a href=\"https:\/\/www.vozdeamerica.com\/a\/7930676.html#comments\">&nbsp;Vea comentarios<\/a><\/p>\n\n\n\n<p>Los aeropuertos de Venezuela, especialmente el de Maiquet\u00eda, tienen f\u00e9rreos controles de entrada y salida de pasajeros, en momentos en que el l\u00edder opositor Edmundo Gonz\u00e1lez promete regresar a su pa\u00eds para jurar como presidente.<\/p>\n\n\n\n<p>CIUDAD DE M\u00c9XICO \u2014&nbsp;<\/p>\n\n\n\n<p>A horas de que empiece la ceremonia de toma de posesi\u00f3n en Venezuela, en la que se comprometi\u00f3 estar el l\u00edder opositor Edmundo Gonz\u00e1lez, muchas son las inc\u00f3gnitas sobre su posible llegada al pa\u00eds sudamericano.<\/p>\n\n\n\n<p>El exdiplom\u00e1tico, que ha sido reconocido como presidente electo de Venezuela por varios gobiernos tras mostrar pruebas cre\u00edbles de su victoria electoral ante Nicol\u00e1s Maduro, no ha ofrecido detalles de c\u00f3mo pretende acceder Caracas, lo que ha acrecentado las expectativas sobre si cumplir\u00e1 o no el compromiso que asumi\u00f3 poco despu\u00e9s de abandonar el pa\u00eds en septiembre para exiliarse en Espa\u00f1a.<\/p>\n\n\n\n<p>Maduro fue declarado ganador en julio pasado por el Consejo Nacional Electoral (CNE), un organismo colegiado de mayor\u00eda oficialista que afirm\u00f3 sin presentar evidencias que el mandatario obtuvo 6,4 millones de votos frente a los 5,3 millones que recibi\u00f3 Gonz\u00e1lez.<\/p>\n\n\n\n<p><a href=\"https:\/\/www.vozdeamerica.com\/a\/edmundo-gonzalez-visita-panama-a-dos-dias-de-la-jura-presidencial-en-venezuela-\/7929500.html\"><\/a><\/p>\n\n\n\n<p><a href=\"https:\/\/www.vozdeamerica.com\/a\/edmundo-gonzalez-visita-panama-a-dos-dias-de-la-jura-presidencial-en-venezuela-\/7929500.html\">Tambi\u00e9n lea<\/a><\/p>\n\n\n\n<h4 class=\"wp-block-heading\"><a href=\"https:\/\/www.vozdeamerica.com\/a\/edmundo-gonzalez-visita-panama-a-dos-dias-de-la-jura-presidencial-en-venezuela-\/7929500.html\">Edmundo Gonz\u00e1lez se re\u00fane con el presidente paname\u00f1o y la di\u00e1spora venezolana, Panam\u00e1 custodiar\u00e1 las actas<\/a><\/h4>\n\n\n\n<p>La oposici\u00f3n recopil\u00f3 y exhibi\u00f3 un 83,5% de las actas de votaci\u00f3n como prueba de la victoria de Gonz\u00e1lez por 2 a 1 frente a Maduro, que fueron avaladas internacionalmente por observadores electorales como el Centro Carter o las Naciones Unidas.<\/p>\n\n\n\n<p>Se desconoce si intentar\u00e1 y podr\u00e1 entrar al pa\u00eds en avi\u00f3n, por v\u00eda terrestre o por otra modalidad, cuando las rutas para acceder a la capital venezolana son variadas, pero cuentan con fuerte control del gobierno de Maduro.<\/p>\n\n\n\n<h3 class=\"wp-block-heading\">Accesos por aire<\/h3>\n\n\n\n<p>Tras la crisis pol\u00edtica que se desat\u00f3 luego de las cuestionadas elecciones presidenciales del 28 de julio, los accesos a Venezuela a trav\u00e9s de vuelos comerciales se restringieron de manera abrupta con la decisi\u00f3n del gobierno de Maduro de suspender -en rechazo a los cuestionamientos a su reelecci\u00f3n- los vuelos hacia cuatro de los principales destinos en la regi\u00f3n como Panam\u00e1, Rep\u00fablica Dominicana, Per\u00fa y Chile.<\/p>\n\n\n\n<p>S\u00f3lo dej\u00f3 abiertas las conexiones a\u00e9reas con Bogot\u00e1 y algunos pa\u00edses de Europa.<\/p>\n\n\n\n<p>A estas restricciones, se suman los f\u00e9rreos controles de entrada y salida de pasajeros que mantienen las autoridades policiales en m\u00e1s de una decena de terminales a\u00e9reas y en particular el aeropuerto internacional Sim\u00f3n Bol\u00edvar de la localidad costera de Maiquet\u00eda, que es la principal puerta de entrada al pa\u00eds y la capital venezolana. All\u00ed, se difunden mensajes con la orden de captura contra Gonz\u00e1lez en las pantallas de informaci\u00f3n de vuelos.<\/p>\n\n\n\n<p><a href=\"https:\/\/www.vozdeamerica.com\/a\/como-hace-6-anios-maduro-se-expone-a-otro-aislamiento-ante-un-mundo-fatigado-de-la-crisis-venezolana-gonzalez-urrutia-\/7929720.html\"><\/a><\/p>\n\n\n\n<p><a href=\"https:\/\/www.vozdeamerica.com\/a\/como-hace-6-anios-maduro-se-expone-a-otro-aislamiento-ante-un-mundo-fatigado-de-la-crisis-venezolana-gonzalez-urrutia-\/7929720.html\">Tambi\u00e9n lea<\/a><\/p>\n\n\n\n<h4 class=\"wp-block-heading\"><a href=\"https:\/\/www.vozdeamerica.com\/a\/como-hace-6-anios-maduro-se-expone-a-otro-aislamiento-ante-un-mundo-fatigado-de-la-crisis-venezolana-gonzalez-urrutia-\/7929720.html\">Como hace 6 a\u00f1os, Maduro se expone a otro aislamiento ante un mundo \u201cfatigado\u201d de la crisis en Venezuela<\/a><\/h4>\n\n\n\n<p>Aparte de los aeropuertos controlados por las Fuerzas Armadas, en las afueras de Caracas operan tres peque\u00f1os aeropuertos privados que tambi\u00e9n est\u00e1n bajo custodia militar.<\/p>\n\n\n\n<h3 class=\"wp-block-heading\">Accesos por tierra<\/h3>\n\n\n\n<p>Aunque Venezuela comparte por el oeste, este y sur de su territorio una extensa frontera de varios miles de kil\u00f3metros con Colombia, Guyana y Brasil, las posibilidades de acceso por esas regiones son muy limitadas.<\/p>\n\n\n\n<p>Las rutas est\u00e1n rodeadas de selvas, caudalosos r\u00edos e intrincadas monta\u00f1as y los pocos pasos internacionales est\u00e1n fuertemente custodiados por las fuerzas militares, en particular los cuatro que comunican la frontera colombo-venezolana (San Antonio del T\u00e1chira, Ure\u00f1a, Boca de Grita y Paraguach\u00f3n) y el ubicado en el poblado sure\u00f1o de Santa Elena de Uair\u00e9n. Este \u00faltimo comunica Venezuela con Brasil y est\u00e1 a m\u00e1s de 1.000 kil\u00f3metros de distancia de Caracas.<\/p>\n\n\n\n<p>En esas regiones, han proliferado las rutas irregulares conocidas como \u00abtrochas\u00bb que suelen ser controladas por bandas de narcotraficantes y delincuentes comunes, lo que eleva considerablemente los riesgos para quienes recurren a esas v\u00edas.<\/p>\n\n\n\n<p><a href=\"https:\/\/www.vozdeamerica.com\/a\/denuncian-ola-de-desapariciones-forzadas-a-horas-de-la-jura-presidencial-en-venezuela\/7929357.html\"><\/a><\/p>\n\n\n\n<p><a href=\"https:\/\/www.vozdeamerica.com\/a\/denuncian-ola-de-desapariciones-forzadas-a-horas-de-la-jura-presidencial-en-venezuela\/7929357.html\">Tambi\u00e9n lea<\/a><\/p>\n\n\n\n<h4 class=\"wp-block-heading\"><a href=\"https:\/\/www.vozdeamerica.com\/a\/denuncian-ola-de-desapariciones-forzadas-a-horas-de-la-jura-presidencial-en-venezuela\/7929357.html\">Denuncian \u00abola\u00bb de desapariciones forzadas a horas de la jura presidencial en Venezuela<\/a><\/h4>\n\n\n\n<p>As\u00ed lo enfrent\u00f3 el exdirigente opositor Juan Guaid\u00f3 cuando en febrero de 2019 sali\u00f3 de Venezuela por una trocha del estado occidental del T\u00e1chira para asistir a un concierto en apoyo a la oposici\u00f3n venezolana que se realiz\u00f3 en la ciudad colombiana de C\u00facuta y se encontr\u00f3 con miembros de una banda delictiva que operaba en la frontera.<\/p>\n\n\n\n<h3 class=\"wp-block-heading\">Accesos por mar<\/h3>\n\n\n\n<p>Una situaci\u00f3n similar concurre en la regi\u00f3n costera de Venezuela, de unos 2.800 kil\u00f3metros, donde los principales puertos est\u00e1n bajo control de las fuerzas militares y policiales y la Armada mantiene una vigilancia constante en las costas.<\/p>\n\n\n\n<p>Pese a ello, son frecuentes las denuncias sobre los ataques de piratas y narcotraficantes a los pesqueros y embarcaciones privadas que navegan por las aguas venezolanas.<\/p>\n\n\n\n<p>Venezuela tiene una ubicaci\u00f3n estrat\u00e9gica en el Caribe y comparte fronteras mar\u00edtimas con numerosas islas de esa regi\u00f3n como Curazao, Aruba y Trinidad y Tobago, que se encuentran a menos de cien kil\u00f3metros de las costas venezolanas, y otras que est\u00e1n m\u00e1s distantes como Rep\u00fablica Dominicana y Puerto Rico.<\/p>\n","protected":false},"excerpt":{"rendered":"<p>Un p\u00f3ster de \u00abSe busca\u00bb contra el l\u00edder opositor Edmundo Gonz\u00e1lez Urrutia puede verse cerca de una fila de polic\u00edas en Caracas, el 8 de enero de 2025. enero 09, 2025 &nbsp;Vea comentarios Los aeropuertos de Venezuela, especialmente el de Maiquet\u00eda, tienen f\u00e9rreos controles de entrada y salida de pasajeros, en momentos en que el [&hellip;]<\/p>\n","protected":false},"author":28,"featured_media":588040,"comment_status":"closed","ping_status":"closed","sticky":true,"template":"","format":"standard","meta":{"footnotes":""},"categories":[23],"tags":[],"class_list":["post-588039","post","type-post","status-publish","format-standard","has-post-thumbnail","hentry","category-internacional"],"_links":{"self":[{"href":"https:\/\/diariodominicano.com\/index.php?rest_route=\/wp\/v2\/posts\/588039","targetHints":{"allow":["GET"]}}],"collection":[{"href":"https:\/\/diariodominicano.com\/index.php?rest_route=\/wp\/v2\/posts"}],"about":[{"href":"https:\/\/diariodominicano.com\/index.php?rest_route=\/wp\/v2\/types\/post"}],"author":[{"embeddable":true,"href":"https:\/\/diariodominicano.com\/index.php?rest_route=\/wp\/v2\/users\/28"}],"replies":[{"embeddable":true,"href":"https:\/\/diariodominicano.com\/index.php?rest_route=%2Fwp%2Fv2%2Fcomments&post=588039"}],"version-history":[{"count":1,"href":"https:\/\/diariodominicano.com\/index.php?rest_route=\/wp\/v2\/posts\/588039\/revisions"}],"predecessor-version":[{"id":588041,"href":"https:\/\/diariodominicano.com\/index.php?rest_route=\/wp\/v2\/posts\/588039\/revisions\/588041"}],"wp:featuredmedia":[{"embeddable":true,"href":"https:\/\/diariodominicano.com\/index.php?rest_route=\/wp\/v2\/media\/588040"}],"wp:attachment":[{"href":"https:\/\/diariodominicano.com\/index.php?rest_route=%2Fwp%2Fv2%2Fmedia&parent=588039"}],"wp:term":[{"taxonomy":"category","embeddable":true,"href":"https:\/\/diariodominicano.com\/index.php?rest_route=%2Fwp%2Fv2%2Fcategories&post=588039"},{"taxonomy":"post_tag","embeddable":true,"href":"https:\/\/diariodominicano.com\/index.php?rest_route=%2Fwp%2Fv2%2Ftags&post=588039"}],"curies":[{"name":"wp","href":"https:\/\/api.w.org\/{rel}","templated":true}]}}