{"id":588007,"date":"2025-01-09T11:48:01","date_gmt":"2025-01-09T15:48:01","guid":{"rendered":"https:\/\/diariodominicano.com\/?p=588007"},"modified":"2025-01-09T11:48:10","modified_gmt":"2025-01-09T15:48:10","slug":"putin-esta-abierto-a-contacto-con-trump-despues-del-20-de-enero-dice-el-kremlin","status":"publish","type":"post","link":"https:\/\/diariodominicano.com\/?p=588007","title":{"rendered":"Putin est\u00e1 abierto a contacto con Trump despu\u00e9s del 20 de enero, dice el Kremlin"},"content":{"rendered":"\n<p>diariodominicano.com<\/p>\n\n\n\n<p>MOSC\u00da, 9 ene (Xinhua) &#8212; El presidente de Rusia, Vladimir Putin, se sentir\u00eda complacido de contactar con Donald Trump si \u00e9ste mantiene su voluntad pol\u00edtica despu\u00e9s de su investidura como presidente de Estados Unidos el 20 de enero, se\u00f1al\u00f3 el Kremlin hoy jueves.<\/p>\n\n\n\n<p> . Por el momento, no hay solicitudes de contacto de la parte estadounidense, dijo el portavoz del Kremlin, Dmitry Peskov. Sin embargo, ser\u00eda razonable esperar hasta que Trump asuma el cargo, a\u00f1adi\u00f3.<\/p>\n\n\n\n<p> En una reciente conferencia de prensa en su residencia de Mar-a-Lago en Florida, el presidente electo Trump dijo que est\u00e1 consciente de que al l\u00edder ruso le gustar\u00eda que se reunieran, y agreg\u00f3 que ese encuentro solamente ser\u00eda apropiado despu\u00e9s de su investidura.<\/p>\n","protected":false},"excerpt":{"rendered":"<p>diariodominicano.com MOSC\u00da, 9 ene (Xinhua) &#8212; El presidente de Rusia, Vladimir Putin, se sentir\u00eda complacido de contactar con Donald Trump si \u00e9ste mantiene su voluntad pol\u00edtica despu\u00e9s de su investidura como presidente de Estados Unidos el 20 de enero, se\u00f1al\u00f3 el Kremlin hoy jueves. . Por el momento, no hay solicitudes de contacto de la [&hellip;]<\/p>\n","protected":false},"author":5,"featured_media":516282,"comment_status":"closed","ping_status":"closed","sticky":true,"template":"","format":"standard","meta":{"footnotes":""},"categories":[23,27],"tags":[],"class_list":["post-588007","post","type-post","status-publish","format-standard","has-post-thumbnail","hentry","category-internacional","category-portada"],"_links":{"self":[{"href":"https:\/\/diariodominicano.com\/index.php?rest_route=\/wp\/v2\/posts\/588007","targetHints":{"allow":["GET"]}}],"collection":[{"href":"https:\/\/diariodominicano.com\/index.php?rest_route=\/wp\/v2\/posts"}],"about":[{"href":"https:\/\/diariodominicano.com\/index.php?rest_route=\/wp\/v2\/types\/post"}],"author":[{"embeddable":true,"href":"https:\/\/diariodominicano.com\/index.php?rest_route=\/wp\/v2\/users\/5"}],"replies":[{"embeddable":true,"href":"https:\/\/diariodominicano.com\/index.php?rest_route=%2Fwp%2Fv2%2Fcomments&post=588007"}],"version-history":[{"count":1,"href":"https:\/\/diariodominicano.com\/index.php?rest_route=\/wp\/v2\/posts\/588007\/revisions"}],"predecessor-version":[{"id":588008,"href":"https:\/\/diariodominicano.com\/index.php?rest_route=\/wp\/v2\/posts\/588007\/revisions\/588008"}],"wp:featuredmedia":[{"embeddable":true,"href":"https:\/\/diariodominicano.com\/index.php?rest_route=\/wp\/v2\/media\/516282"}],"wp:attachment":[{"href":"https:\/\/diariodominicano.com\/index.php?rest_route=%2Fwp%2Fv2%2Fmedia&parent=588007"}],"wp:term":[{"taxonomy":"category","embeddable":true,"href":"https:\/\/diariodominicano.com\/index.php?rest_route=%2Fwp%2Fv2%2Fcategories&post=588007"},{"taxonomy":"post_tag","embeddable":true,"href":"https:\/\/diariodominicano.com\/index.php?rest_route=%2Fwp%2Fv2%2Ftags&post=588007"}],"curies":[{"name":"wp","href":"https:\/\/api.w.org\/{rel}","templated":true}]}}