{"id":587948,"date":"2025-01-09T03:19:53","date_gmt":"2025-01-09T07:19:53","guid":{"rendered":"https:\/\/diariodominicano.com\/?p=587948"},"modified":"2025-01-09T03:21:00","modified_gmt":"2025-01-09T07:21:00","slug":"cued-anuncia-medidas-para-garantizar-la-sostenibilidad-del-servicio-electrico-en-el-pais","status":"publish","type":"post","link":"https:\/\/diariodominicano.com\/?p=587948","title":{"rendered":"CUED anuncia medidas para garantizar la sostenibilidad del servicio el\u00e9ctrico en el pa\u00eds"},"content":{"rendered":"\n<p><strong>Santo Domingo.\u2013<\/strong> El Consejo Unificado de las Empresas Distribuidoras de Electricidad (CUED) reafirm\u00f3 su compromiso con la mejora del servicio el\u00e9ctrico en la Rep\u00fablica Dominicana, destacando avances significativos en la reducci\u00f3n de p\u00e9rdidas en Edesur, Edeeste y Edenorte, inversiones en redes y un mayor enfoque en la atenci\u00f3n a los clientes.<\/p>\n\n\n\n<p>En los \u00faltimos meses, la instituci\u00f3n ha ejecutado un ambicioso programa de cambio de transformadores, repotenciaci\u00f3n y mejoras en las redes, lo que ha permitido mayor estabilidad en el suministro. Asimismo, se ha intensificado la lucha contra el fraude el\u00e9ctrico, una de las principales causas de las p\u00e9rdidas del sistema.<\/p>\n\n\n\n<p>Sin embargo, el CUED advirti\u00f3 que para lograr una reducci\u00f3n sostenible de estas p\u00e9rdidas y garantizar la viabilidad de las empresas distribuidoras, se requieren medidas adicionales. \u201cNo podemos seguir con el mismo modelo sin que esto afecte el futuro del servicio el\u00e9ctrico para todos\u201d, enfatiz\u00f3 la entidad.<\/p>\n\n\n\n<p>Durante la pandemia y la posterior recuperaci\u00f3n econ\u00f3mica, el gobierno prioriz\u00f3 la estabilidad del suministro el\u00e9ctrico, incluso asumiendo impactos financieros en las EDE para garantizar el bienestar de la poblaci\u00f3n. No obstante, en la actualidad es necesario fortalecer la sostenibilidad de las distribuidoras, lo que implicar\u00e1 ajustes temporales en algunos circuitos con desempe\u00f1o deficiente.<\/p>\n\n\n\n<p>\u201cNo se trata de un retroceso, sino de un paso necesario para que m\u00e1s sectores puedan recibir un servicio de calidad y en condiciones \u00f3ptimas\u201d, indic\u00f3 el CUED.<\/p>\n\n\n\n<p>Llamado a la regularizaci\u00f3n del servicio y lucha contra el fraude<\/p>\n\n\n\n<p>La instituci\u00f3n reconoce que estos ajustes podr\u00edan generar inquietudes, pero reiter\u00f3 que el objetivo final es construir un sistema el\u00e9ctrico m\u00e1s eficiente y confiable para todos. En ese sentido, hizo un llamado a la ciudadan\u00eda a colaborar con la regularizaci\u00f3n del servicio y el combate al fraude el\u00e9ctrico.<\/p>\n\n\n\n<p>\u201cCon el compromiso de todos, podemos avanzar hacia un mejor servicio el\u00e9ctrico para el pa\u00eds\u201d, concluy\u00f3 el CUED.<\/p>\n\n\n\n<p>Grupo EDEESTE<\/p>\n","protected":false},"excerpt":{"rendered":"<p>Santo Domingo.\u2013 El Consejo Unificado de las Empresas Distribuidoras de Electricidad (CUED) reafirm\u00f3 su compromiso con la mejora del servicio el\u00e9ctrico en la Rep\u00fablica Dominicana, destacando avances significativos en la reducci\u00f3n de p\u00e9rdidas en Edesur, Edeeste y Edenorte, inversiones en redes y un mayor enfoque en la atenci\u00f3n a los clientes. En los \u00faltimos meses, [&hellip;]<\/p>\n","protected":false},"author":7,"featured_media":587955,"comment_status":"closed","ping_status":"closed","sticky":false,"template":"","format":"standard","meta":{"footnotes":""},"categories":[36],"tags":[1382,751,1383],"class_list":["post-587948","post","type-post","status-publish","format-standard","has-post-thumbnail","hentry","category-hombresmujeresycosas","tag-cued","tag-edeeste","tag-edenorte"],"_links":{"self":[{"href":"https:\/\/diariodominicano.com\/index.php?rest_route=\/wp\/v2\/posts\/587948","targetHints":{"allow":["GET"]}}],"collection":[{"href":"https:\/\/diariodominicano.com\/index.php?rest_route=\/wp\/v2\/posts"}],"about":[{"href":"https:\/\/diariodominicano.com\/index.php?rest_route=\/wp\/v2\/types\/post"}],"author":[{"embeddable":true,"href":"https:\/\/diariodominicano.com\/index.php?rest_route=\/wp\/v2\/users\/7"}],"replies":[{"embeddable":true,"href":"https:\/\/diariodominicano.com\/index.php?rest_route=%2Fwp%2Fv2%2Fcomments&post=587948"}],"version-history":[{"count":1,"href":"https:\/\/diariodominicano.com\/index.php?rest_route=\/wp\/v2\/posts\/587948\/revisions"}],"predecessor-version":[{"id":587956,"href":"https:\/\/diariodominicano.com\/index.php?rest_route=\/wp\/v2\/posts\/587948\/revisions\/587956"}],"wp:featuredmedia":[{"embeddable":true,"href":"https:\/\/diariodominicano.com\/index.php?rest_route=\/wp\/v2\/media\/587955"}],"wp:attachment":[{"href":"https:\/\/diariodominicano.com\/index.php?rest_route=%2Fwp%2Fv2%2Fmedia&parent=587948"}],"wp:term":[{"taxonomy":"category","embeddable":true,"href":"https:\/\/diariodominicano.com\/index.php?rest_route=%2Fwp%2Fv2%2Fcategories&post=587948"},{"taxonomy":"post_tag","embeddable":true,"href":"https:\/\/diariodominicano.com\/index.php?rest_route=%2Fwp%2Fv2%2Ftags&post=587948"}],"curies":[{"name":"wp","href":"https:\/\/api.w.org\/{rel}","templated":true}]}}