{"id":587933,"date":"2025-01-08T17:53:18","date_gmt":"2025-01-08T21:53:18","guid":{"rendered":"https:\/\/diariodominicano.com\/?p=587933"},"modified":"2025-01-08T17:53:58","modified_gmt":"2025-01-08T21:53:58","slug":"en-primera-catequesis-del-ano-el-papa-dice-que-quien-explote-o-abuse-de-ninos-respondera-ante-dios","status":"publish","type":"post","link":"https:\/\/diariodominicano.com\/?p=587933","title":{"rendered":"En primera catequesis del a\u00f1o, el Papa dice que quien explote o abuse de ni\u00f1os responder\u00e1 ante Dios"},"content":{"rendered":"\n<p>El papa Francisco llega a su audiencia general semanal en el Aula Pablo VI del Vaticano el mi\u00e9rcoles 8 de enero de 2025. AP<\/p>\n\n\n\n<p>enero 08, 2025<\/p>\n\n\n\n<ul class=\"wp-block-list\">\n<li><a href=\"https:\/\/www.vozdeamerica.com\/author\/associated-press\/v_kyr\">Associated Press<\/a><\/li>\n<\/ul>\n\n\n\n<ul class=\"wp-block-list\">\n<li><a href=\"https:\/\/facebook.com\/sharer.php?u=https%3a%2f%2fwww.vozdeamerica.com%2fa%2fen-primera-catequesis-del-anio-el-papa-dice-que-quien-explote-o-abuse-de-ninos-respondera-ante-dios%2f7929726.html\" target=\"_blank\" rel=\"noreferrer noopener\"><\/a><\/li>\n\n\n\n<li><a href=\"https:\/\/twitter.com\/share?url=https%3a%2f%2fwww.vozdeamerica.com%2fa%2fen-primera-catequesis-del-anio-el-papa-dice-que-quien-explote-o-abuse-de-ninos-respondera-ante-dios%2f7929726.html&amp;text=En+primera+catequesis+del+a%c3%b1o%2c+el+Papa+dice+que+quien+explote+o+abuse+de+ni%c3%b1os+responder%c3%a1+ante+Dios\" target=\"_blank\" rel=\"noreferrer noopener\"><\/a><\/li>\n\n\n\n<li><\/li>\n\n\n\n<li><a href=\"mailto:?body=https%3a%2f%2fwww.vozdeamerica.com%2fa%2fen-primera-catequesis-del-anio-el-papa-dice-que-quien-explote-o-abuse-de-ninos-respondera-ante-dios%2f7929726.html&amp;subject=En%20primera%20catequesis%20del%20a%C3%B1o,%20el%20Papa%20dice%20que%20quien%20explote%20o%20abuse%20de%20ni%C3%B1os%20responder%C3%A1%20ante%20Dios\"><\/a><\/li>\n<\/ul>\n\n\n\n<p><a href=\"https:\/\/www.vozdeamerica.com\/a\/en-primera-catequesis-del-anio-el-papa-dice-que-quien-explote-o-abuse-de-ninos-respondera-ante-dios\/7929726.html#comments\">&nbsp;Vea comentarios<\/a><\/p>\n\n\n\n<p>El m\u00e1ximo l\u00edder de la Iglesia cat\u00f3lica dedic\u00f3 su primera lecci\u00f3n de catecismo de 2025 al sufrimiento de los ni\u00f1os. Dijo que cualquiera que da\u00f1e o explote a un ni\u00f1o responder\u00e1 ante Dios.<\/p>\n\n\n\n<p>ROMA \u2014&nbsp;<\/p>\n\n\n\n<p>El papa Francisco denunci\u00f3 el mi\u00e9rcoles \u201cla plaga\u201d del trabajo infantil y otros abusos sufridos por los ni\u00f1os, y dijo que cualquiera que da\u00f1e o explote a un ni\u00f1o tendr\u00e1 que responder ante Dios.<\/p>\n\n\n\n<p>Francisco dedic\u00f3 su primera lecci\u00f3n de catecismo de 2025 al sufrimiento de los ni\u00f1os y dijo en su audiencia general semanal que los fieles no pueden permanecer indiferentes al problema del trabajo infantil.<\/p>\n\n\n\n<p>\u201cLos ni\u00f1os ocupan un lugar privilegiado en el coraz\u00f3n de Dios, y quienquiera que los da\u00f1e ser\u00e1 responsable ante \u00e9l\u201d, afirm\u00f3.<\/p>\n\n\n\n<p><a href=\"https:\/\/www.vozdeamerica.com\/a\/el-papa-nombra-a-la-primera-mujer-al-frente-de-importante-dependencia-del-vaticano\/7925888.html\"><\/a><\/p>\n\n\n\n<p><a href=\"https:\/\/www.vozdeamerica.com\/a\/el-papa-nombra-a-la-primera-mujer-al-frente-de-importante-dependencia-del-vaticano\/7925888.html\">Tambi\u00e9n lea<\/a><\/p>\n\n\n\n<h4 class=\"wp-block-heading\"><a href=\"https:\/\/www.vozdeamerica.com\/a\/el-papa-nombra-a-la-primera-mujer-al-frente-de-importante-dependencia-del-vaticano\/7925888.html\">Papa Francisco nombra a primera mujer al frente de importante dependencia del Vaticano<\/a><\/h4>\n\n\n\n<p>Francisco ha denunciado a menudo el trabajo infantil, especialmente durante sus viajes al extranjero. En su visita de 2023 a Rep\u00fablica Democr\u00e1tica del Congo, denunci\u00f3 c\u00f3mo las potencias extranjeras y los intereses mineros utilizaban a los ni\u00f1os para extraer los preciados recursos naturales del Congo, y dijo que estaban saqueando el continente por el \u201cveneno de su propia codicia\u201d.<\/p>\n\n\n\n<p>\u201cPensemos cu\u00e1ntos ni\u00f1os est\u00e1n muriendo debido al hambre, cat\u00e1strofes, enfermedades y guerras\u201d, dijo el mi\u00e9rcoles. \u201cDebemos prevenir y condenar firmemente cualquier abuso que puedan sufrir los menores\u201d.<\/p>\n\n\n\n<p>Francisco no se refiri\u00f3 expl\u00edcitamente al abuso sexual de ni\u00f1os por parte de sacerdotes, un esc\u00e1ndalo que ha sacudido a la Iglesia cat\u00f3lica durante d\u00e9cadas.<\/p>\n\n\n\n<p>El papa de 88 a\u00f1os parec\u00eda congestionado durante la audiencia y omiti\u00f3 aproximadamente la mitad de su texto preparado. Sin embargo, parec\u00eda entretenido por una actuaci\u00f3n del grupo circense de tem\u00e1tica africana CircAfrica. La compa\u00f1\u00eda, que ha estado actuando en Roma, llev\u00f3 acr\u00f3batas, t\u00edteres rob\u00f3ticos de elefantes, malabaristas y bailarines en patines para actuar para el papa en el auditorio del Vaticano.<\/p>\n\n\n\n<p><\/p>\n","protected":false},"excerpt":{"rendered":"<p>El papa Francisco llega a su audiencia general semanal en el Aula Pablo VI del Vaticano el mi\u00e9rcoles 8 de enero de 2025. AP enero 08, 2025 &nbsp;Vea comentarios El m\u00e1ximo l\u00edder de la Iglesia cat\u00f3lica dedic\u00f3 su primera lecci\u00f3n de catecismo de 2025 al sufrimiento de los ni\u00f1os. Dijo que cualquiera que da\u00f1e o [&hellip;]<\/p>\n","protected":false},"author":28,"featured_media":587934,"comment_status":"closed","ping_status":"closed","sticky":true,"template":"","format":"standard","meta":{"footnotes":""},"categories":[23,27],"tags":[],"class_list":["post-587933","post","type-post","status-publish","format-standard","has-post-thumbnail","hentry","category-internacional","category-portada"],"_links":{"self":[{"href":"https:\/\/diariodominicano.com\/index.php?rest_route=\/wp\/v2\/posts\/587933","targetHints":{"allow":["GET"]}}],"collection":[{"href":"https:\/\/diariodominicano.com\/index.php?rest_route=\/wp\/v2\/posts"}],"about":[{"href":"https:\/\/diariodominicano.com\/index.php?rest_route=\/wp\/v2\/types\/post"}],"author":[{"embeddable":true,"href":"https:\/\/diariodominicano.com\/index.php?rest_route=\/wp\/v2\/users\/28"}],"replies":[{"embeddable":true,"href":"https:\/\/diariodominicano.com\/index.php?rest_route=%2Fwp%2Fv2%2Fcomments&post=587933"}],"version-history":[{"count":2,"href":"https:\/\/diariodominicano.com\/index.php?rest_route=\/wp\/v2\/posts\/587933\/revisions"}],"predecessor-version":[{"id":587936,"href":"https:\/\/diariodominicano.com\/index.php?rest_route=\/wp\/v2\/posts\/587933\/revisions\/587936"}],"wp:featuredmedia":[{"embeddable":true,"href":"https:\/\/diariodominicano.com\/index.php?rest_route=\/wp\/v2\/media\/587934"}],"wp:attachment":[{"href":"https:\/\/diariodominicano.com\/index.php?rest_route=%2Fwp%2Fv2%2Fmedia&parent=587933"}],"wp:term":[{"taxonomy":"category","embeddable":true,"href":"https:\/\/diariodominicano.com\/index.php?rest_route=%2Fwp%2Fv2%2Fcategories&post=587933"},{"taxonomy":"post_tag","embeddable":true,"href":"https:\/\/diariodominicano.com\/index.php?rest_route=%2Fwp%2Fv2%2Ftags&post=587933"}],"curies":[{"name":"wp","href":"https:\/\/api.w.org\/{rel}","templated":true}]}}