{"id":587915,"date":"2025-01-08T17:22:49","date_gmt":"2025-01-08T21:22:49","guid":{"rendered":"https:\/\/diariodominicano.com\/?p=587915"},"modified":"2025-01-08T17:22:58","modified_gmt":"2025-01-08T21:22:58","slug":"jimmy-carter-yace-en-capilla-ardiente-en-el-capitolio-antes-de-su-funeral-de-estado","status":"publish","type":"post","link":"https:\/\/diariodominicano.com\/?p=587915","title":{"rendered":"Jimmy Carter yace en capilla ardiente en el Capitolio antes de su funeral de Estado"},"content":{"rendered":"\n<p>Los dolientes miran el ata\u00fad cubierto con la bandera del expresidente Jimmy Carter mientras yace en el Capitolio, el martes 7 de enero de 2025, en Washington.<\/p>\n\n\n\n<p>enero 08, 2025<\/p>\n\n\n\n<ul class=\"wp-block-list\">\n<li><a href=\"https:\/\/www.vozdeamerica.com\/author\/associated-press\/v_kyr\">Associated Press<\/a><\/li>\n<\/ul>\n\n\n\n<ul class=\"wp-block-list\">\n<li><a href=\"https:\/\/facebook.com\/sharer.php?u=https%3a%2f%2fwww.vozdeamerica.com%2fa%2fjimmy-carter-yace-en-capilla-ardiente-en-el-capitolio-antes-de-su-funeral-de-estado%2f7929324.html\" target=\"_blank\" rel=\"noreferrer noopener\"><\/a><\/li>\n\n\n\n<li><a href=\"https:\/\/twitter.com\/share?url=https%3a%2f%2fwww.vozdeamerica.com%2fa%2fjimmy-carter-yace-en-capilla-ardiente-en-el-capitolio-antes-de-su-funeral-de-estado%2f7929324.html&amp;text=Jimmy+Carter+yace+en+capilla+ardiente+en+el+Capitolio+antes+de+su+funeral+de+Estado\" target=\"_blank\" rel=\"noreferrer noopener\"><\/a><\/li>\n\n\n\n<li><\/li>\n\n\n\n<li><a href=\"mailto:?body=https%3a%2f%2fwww.vozdeamerica.com%2fa%2fjimmy-carter-yace-en-capilla-ardiente-en-el-capitolio-antes-de-su-funeral-de-estado%2f7929324.html&amp;subject=Jimmy%20Carter%20yace%20en%20capilla%20ardiente%20en%20el%20Capitolio%20antes%20de%20su%20funeral%20de%20Estado\"><\/a><\/li>\n<\/ul>\n\n\n\n<p><a href=\"https:\/\/www.vozdeamerica.com\/a\/jimmy-carter-yace-en-capilla-ardiente-en-el-capitolio-antes-de-su-funeral-de-estado\/7929324.html#comments\">&nbsp;Vea comentarios<\/a><\/p>\n\n\n\n<p>El expresidente Jimmy Carter ser\u00e1 velado en el Capitolio en Washington hasta el jueves por la ma\u00f1ana. Luego ser\u00e1 trasladado a la Catedral Nacional para un funeral de Estado.<\/p>\n\n\n\n<p>&nbsp;WASHINGTON \u2014&nbsp;<\/p>\n\n\n\n<p>Los restos mortales del el expresidente de Estados Unidos Jimmy Carter seguir\u00e1n vel\u00e1ndose el mi\u00e9rcoles en el Capitolio, luego de que su f\u00e9retro llegara a Washington en la v\u00edspera como parte de los ritos de su funeral de Estado.<\/p>\n\n\n\n<p>El pol\u00edtico, dem\u00f3crata del sure\u00f1o estado de Georgia y que fungi\u00f3 como 39no presidente del pa\u00eds, falleci\u00f3 el 29 de diciembre a la edad de 100 a\u00f1os.<\/p>\n\n\n\n<p>Carter ocup\u00f3 la Casa Blanca entre 1977 y 1981, tras llegar a la presidencia como una persona ajena a la pol\u00edtica luego de la guerra de Vietnam y del esc\u00e1ndalo del Watergate.<\/p>\n\n\n\n<p><a href=\"https:\/\/www.vozdeamerica.com\/a\/comienza-funeral-de-estado-a-jimmy-carter-en-el-capitolio-de-eeuu\/7928129.html\"><\/a><\/p>\n\n\n\n<p><a href=\"https:\/\/www.vozdeamerica.com\/a\/comienza-funeral-de-estado-a-jimmy-carter-en-el-capitolio-de-eeuu\/7928129.html\">Tambi\u00e9n lea<\/a><\/p>\n\n\n\n<h4 class=\"wp-block-heading\"><a href=\"https:\/\/www.vozdeamerica.com\/a\/comienza-funeral-de-estado-a-jimmy-carter-en-el-capitolio-de-eeuu\/7928129.html\">Comienza funeral de Estado a Jimmy Carter en el Capitolio de EEUU<\/a><\/h4>\n\n\n\n<p>Soport\u00f3 cuatro a\u00f1os dif\u00edciles de inestabilidad econ\u00f3mica y crisis internacionales que terminaron con su derrota ante el republicano Ronald Reagan. Sin embargo, vivi\u00f3 lo suficiente para ver c\u00f3mo los historiadores reevaluaban su mandato de forma m\u00e1s ben\u00e9vola de lo que lo hicieron los votantes en 1980.<\/p>\n\n\n\n<p>M\u00e1s all\u00e1 de por sus logros en pol\u00edtica, el martes fue recordado en el Capitolio por su profunda fe religiosa, su largo servicio p\u00fablico y por d\u00e9cadas de labor humanitaria.<\/p>\n\n\n\n<p>La vicepresidenta Kamala Harris y el presidente de la C\u00e1mara de Representantes, Mike Johnson, formaron parte de los tributos bipartidistas a Carter en la Rotonda del Capitolio, donde su ata\u00fad, cubierto con la bandera estadounidense, permanece sobre el catafalco de Lincoln para que la ciudadan\u00eda pueda presentarle sus respetos.<\/p>\n\n\n\n<p>Carter permanecer\u00e1 en el Capitolio hasta el jueves por la ma\u00f1ana, cuando ser\u00e1 trasladado a la Catedral Nacional de Washington para un funeral de Estado. El presidente Joe Biden, quien durante muchos a\u00f1os fue aliado de Carter, pronunciar\u00e1 una eleg\u00eda. Se espera la asistencia de otros expresidentes vivos, entre ellos el presidente electo Donald Trump.<\/p>\n\n\n\n<p>Despu\u00e9s del acto, el Boeing 747 que sirve de Air Force One cuando lleva a un presidente en activo a bordo, llevar\u00e1 a Carter y su familia de regreso a Georgia. Se celebrar\u00e1 un funeral privado en la Iglesia Bautista Maranatha, en la peque\u00f1a localidad de Plains, donde Carter ense\u00f1\u00f3 en la escuela dominical durante d\u00e9cadas despu\u00e9s de dejar la presidencia.<\/p>\n\n\n\n<p>Carter ser\u00e1 enterrado junto a su esposa, la ex primera dama Rosalynn Carter, en una parcela pr\u00f3xima a la casa que construyeron antes de su primera campa\u00f1a al Senado estatal en 1962 y donde vivieron toda su vida, a excepci\u00f3n de los cuatro a\u00f1os que ocuparon la Mansi\u00f3n del Gobernador de Georgia y sus cuatro a\u00f1os en la Casa Blanca.<\/p>\n","protected":false},"excerpt":{"rendered":"<p>Los dolientes miran el ata\u00fad cubierto con la bandera del expresidente Jimmy Carter mientras yace en el Capitolio, el martes 7 de enero de 2025, en Washington. enero 08, 2025 &nbsp;Vea comentarios El expresidente Jimmy Carter ser\u00e1 velado en el Capitolio en Washington hasta el jueves por la ma\u00f1ana. Luego ser\u00e1 trasladado a la Catedral [&hellip;]<\/p>\n","protected":false},"author":28,"featured_media":587916,"comment_status":"closed","ping_status":"closed","sticky":true,"template":"","format":"standard","meta":{"footnotes":""},"categories":[26,23,27],"tags":[],"class_list":["post-587915","post","type-post","status-publish","format-standard","has-post-thumbnail","hentry","category-efemerides","category-internacional","category-portada"],"_links":{"self":[{"href":"https:\/\/diariodominicano.com\/index.php?rest_route=\/wp\/v2\/posts\/587915","targetHints":{"allow":["GET"]}}],"collection":[{"href":"https:\/\/diariodominicano.com\/index.php?rest_route=\/wp\/v2\/posts"}],"about":[{"href":"https:\/\/diariodominicano.com\/index.php?rest_route=\/wp\/v2\/types\/post"}],"author":[{"embeddable":true,"href":"https:\/\/diariodominicano.com\/index.php?rest_route=\/wp\/v2\/users\/28"}],"replies":[{"embeddable":true,"href":"https:\/\/diariodominicano.com\/index.php?rest_route=%2Fwp%2Fv2%2Fcomments&post=587915"}],"version-history":[{"count":1,"href":"https:\/\/diariodominicano.com\/index.php?rest_route=\/wp\/v2\/posts\/587915\/revisions"}],"predecessor-version":[{"id":587917,"href":"https:\/\/diariodominicano.com\/index.php?rest_route=\/wp\/v2\/posts\/587915\/revisions\/587917"}],"wp:featuredmedia":[{"embeddable":true,"href":"https:\/\/diariodominicano.com\/index.php?rest_route=\/wp\/v2\/media\/587916"}],"wp:attachment":[{"href":"https:\/\/diariodominicano.com\/index.php?rest_route=%2Fwp%2Fv2%2Fmedia&parent=587915"}],"wp:term":[{"taxonomy":"category","embeddable":true,"href":"https:\/\/diariodominicano.com\/index.php?rest_route=%2Fwp%2Fv2%2Fcategories&post=587915"},{"taxonomy":"post_tag","embeddable":true,"href":"https:\/\/diariodominicano.com\/index.php?rest_route=%2Fwp%2Fv2%2Ftags&post=587915"}],"curies":[{"name":"wp","href":"https:\/\/api.w.org\/{rel}","templated":true}]}}