{"id":587890,"date":"2025-01-08T15:30:38","date_gmt":"2025-01-08T19:30:38","guid":{"rendered":"https:\/\/diariodominicano.com\/?p=587890"},"modified":"2025-01-08T15:30:47","modified_gmt":"2025-01-08T19:30:47","slug":"presidente-de-venezuela-firmara-decreto-para-conformar-comision-nacional-e-internacional-que-impulsa-reforma-constitucional","status":"publish","type":"post","link":"https:\/\/diariodominicano.com\/?p=587890","title":{"rendered":"Presidente de Venezuela firmar\u00e1 decreto para conformar comisi\u00f3n nacional e internacional que impulsa reforma constitucional"},"content":{"rendered":"\n<p>diariodominicano.com<\/p>\n\n\n\n<p>CARACAS, 8 ene (Xinhua) &#8212; El presidente de Venezuela, Nicol\u00e1s Maduro, anunci\u00f3 hoy mi\u00e9rcoles que tras asumir su tercer mandato (10 de enero), firmar\u00e1 un decreto para conformar una amplia comisi\u00f3n nacional e internacional que llevar\u00e1 a una reforma constitucional. \u00abAnuncio que el 10 de enero, luego de haber hecho el juramento obligatorio constitucional, ante la Asamblea Nacional (AN) de la Rep\u00fablica Bolivariana de Venezuela, el primer decreto que firmar\u00e9 constituir\u00e1 una amplia comisi\u00f3n nacional e internacional para ir a una gran reforma. constitucional\u00bb, inform\u00f3 el mandatario desde el Palacio de Miraflores (sede del Gobierno), durante una reuni\u00f3n con parlamentarios con motivo de la notificaci\u00f3n de inicio de sesiones del Legislativo. Maduro indic\u00f3 que la propuesta de reforma se realizar\u00e1 con \u00abdebate y di\u00e1logo de todos los sectores\u00bb del pa\u00eds. Coment\u00f3 que la reforma constitucional \u00abtendr\u00e1 que darse en el seno de la AN\u00bb y que el Palacio Federal Legislativo se convertir\u00e1 en tal sentido en el epicentro de un debate democr\u00e1tico. El mandatario venezolano argument\u00f3 que el objetivo de la reforma es \u00abdefinir con claridad el modelo de desarrollo venezolano para los pr\u00f3ximos 30 a\u00f1os, democratizar la vida pol\u00edtica, social de Venezuela. Transformar este Estado\u00bb, acot\u00f3. Pidi\u00f3 a la Universidad Internacional de las Comunicaciones ya la Escuela Venezolana de Planificaci\u00f3n una propuesta para configurar la comisi\u00f3n de alto nivel que \u00ablogre la armon\u00eda, la unificaci\u00f3n de Venezuela alrededor de un proyecto com\u00fan, un proyecto de consenso\u00bb.<\/p>\n","protected":false},"excerpt":{"rendered":"<p>diariodominicano.com CARACAS, 8 ene (Xinhua) &#8212; El presidente de Venezuela, Nicol\u00e1s Maduro, anunci\u00f3 hoy mi\u00e9rcoles que tras asumir su tercer mandato (10 de enero), firmar\u00e1 un decreto para conformar una amplia comisi\u00f3n nacional e internacional que llevar\u00e1 a una reforma constitucional. \u00abAnuncio que el 10 de enero, luego de haber hecho el juramento obligatorio constitucional, [&hellip;]<\/p>\n","protected":false},"author":5,"featured_media":587891,"comment_status":"closed","ping_status":"closed","sticky":true,"template":"","format":"standard","meta":{"footnotes":""},"categories":[23,27],"tags":[],"class_list":["post-587890","post","type-post","status-publish","format-standard","has-post-thumbnail","hentry","category-internacional","category-portada"],"_links":{"self":[{"href":"https:\/\/diariodominicano.com\/index.php?rest_route=\/wp\/v2\/posts\/587890","targetHints":{"allow":["GET"]}}],"collection":[{"href":"https:\/\/diariodominicano.com\/index.php?rest_route=\/wp\/v2\/posts"}],"about":[{"href":"https:\/\/diariodominicano.com\/index.php?rest_route=\/wp\/v2\/types\/post"}],"author":[{"embeddable":true,"href":"https:\/\/diariodominicano.com\/index.php?rest_route=\/wp\/v2\/users\/5"}],"replies":[{"embeddable":true,"href":"https:\/\/diariodominicano.com\/index.php?rest_route=%2Fwp%2Fv2%2Fcomments&post=587890"}],"version-history":[{"count":1,"href":"https:\/\/diariodominicano.com\/index.php?rest_route=\/wp\/v2\/posts\/587890\/revisions"}],"predecessor-version":[{"id":587892,"href":"https:\/\/diariodominicano.com\/index.php?rest_route=\/wp\/v2\/posts\/587890\/revisions\/587892"}],"wp:featuredmedia":[{"embeddable":true,"href":"https:\/\/diariodominicano.com\/index.php?rest_route=\/wp\/v2\/media\/587891"}],"wp:attachment":[{"href":"https:\/\/diariodominicano.com\/index.php?rest_route=%2Fwp%2Fv2%2Fmedia&parent=587890"}],"wp:term":[{"taxonomy":"category","embeddable":true,"href":"https:\/\/diariodominicano.com\/index.php?rest_route=%2Fwp%2Fv2%2Fcategories&post=587890"},{"taxonomy":"post_tag","embeddable":true,"href":"https:\/\/diariodominicano.com\/index.php?rest_route=%2Fwp%2Fv2%2Ftags&post=587890"}],"curies":[{"name":"wp","href":"https:\/\/api.w.org\/{rel}","templated":true}]}}