{"id":587880,"date":"2025-01-08T15:01:34","date_gmt":"2025-01-08T19:01:34","guid":{"rendered":"https:\/\/diariodominicano.com\/?p=587880"},"modified":"2025-01-08T15:01:42","modified_gmt":"2025-01-08T19:01:42","slug":"fuerzas-israelies-encuentran-el-cuerpo-de-rehen-del-7-de-octubre-en-gaza","status":"publish","type":"post","link":"https:\/\/diariodominicano.com\/?p=587880","title":{"rendered":"Fuerzas israel\u00edes encuentran el cuerpo de reh\u00e9n del 7 de octubre en Gaza"},"content":{"rendered":"\n<p>diariodominicano.com<\/p>\n\n\n\n<p>JERUSAL\u00c9N, 8 ene (Xinhua) &#8212; Las fuerzas israel\u00edes recuperaron el cuerpo de Yussef Ziyadne, un hombre beduino-israel\u00ed que fue tomado como reh\u00e9n por Hamas durante su ataque del 7 de octubre, en un t\u00fanel en la zona de Rafah en Gaza. Hoy mi\u00e9rcoles anunci\u00f3 el ej\u00e9rcito. La muerte de Ziyadne, de 53 a\u00f1os, fue confirmada en el Instituto Nacional de Medicina Forense de Israel luego de que su cuerpo fue hallado el martes. El ej\u00e9rcito dijo que \u00abmuri\u00f3 en cautiverio\u00bb y que la evidencia hallada durante la operaci\u00f3n de recuperaci\u00f3n suscitaba \u00abserias preocupaciones\u00bb sobre el destino de su hijo Hamza, quien tambi\u00e9n fue tomado como reh\u00e9n. Ziyadne y sus tres hijos, Hamza, de 22 a\u00f1os, Bilal de 18 y Aisha de 17, fueron secuestrados mientras trabajaban en el kibutz Holit. Bilal y Aisha fueron liberados durante un intercambio de prisioneros en noviembre de 2023. Su familia confirm\u00f3 que fue notificada de la recuperaci\u00f3n. De las 251 personas cautivas durante el ataque de Hamas en el sur de Israel el 7 de octubre de 2023, casi 100 permanecen en Gaza, y se cree que al menos 36 han muerto, de acuerdo con funcionarios israel\u00edes. El descubrimiento se mientras se produce los negociadores se re\u00fanen en la capital qatar\u00ed, Doha, para nuevas conversaciones sobre un posible acuerdo de alto al fuego y rehenes, aunque no se ha reportado ning\u00fan avance.<\/p>\n","protected":false},"excerpt":{"rendered":"<p>diariodominicano.com JERUSAL\u00c9N, 8 ene (Xinhua) &#8212; Las fuerzas israel\u00edes recuperaron el cuerpo de Yussef Ziyadne, un hombre beduino-israel\u00ed que fue tomado como reh\u00e9n por Hamas durante su ataque del 7 de octubre, en un t\u00fanel en la zona de Rafah en Gaza. Hoy mi\u00e9rcoles anunci\u00f3 el ej\u00e9rcito. La muerte de Ziyadne, de 53 a\u00f1os, fue [&hellip;]<\/p>\n","protected":false},"author":5,"featured_media":587883,"comment_status":"closed","ping_status":"closed","sticky":true,"template":"","format":"standard","meta":{"footnotes":""},"categories":[23,27],"tags":[],"class_list":["post-587880","post","type-post","status-publish","format-standard","has-post-thumbnail","hentry","category-internacional","category-portada"],"_links":{"self":[{"href":"https:\/\/diariodominicano.com\/index.php?rest_route=\/wp\/v2\/posts\/587880","targetHints":{"allow":["GET"]}}],"collection":[{"href":"https:\/\/diariodominicano.com\/index.php?rest_route=\/wp\/v2\/posts"}],"about":[{"href":"https:\/\/diariodominicano.com\/index.php?rest_route=\/wp\/v2\/types\/post"}],"author":[{"embeddable":true,"href":"https:\/\/diariodominicano.com\/index.php?rest_route=\/wp\/v2\/users\/5"}],"replies":[{"embeddable":true,"href":"https:\/\/diariodominicano.com\/index.php?rest_route=%2Fwp%2Fv2%2Fcomments&post=587880"}],"version-history":[{"count":1,"href":"https:\/\/diariodominicano.com\/index.php?rest_route=\/wp\/v2\/posts\/587880\/revisions"}],"predecessor-version":[{"id":587884,"href":"https:\/\/diariodominicano.com\/index.php?rest_route=\/wp\/v2\/posts\/587880\/revisions\/587884"}],"wp:featuredmedia":[{"embeddable":true,"href":"https:\/\/diariodominicano.com\/index.php?rest_route=\/wp\/v2\/media\/587883"}],"wp:attachment":[{"href":"https:\/\/diariodominicano.com\/index.php?rest_route=%2Fwp%2Fv2%2Fmedia&parent=587880"}],"wp:term":[{"taxonomy":"category","embeddable":true,"href":"https:\/\/diariodominicano.com\/index.php?rest_route=%2Fwp%2Fv2%2Fcategories&post=587880"},{"taxonomy":"post_tag","embeddable":true,"href":"https:\/\/diariodominicano.com\/index.php?rest_route=%2Fwp%2Fv2%2Ftags&post=587880"}],"curies":[{"name":"wp","href":"https:\/\/api.w.org\/{rel}","templated":true}]}}