{"id":587811,"date":"2025-01-08T01:59:59","date_gmt":"2025-01-08T05:59:59","guid":{"rendered":"https:\/\/diariodominicano.com\/?p=587811"},"modified":"2025-01-08T02:00:04","modified_gmt":"2025-01-08T06:00:04","slug":"brasil-conmemora-segundo-aniversario-de-tentativa-golpista","status":"publish","type":"post","link":"https:\/\/diariodominicano.com\/?p=587811","title":{"rendered":"Brasil conmemora segundo aniversario de tentativa golpista"},"content":{"rendered":"\n<p>Brasilia, 8 ene (Prensa Latina) El Gobierno federal de Brasil conmemora hoy los dos a\u00f1os de la invasi\u00f3n y depredaci\u00f3n de las sedes de los Tres Poderes en esta capital que puso en peligro a la democracia.<\/p>\n\n\n\n<ul class=\"wp-block-list\">\n<li><a href=\"https:\/\/www.prensa-latina.cu\/2025\/01\/08\/\"><time>enero 8, 2025 | 00:10<\/time><\/a><\/li>\n<\/ul>\n\n\n\n<ul class=\"wp-block-list\">\n<li><a href=\"https:\/\/www.prensa-latina.cu\/2025\/01\/08\/brasil-conmemora-segundo-aniversario-de-tentativa-golpista\/#\"><\/a><\/li>\n\n\n\n<li><a href=\"https:\/\/www.prensa-latina.cu\/2025\/01\/08\/brasil-conmemora-segundo-aniversario-de-tentativa-golpista\/#\"><\/a><\/li>\n\n\n\n<li><a href=\"https:\/\/www.prensa-latina.cu\/2025\/01\/08\/brasil-conmemora-segundo-aniversario-de-tentativa-golpista\/#\"><\/a><\/li>\n\n\n\n<li><a href=\"https:\/\/www.prensa-latina.cu\/2025\/01\/08\/brasil-conmemora-segundo-aniversario-de-tentativa-golpista\/#\"><\/a><\/li>\n<\/ul>\n\n\n\n<p>Bajo gritos de intervenci\u00f3n militar y rechazo a la asunci\u00f3n al poder del presidente Luiz In\u00e1cio Lula da Silva, adeptos radicales del exmandatario Jair Bolsonaro incursionaron y saquearon el 8 de enero de 2023 los edificios del Congreso Nacional, el Supremo Tribunal Federal (STF) y el Palacio del Planalto, predio del Poder Ejecutivo.<\/p>\n\n\n\n<p>Los detenidos por los episodios violentos fueron acusados por los cr\u00edmenes de abolici\u00f3n violenta del Estado Democr\u00e1tico de Derecho, golpe de Estado, asociaci\u00f3n criminal armada, da\u00f1os calificados y deterioro del patrimonio declarado.<\/p>\n\n\n\n<p>En las condenas, impuestas hasta ahora a 310 personas, el STF estableci\u00f3 el pago de una multa de 30 millones de reales (unos seis millones de d\u00f3lares), dividido entre todos los acusados, por da\u00f1os colectivos.<\/p>\n\n\n\n<p>Fuentes oficiales informaron que la jornada de recordaci\u00f3n comenzar\u00e1 con una ceremonia en Planalto, donde Lula presentar\u00e1 obras de arte restauradas que fueron da\u00f1adas durante los sucesos antidemocr\u00e1ticos de 2023.<\/p>\n\n\n\n<p>Asimismo, se realizar\u00e1 un evento aleg\u00f3rico en la Plaza de los Tres Poderes convocado por el Frente Brasil Popular. Tal formalidad contar\u00e1 con la restauraci\u00f3n de 21 piezas de arte.<\/p>\n\n\n\n<p>Lula celebr\u00f3 el 20 de diciembre una reuni\u00f3n ministerial y convoc\u00f3 a los ministros para el aniversario, pues, seg\u00fan \u00e9l, la fecha no puede caer en el olvido.<\/p>\n\n\n\n<p>Manifest\u00f3, adem\u00e1s, que invitar\u00eda a autoridades de otros pa\u00edses para movimientos en defensa de la democracia no solo en Brasil, sino en el mundo.<\/p>\n\n\n\n<p>En 2024, el Congreso Nacional realiz\u00f3 el acto llamado Democracia Inquebrantable, que marc\u00f3 el primer calendario de la tentativa golpista.<\/p>\n\n\n\n<p>Durante la celebraci\u00f3n, Lula y el ministro Alexandre de Moraes, del Supremo, demandaron castigos para los involucrados en el componenda.<\/p>\n\n\n\n<p>\u00abNo hay perd\u00f3n para quien atente contra la democracia, contra su pa\u00eds y contra su propio pueblo\u00bb, afirm\u00f3 el l\u00edder progresista en un discurso de poco m\u00e1s de 10 minutos.<\/p>\n\n\n\n<p>Precis\u00f3 que la condonaci\u00f3n \u00absonar\u00eda como impunidad. Y la impunidad, como salvoconducto para nuevos actos terroristas\u00bb.<\/p>\n\n\n\n<p>Seg\u00fan Lula, no se concret\u00f3 un conato golpista en Brasil en enero de 2023, data marcada en negro en la historia nacional, porque falt\u00f3 adhesi\u00f3n de las Fuerzas Armadas y Bolsonaro era un cobarde.<\/p>\n\n\n\n<p>Indic\u00f3 que el pol\u00edtico ultraderechista \u00abno tuvo el valor de ejecutar lo que hab\u00eda planeado. Se qued\u00f3 aqu\u00ed en el palacio (Planalto) llorando casi un mes\u00bb.<\/p>\n\n\n\n<p>Prefiri\u00f3, subray\u00f3, \u00abhuir a Estados Unidos que hacer lo prometido, con la expectativa de que fuera del pa\u00eds el golpe podr\u00eda ocurrir\u00bb.<\/p>\n\n\n\n<p>rc\/ocs<\/p>\n\n\n\n<ul class=\"wp-block-list\">\n<li>#<a href=\"https:\/\/www.prensa-latina.cu\/etiqueta\/acto\/\">acto<\/a>\u00a0#<a href=\"https:\/\/www.prensa-latina.cu\/etiqueta\/aniversario\/\">aniversario<\/a>\u00a0#<a href=\"https:\/\/www.prensa-latina.cu\/etiqueta\/bolsonaro\/\">bolsonaro<\/a>\u00a0#<a href=\"https:\/\/www.prensa-latina.cu\/etiqueta\/brasil\/\">brasil<\/a>\u00a0#<a href=\"https:\/\/www.prensa-latina.cu\/etiqueta\/lula\/\">lula<\/a><\/li>\n<\/ul>\n","protected":false},"excerpt":{"rendered":"<p>Brasilia, 8 ene (Prensa Latina) El Gobierno federal de Brasil conmemora hoy los dos a\u00f1os de la invasi\u00f3n y depredaci\u00f3n de las sedes de los Tres Poderes en esta capital que puso en peligro a la democracia. Bajo gritos de intervenci\u00f3n militar y rechazo a la asunci\u00f3n al poder del presidente Luiz In\u00e1cio Lula da [&hellip;]<\/p>\n","protected":false},"author":28,"featured_media":587812,"comment_status":"closed","ping_status":"closed","sticky":true,"template":"","format":"standard","meta":{"footnotes":""},"categories":[26,23],"tags":[],"class_list":["post-587811","post","type-post","status-publish","format-standard","has-post-thumbnail","hentry","category-efemerides","category-internacional"],"_links":{"self":[{"href":"https:\/\/diariodominicano.com\/index.php?rest_route=\/wp\/v2\/posts\/587811","targetHints":{"allow":["GET"]}}],"collection":[{"href":"https:\/\/diariodominicano.com\/index.php?rest_route=\/wp\/v2\/posts"}],"about":[{"href":"https:\/\/diariodominicano.com\/index.php?rest_route=\/wp\/v2\/types\/post"}],"author":[{"embeddable":true,"href":"https:\/\/diariodominicano.com\/index.php?rest_route=\/wp\/v2\/users\/28"}],"replies":[{"embeddable":true,"href":"https:\/\/diariodominicano.com\/index.php?rest_route=%2Fwp%2Fv2%2Fcomments&post=587811"}],"version-history":[{"count":1,"href":"https:\/\/diariodominicano.com\/index.php?rest_route=\/wp\/v2\/posts\/587811\/revisions"}],"predecessor-version":[{"id":587813,"href":"https:\/\/diariodominicano.com\/index.php?rest_route=\/wp\/v2\/posts\/587811\/revisions\/587813"}],"wp:featuredmedia":[{"embeddable":true,"href":"https:\/\/diariodominicano.com\/index.php?rest_route=\/wp\/v2\/media\/587812"}],"wp:attachment":[{"href":"https:\/\/diariodominicano.com\/index.php?rest_route=%2Fwp%2Fv2%2Fmedia&parent=587811"}],"wp:term":[{"taxonomy":"category","embeddable":true,"href":"https:\/\/diariodominicano.com\/index.php?rest_route=%2Fwp%2Fv2%2Fcategories&post=587811"},{"taxonomy":"post_tag","embeddable":true,"href":"https:\/\/diariodominicano.com\/index.php?rest_route=%2Fwp%2Fv2%2Ftags&post=587811"}],"curies":[{"name":"wp","href":"https:\/\/api.w.org\/{rel}","templated":true}]}}