{"id":587808,"date":"2025-01-08T01:58:03","date_gmt":"2025-01-08T05:58:03","guid":{"rendered":"https:\/\/diariodominicano.com\/?p=587808"},"modified":"2025-01-08T01:58:08","modified_gmt":"2025-01-08T05:58:08","slug":"presidenta-de-mexico-llega-a-100-dias-de-gobierno-con-alta-aprobacion","status":"publish","type":"post","link":"https:\/\/diariodominicano.com\/?p=587808","title":{"rendered":"Presidenta de M\u00e9xico llega a 100 d\u00edas de gobierno con alta aprobaci\u00f3n"},"content":{"rendered":"\n<p>Ciudad de M\u00e9xico, 8 ene (Prensa Latina) La presidenta de M\u00e9xico, Claudia Sheinbaum, llega hoy a sus primeros 100 d\u00edas de gobierno con una alta aprobaci\u00f3n ciudadana y una gesti\u00f3n caracterizada por la continuidad del proceso de cambios sociales iniciado en 2018.<\/p>\n\n\n\n<ul class=\"wp-block-list\">\n<li><a href=\"https:\/\/www.prensa-latina.cu\/2025\/01\/08\/\"><time>enero 8, 2025 | 00:15<\/time><\/a><\/li>\n<\/ul>\n\n\n\n<ul class=\"wp-block-list\">\n<li><a href=\"https:\/\/www.prensa-latina.cu\/2025\/01\/08\/presidenta-de-mexico-llega-a-100-dias-de-gobierno-con-alta-aprobacion\/#\"><\/a><\/li>\n\n\n\n<li><a href=\"https:\/\/www.prensa-latina.cu\/2025\/01\/08\/presidenta-de-mexico-llega-a-100-dias-de-gobierno-con-alta-aprobacion\/#\"><\/a><\/li>\n\n\n\n<li><a href=\"https:\/\/www.prensa-latina.cu\/2025\/01\/08\/presidenta-de-mexico-llega-a-100-dias-de-gobierno-con-alta-aprobacion\/#\"><\/a><\/li>\n\n\n\n<li><a href=\"https:\/\/www.prensa-latina.cu\/2025\/01\/08\/presidenta-de-mexico-llega-a-100-dias-de-gobierno-con-alta-aprobacion\/#\"><\/a><\/li>\n<\/ul>\n\n\n\n<p>Tras ganar los comicios de manera arrolladora en junio del a\u00f1o pasado, la mandataria sucedi\u00f3 en el cargo al exgobernante Andr\u00e9s Manuel L\u00f3pez Obrador, impulsor de la considerada cuarta transformaci\u00f3n de la vida p\u00fablica en este pa\u00eds latinoamericano.<\/p>\n\n\n\n<p>A trav\u00e9s de un mensaje transmitido el 31 de diciembre, Sheinbaum destac\u00f3 que en esa elecci\u00f3n casi 36 millones de ciudadanos \u201cdecidieron dos cosas muy importantes: la primera, que contin\u00fae la cuarta transformaci\u00f3n, y la segunda, que por primera vez gobernara M\u00e9xico una mujer\u201d.<\/p>\n\n\n\n<p>Entre los \u00faltimos d\u00edas del mandato de L\u00f3pez Obrador y los poco m\u00e1s de tres meses de la gesti\u00f3n de la actual jefa del Ejecutivo, la naci\u00f3n fue testigo de la promulgaci\u00f3n de reformas a la Constituci\u00f3n que, seg\u00fan la propia gobernante, regresan el sentido social a la carta magna.<\/p>\n\n\n\n<p>Sobresale la concerniente al poder judicial, que permitir\u00e1 la elecci\u00f3n por voto popular de jueces, magistrados y ministros el 1 de junio de este a\u00f1o, algo in\u00e9dito en el pa\u00eds, as\u00ed como la inclusi\u00f3n en el texto constitucional de la igualdad sustantiva de las f\u00e9minas.<\/p>\n\n\n\n<p>Tambi\u00e9n figuran la recuperaci\u00f3n de la Comisi\u00f3n Federal de Electricidad y Petr\u00f3leos Mexicanos como empresas p\u00fablicas del Estado; el reconocimiento de los pueblos originarios y afromexicanos como sujetos de derecho, y la integraci\u00f3n de todos los programas sociales a la ley fundamental.<\/p>\n\n\n\n<p>Adem\u00e1s de mantener los programas sociales concebidos durante la administraci\u00f3n de L\u00f3pez Obrador, como se comprometi\u00f3 a hacer, la jefa de Estado a\u00f1adi\u00f3 otros tres, entre estos, el destinado a beneficiar con una pensi\u00f3n a mujeres de 60 a 64 a\u00f1os.<\/p>\n\n\n\n<p>Una segunda iniciativa otorgar\u00e1 apoyos a familias con ni\u00f1os y adolescentes inscritos en preescolar, primaria o secundaria de la ense\u00f1anza p\u00fablica, y la tercera, llamada Salud Casa por Casa, busca mejorar la calidad de vida de adultos mayores y personas con discapacidad.<\/p>\n\n\n\n<p>En cuanto a la seguridad, catalogada como la principal preocupaci\u00f3n de los mexicanos, el gobierno implementa una estrategia basada en atenci\u00f3n a las causas, consolidaci\u00f3n de la Guardia Nacional, fortalecimiento de la inteligencia e investigaci\u00f3n, y coordinaci\u00f3n con las entidades federativas.<\/p>\n\n\n\n<p>Como resultado, cifras oficiales se\u00f1alan que del 1 de octubre al 15 de diciembre de 2024, las autoridades mexicanas capturaron a seis mil 745 personas por delitos de alto impacto e incautaron tres mil 23 armas de fuego y m\u00e1s de 60 toneladas de droga.<\/p>\n\n\n\n<p>En el \u00e1mbito internacional, las amenazas proferidas por el mandatario electo de Estados Unidos, Donald Trump, sobre la realizaci\u00f3n de deportaciones masivas o el aumento de aranceles a productos de esta naci\u00f3n, han sido respondidas por Sheinbaum con inteligencia y firmeza, seg\u00fan analistas.<\/p>\n\n\n\n<p>La presidenta ha manifestado en varias ocasiones la disposici\u00f3n de su gobierno a colaborar y coordinarse con el vecino norte\u00f1o en diversos temas, pero sin subordinarse, y ha ratificado la defensa de los connacionales en Estados Unidos y la soberan\u00eda e independencia del pa\u00eds latinoamericano.<\/p>\n\n\n\n<p>De acuerdo con una encuesta realizada en diciembre y publicada por el diario El Financiero, Sheinbaum cuenta con una aprobaci\u00f3n del 78 por ciento, el nivel m\u00e1s alto registrado hasta ahora por ese sondeo, precedido por un 70 por ciento de apoyo en octubre y 69 en noviembre.<\/p>\n\n\n\n<p>Esta vez solo un 18 por ciento de los consultados desaprob\u00f3 la labor de la mandataria.<\/p>\n\n\n\n<p>Sobre las cualidades de la gobernante, el estudio registr\u00f3 75 por ciento de opini\u00f3n positiva en honestidad, 74 en liderazgo y 67 en capacidad para dar resultados.<\/p>\n\n\n\n<p>oda\/las<\/p>\n\n\n\n<ul class=\"wp-block-list\">\n<li>#<a href=\"https:\/\/www.prensa-latina.cu\/etiqueta\/mexico\/\">M\u00e9xico<\/a>\u00a0#<a href=\"https:\/\/www.prensa-latina.cu\/etiqueta\/sheinbaum\/\">sheinbaum<\/a><\/li>\n<\/ul>\n\n\n\n<p>MINUTO A MINUTO<\/p>\n\n\n\n<ul class=\"wp-block-list\">\n<li>00:44<\/li>\n<\/ul>\n\n\n\n<p><a href=\"https:\/\/www.prensa-latina.cu\/2025\/01\/08\/presidente-de-guatemala-beneficiara-con-tierras-a-230-familias\/\">Presidente de Guatemala beneficiar\u00e1 con tierras a 230 familias<\/a><\/p>\n\n\n\n<ul class=\"wp-block-list\">\n<li>00:43<\/li>\n<\/ul>\n\n\n\n<p><a href=\"https:\/\/www.prensa-latina.cu\/2025\/01\/08\/cuba-rememora-aniversario-66-de-entrada-de-fidel-castro-a-la-habana\/\">Cuba rememora aniversario 66 de entrada de Fidel Castro a La Habana<\/a><\/p>\n\n\n\n<ul class=\"wp-block-list\">\n<li>00:37<\/li>\n<\/ul>\n\n\n\n<p><a href=\"https:\/\/www.prensa-latina.cu\/2025\/01\/08\/expectativa-por-posible-visita-de-messi-e-inter-de-miami-a-guatemala\/\">Expectativa por posible visita de Messi e Inter de Miami a Guatemala<\/a><\/p>\n\n\n\n<ul class=\"wp-block-list\">\n<li>00:34<\/li>\n<\/ul>\n\n\n\n<p><a href=\"https:\/\/www.prensa-latina.cu\/2025\/01\/08\/reconocen-en-japon-a-organizacion-distinguida-con-premio-nobel-de-paz\/\">Reconocen en Jap\u00f3n a organizaci\u00f3n distinguida con Premio Nobel de Paz<\/a><\/p>\n\n\n\n<ul class=\"wp-block-list\">\n<li>00:24<\/li>\n<\/ul>\n\n\n\n<p><a href=\"https:\/\/www.prensa-latina.cu\/2025\/01\/08\/legisladores-de-bolivia-analizaran-distribucion-de-escanos\/\">Legisladores de Bolivia analizar\u00e1n distribuci\u00f3n de esca\u00f1os<\/a><\/p>\n\n\n\n<ul class=\"wp-block-list\">\n<li>00:22<\/li>\n<\/ul>\n\n\n\n<p><a href=\"https:\/\/www.prensa-latina.cu\/2025\/01\/08\/comienza-en-nicaragua-distribucion-de-la-merienda-escolar\/\">Comienza en Nicaragua distribuci\u00f3n de la merienda escolar<\/a><\/p>\n\n\n\n<p>relacionadas<\/p>\n\n\n\n<figure class=\"wp-block-image\"><img decoding=\"async\" src=\"https:\/\/www.prensa-latina.cu\/wp-content\/uploads\/2025\/01\/mexico-crimen-videojuegos-1.jpg\" alt=\"\" class=\"wp-image-1470794\"\/><\/figure>\n\n\n\n<h4 class=\"wp-block-heading\"><a href=\"https:\/\/www.prensa-latina.cu\/2025\/01\/07\/alertan-en-mexico-sobre-uso-de-videojuegos-por-grupos-delictivos\/\">Alertan en M\u00e9xico sobre uso de videojuegos por grupos delictivos<\/a><\/h4>\n\n\n\n<ul class=\"wp-block-list\">\n<li>enero 7, 2025<\/li>\n\n\n\n<li>19:11<\/li>\n<\/ul>\n\n\n\n<figure class=\"wp-block-image\"><img decoding=\"async\" src=\"https:\/\/www.prensa-latina.cu\/wp-content\/uploads\/2025\/01\/Sheinbaum-1.jpg\" alt=\"\" class=\"wp-image-1470260\"\/><\/figure>\n\n\n\n<h4 class=\"wp-block-heading\"><a href=\"https:\/\/www.prensa-latina.cu\/2025\/01\/07\/presidenta-reitera-defensa-de-soberania-e-independencia-de-mexico\/\">Presidenta reitera defensa de soberan\u00eda e independencia de M\u00e9xico<\/a><\/h4>\n\n\n\n<ul class=\"wp-block-list\">\n<li>enero 7, 2025<\/li>\n\n\n\n<li>13:09<\/li>\n<\/ul>\n\n\n\n<figure class=\"wp-block-image\"><img decoding=\"async\" src=\"https:\/\/www.prensa-latina.cu\/wp-content\/uploads\/2024\/11\/tlcan-y-t-mec.jpg\" alt=\"\" class=\"wp-image-694056\"\/><\/figure>\n\n\n\n<h4 class=\"wp-block-heading\"><a href=\"https:\/\/www.prensa-latina.cu\/2025\/01\/07\/sheinbaum-descarta-afectacion-al-t-mec-tras-renuncia-de-trudeau\/\">Sheinbaum descarta afectaci\u00f3n al T-MEC tras renuncia de Trudeau<\/a><\/h4>\n\n\n\n<ul class=\"wp-block-list\">\n<li>enero 7, 2025<\/li>\n\n\n\n<li>11:48<\/li>\n<\/ul>\n\n\n\n<figure class=\"wp-block-image\"><img decoding=\"async\" src=\"https:\/\/www.prensa-latina.cu\/wp-content\/uploads\/2024\/04\/fentanilo-1.jpg\" alt=\"\" class=\"wp-image-869062\"\/><\/figure>\n\n\n\n<h4 class=\"wp-block-heading\"><a href=\"https:\/\/www.prensa-latina.cu\/2025\/01\/07\/mexico-lanza-campana-de-prevencion-contra-el-fentanilo\/\">M\u00e9xico lanza campa\u00f1a de prevenci\u00f3n contra el fentanilo<\/a><\/h4>\n\n\n\n<ul class=\"wp-block-list\">\n<li>enero 7, 2025<\/li>\n\n\n\n<li>10:57<\/li>\n<\/ul>\n","protected":false},"excerpt":{"rendered":"<p>Ciudad de M\u00e9xico, 8 ene (Prensa Latina) La presidenta de M\u00e9xico, Claudia Sheinbaum, llega hoy a sus primeros 100 d\u00edas de gobierno con una alta aprobaci\u00f3n ciudadana y una gesti\u00f3n caracterizada por la continuidad del proceso de cambios sociales iniciado en 2018. Tras ganar los comicios de manera arrolladora en junio del a\u00f1o pasado, la [&hellip;]<\/p>\n","protected":false},"author":28,"featured_media":587809,"comment_status":"closed","ping_status":"closed","sticky":true,"template":"","format":"standard","meta":{"footnotes":""},"categories":[36,23],"tags":[],"class_list":["post-587808","post","type-post","status-publish","format-standard","has-post-thumbnail","hentry","category-hombresmujeresycosas","category-internacional"],"_links":{"self":[{"href":"https:\/\/diariodominicano.com\/index.php?rest_route=\/wp\/v2\/posts\/587808","targetHints":{"allow":["GET"]}}],"collection":[{"href":"https:\/\/diariodominicano.com\/index.php?rest_route=\/wp\/v2\/posts"}],"about":[{"href":"https:\/\/diariodominicano.com\/index.php?rest_route=\/wp\/v2\/types\/post"}],"author":[{"embeddable":true,"href":"https:\/\/diariodominicano.com\/index.php?rest_route=\/wp\/v2\/users\/28"}],"replies":[{"embeddable":true,"href":"https:\/\/diariodominicano.com\/index.php?rest_route=%2Fwp%2Fv2%2Fcomments&post=587808"}],"version-history":[{"count":1,"href":"https:\/\/diariodominicano.com\/index.php?rest_route=\/wp\/v2\/posts\/587808\/revisions"}],"predecessor-version":[{"id":587810,"href":"https:\/\/diariodominicano.com\/index.php?rest_route=\/wp\/v2\/posts\/587808\/revisions\/587810"}],"wp:featuredmedia":[{"embeddable":true,"href":"https:\/\/diariodominicano.com\/index.php?rest_route=\/wp\/v2\/media\/587809"}],"wp:attachment":[{"href":"https:\/\/diariodominicano.com\/index.php?rest_route=%2Fwp%2Fv2%2Fmedia&parent=587808"}],"wp:term":[{"taxonomy":"category","embeddable":true,"href":"https:\/\/diariodominicano.com\/index.php?rest_route=%2Fwp%2Fv2%2Fcategories&post=587808"},{"taxonomy":"post_tag","embeddable":true,"href":"https:\/\/diariodominicano.com\/index.php?rest_route=%2Fwp%2Fv2%2Ftags&post=587808"}],"curies":[{"name":"wp","href":"https:\/\/api.w.org\/{rel}","templated":true}]}}