{"id":587805,"date":"2025-01-08T01:56:15","date_gmt":"2025-01-08T05:56:15","guid":{"rendered":"https:\/\/diariodominicano.com\/?p=587805"},"modified":"2025-01-08T01:56:16","modified_gmt":"2025-01-08T05:56:16","slug":"cuba-rememora-aniversario-66-de-entrada-de-fidel-castro-a-la-habana","status":"publish","type":"post","link":"https:\/\/diariodominicano.com\/?p=587805","title":{"rendered":"Cuba rememora aniversario 66 de entrada de Fidel Castro a La Habana"},"content":{"rendered":"\n<p>La Habana, 8 ene (Prensa Latina) Cuba conmemora hoy el aniversario 66 del arribo a esta capital de la \u201cCaravana de la Libertad\u201d del Ej\u00e9rcito Rebelde, con Fidel Castro al mando, tras la victoria revolucionaria el 1 de enero de 1959.<\/p>\n\n\n\n<ul class=\"wp-block-list\">\n<li><a href=\"https:\/\/www.prensa-latina.cu\/2025\/01\/08\/\"><time>enero 8, 2025 | 00:43<\/time><\/a><\/li>\n<\/ul>\n\n\n\n<ul class=\"wp-block-list\">\n<li><a href=\"https:\/\/www.prensa-latina.cu\/2025\/01\/08\/cuba-rememora-aniversario-66-de-entrada-de-fidel-castro-a-la-habana\/#\"><\/a><\/li>\n\n\n\n<li><a href=\"https:\/\/www.prensa-latina.cu\/2025\/01\/08\/cuba-rememora-aniversario-66-de-entrada-de-fidel-castro-a-la-habana\/#\"><\/a><\/li>\n\n\n\n<li><a href=\"https:\/\/www.prensa-latina.cu\/2025\/01\/08\/cuba-rememora-aniversario-66-de-entrada-de-fidel-castro-a-la-habana\/#\"><\/a><\/li>\n\n\n\n<li><a href=\"https:\/\/www.prensa-latina.cu\/2025\/01\/08\/cuba-rememora-aniversario-66-de-entrada-de-fidel-castro-a-la-habana\/#\"><\/a><\/li>\n<\/ul>\n\n\n\n<p>La entrada del l\u00edder guerrillero a La Habana ser\u00e1 evocada esta ma\u00f1ana en puntos capitalinos por donde arrib\u00f3 en aquella fecha la comitiva, tras m\u00e1s de mil kil\u00f3metros de trayecto en contacto con el pueblo desde la oriental ciudad de Santiago de Cuba.<\/p>\n\n\n\n<p>De acuerdo con autoridades locales, la reedici\u00f3n del hecho hist\u00f3rico iniciar\u00e1 en complejos fabriles del municipio Cotorro, se colocar\u00e1 despu\u00e9s una ofrenda floral ante el yate Granma en el Museo de la Revoluci\u00f3n, en La Habana Vieja.<\/p>\n\n\n\n<p>En horas de la tarde se prev\u00e9 el paso de los \u201ccaravanistas\u201d por calle 23 en el barrio habanero del Vedado, hasta arribar a la Ciudad Escolar Libertad, complejo cient\u00edfico pedag\u00f3gico, ubicado en el municipio Marianao, donde tendr\u00e1 lugar el acto central nacional por la efem\u00e9ride.<\/p>\n\n\n\n<p>La reedici\u00f3n de aquella gesta parti\u00f3 el pasado 2 de enero desde la urbe santiaguera a cargo de j\u00f3venes destacados y protagonistas del acontecimiento hist\u00f3rico, que a su paso por cada provincia entregaba el relevo de la marcha triunfal a otros integrantes de las nuevas generaciones.<\/p>\n\n\n\n<p>La ocasi\u00f3n fue oportuna para que las autoridades de esas provincias entregaran a j\u00f3venes y trabajadores destacados en diversos \u00e1mbitos, el carnet que los acredita como miembros de la Uni\u00f3n de J\u00f3venes Comunistas (UJC) y del Partido Comunista.<\/p>\n\n\n\n<p>Asimismo, algunos recibieron la condici\u00f3n Siempre Joven conferida por el Comit\u00e9 Nacional de la UJC por su relevante participaci\u00f3n en las tareas de esa organizaci\u00f3n pol\u00edtica.<\/p>\n\n\n\n<p>En 1959, tras m\u00e1s de dos a\u00f1os de hostilidades contra la dictadura de Fulgencio Batista (1952-1958), las columnas rebeldes recib\u00edan el agasajo de los habitantes de pueblos y ciudades a lo largo del trayecto, lo cual evidenci\u00f3 un rotundo apoyo popular a la propuesta de cambio pol\u00edtico que se iniciaba en la isla caribe\u00f1a.<\/p>\n\n\n\n<p>De acuerdo con cronistas de aquella gesta, el contingente de humildes soldados y patriotas, con uniformes de combate y largas melenas, impregn\u00f3 una m\u00edstica en la poblaci\u00f3n que elev\u00f3 a dimensiones \u00e9picas los relatos de sus victorias militares sobre fuerzas regulares mejor equipadas y adiestradas.<\/p>\n\n\n\n<p>El avance de la Caravana de Oriente a Occidente mostraba la posibilidad de hacer realidad sue\u00f1os de justicia social largamente postergados, y al propio tiempo se\u00f1alaba numerosos peligros que deb\u00eda sortear la Revoluci\u00f3n ante la hostilidad de sus enemigos internos y externos.<\/p>\n\n\n\n<p>La marcha del Ej\u00e9rcito Rebelde represent\u00f3 adem\u00e1s el primer encuentro directo de los cubanos con el comandante Fidel Castro, el l\u00edder que luego conducir\u00eda los destinos de la naci\u00f3n y edificar\u00eda, junto a las fuerzas revolucionarias, un proyecto socialista de referencia continental.<\/p>\n\n\n\n<p>oda\/lld<\/p>\n\n\n\n<ul class=\"wp-block-list\">\n<li>#<a href=\"https:\/\/www.prensa-latina.cu\/etiqueta\/caravanalibertad\/\">CaravanaLibertad<\/a>\u00a0#<a href=\"https:\/\/www.prensa-latina.cu\/etiqueta\/cuba\/\">cuba<\/a>\u00a0#<a href=\"https:\/\/www.prensa-latina.cu\/etiqueta\/fidelcastro\/\">fidelcastro<\/a>\u00a0#<a href=\"https:\/\/www.prensa-latina.cu\/etiqueta\/victoria1959\/\">victoria1959<\/a><\/li>\n<\/ul>\n","protected":false},"excerpt":{"rendered":"<p>La Habana, 8 ene (Prensa Latina) Cuba conmemora hoy el aniversario 66 del arribo a esta capital de la \u201cCaravana de la Libertad\u201d del Ej\u00e9rcito Rebelde, con Fidel Castro al mando, tras la victoria revolucionaria el 1 de enero de 1959. La entrada del l\u00edder guerrillero a La Habana ser\u00e1 evocada esta ma\u00f1ana en puntos [&hellip;]<\/p>\n","protected":false},"author":28,"featured_media":587806,"comment_status":"closed","ping_status":"closed","sticky":true,"template":"","format":"standard","meta":{"footnotes":""},"categories":[26],"tags":[],"class_list":["post-587805","post","type-post","status-publish","format-standard","has-post-thumbnail","hentry","category-efemerides"],"_links":{"self":[{"href":"https:\/\/diariodominicano.com\/index.php?rest_route=\/wp\/v2\/posts\/587805","targetHints":{"allow":["GET"]}}],"collection":[{"href":"https:\/\/diariodominicano.com\/index.php?rest_route=\/wp\/v2\/posts"}],"about":[{"href":"https:\/\/diariodominicano.com\/index.php?rest_route=\/wp\/v2\/types\/post"}],"author":[{"embeddable":true,"href":"https:\/\/diariodominicano.com\/index.php?rest_route=\/wp\/v2\/users\/28"}],"replies":[{"embeddable":true,"href":"https:\/\/diariodominicano.com\/index.php?rest_route=%2Fwp%2Fv2%2Fcomments&post=587805"}],"version-history":[{"count":1,"href":"https:\/\/diariodominicano.com\/index.php?rest_route=\/wp\/v2\/posts\/587805\/revisions"}],"predecessor-version":[{"id":587807,"href":"https:\/\/diariodominicano.com\/index.php?rest_route=\/wp\/v2\/posts\/587805\/revisions\/587807"}],"wp:featuredmedia":[{"embeddable":true,"href":"https:\/\/diariodominicano.com\/index.php?rest_route=\/wp\/v2\/media\/587806"}],"wp:attachment":[{"href":"https:\/\/diariodominicano.com\/index.php?rest_route=%2Fwp%2Fv2%2Fmedia&parent=587805"}],"wp:term":[{"taxonomy":"category","embeddable":true,"href":"https:\/\/diariodominicano.com\/index.php?rest_route=%2Fwp%2Fv2%2Fcategories&post=587805"},{"taxonomy":"post_tag","embeddable":true,"href":"https:\/\/diariodominicano.com\/index.php?rest_route=%2Fwp%2Fv2%2Ftags&post=587805"}],"curies":[{"name":"wp","href":"https:\/\/api.w.org\/{rel}","templated":true}]}}