{"id":587799,"date":"2025-01-08T01:48:32","date_gmt":"2025-01-08T05:48:32","guid":{"rendered":"https:\/\/diariodominicano.com\/?p=587799"},"modified":"2025-01-08T01:48:37","modified_gmt":"2025-01-08T05:48:37","slug":"cidh-observa-graves-violaciones-a-derechos-humanos-en-venezuela-y-reprocha-estrategia-represiva-poselectoral","status":"publish","type":"post","link":"https:\/\/diariodominicano.com\/?p=587799","title":{"rendered":"CIDH observa \u201cgraves violaciones\u201d a derechos humanos en Venezuela y reprocha \u00abestrategia represiva\u00bb poselectoral"},"content":{"rendered":"\n<p>ARCHIVO &#8211; Venezolanos detenidos durante la campa\u00f1a gubernamental contra opositores a los resultados de elecciones presidenciales son escoltadas por guardias nacionales a trav\u00e9s de un puente peatonal tras ser liberados de la prisi\u00f3n en Tocuyito, 16 de noviembre de 2024.<\/p>\n\n\n\n<p>enero 07, 2025<\/p>\n\n\n\n<ul class=\"wp-block-list\">\n<li><a href=\"https:\/\/www.vozdeamerica.com\/author\/tomas-guevara\/pikyi\">Tom\u00e1s Guevara<\/a><\/li>\n<\/ul>\n\n\n\n<ul class=\"wp-block-list\">\n<li><a href=\"https:\/\/facebook.com\/sharer.php?u=https%3a%2f%2fwww.vozdeamerica.com%2fa%2fcidh-observa-graves-violaciones-a-derechos-humanos-en-venezuela-y-reprocha-estrategia-represiva-poselectoral%2f7927333.html\" target=\"_blank\" rel=\"noreferrer noopener\"><\/a><\/li>\n\n\n\n<li><a href=\"https:\/\/twitter.com\/share?url=https%3a%2f%2fwww.vozdeamerica.com%2fa%2fcidh-observa-graves-violaciones-a-derechos-humanos-en-venezuela-y-reprocha-estrategia-represiva-poselectoral%2f7927333.html&amp;text=CIDH+observa+%e2%80%9cgraves+violaciones%e2%80%9d+a+derechos+humanos+en+Venezuela+y+reprocha+%22estrategia+represiva%22+poselectoral\" target=\"_blank\" rel=\"noreferrer noopener\"><\/a><\/li>\n\n\n\n<li><\/li>\n\n\n\n<li><a href=\"mailto:?body=https%3a%2f%2fwww.vozdeamerica.com%2fa%2fcidh-observa-graves-violaciones-a-derechos-humanos-en-venezuela-y-reprocha-estrategia-represiva-poselectoral%2f7927333.html&amp;subject=CIDH%20observa%20%E2%80%9Cgraves%20violaciones%E2%80%9D%20a%20derechos%20humanos%20en%20Venezuela%20y%20reprocha%20%22estrategia%20represiva%22%20poselectoral\"><\/a><\/li>\n<\/ul>\n\n\n\n<p><a href=\"https:\/\/www.vozdeamerica.com\/a\/cidh-observa-graves-violaciones-a-derechos-humanos-en-venezuela-y-reprocha-estrategia-represiva-poselectoral\/7927333.html#comments\">&nbsp;Vea comentarios<\/a><\/p>\n\n\n\n<p>La Comisi\u00f3n Interamericana de Derechos Humanos present\u00f3 en Washington un informe especial sobre Venezuela, donde se\u00f1ala las flagrantes violaciones a derechos fundamentales durante el proceso electoral por parte del oficialismo, con la intenci\u00f3n de suprimir la participaci\u00f3n pol\u00edtica de la oposici\u00f3n.<\/p>\n\n\n\n<p>Washington \u2014&nbsp;<\/p>\n\n\n\n<p>Un informe presentado por la Comisi\u00f3n Interamericana de Derechos Humanos (CIDH) da cuenta de sucesivas violaciones a derechos humanos registradas durante el proceso electoral y poselecciones en Venezuela y califica la situaci\u00f3n como una \u201cestrategia represiva del r\u00e9gimen para impedir la participaci\u00f3n pol\u00edtica de la oposici\u00f3n\u201d.<\/p>\n\n\n\n<p>La CIDH present\u00f3 sus hallazgos justo en medio de la visita que hizo a la capital estadounidense<strong><em><a href=\"https:\/\/www.vozdeamerica.com\/a\/biden-recibe-a-edmundo-gonzalez-en-la-casa-blanca-\/7925958.html\" target=\"_blank\" rel=\"noreferrer noopener\">&nbsp;el excandidato Edmundo Gonz\u00e1lez<\/a><\/em><\/strong>, quien seg\u00fan la oposici\u00f3n gan\u00f3 los comicios presidenciales por abultada mayor\u00eda, pero que le fueron arrebatados.<\/p>\n\n\n\n<p>La comisionada Gloria De Mees, Relatora para Venezuela ante el organismo en Washington, coment\u00f3 a la&nbsp;<strong><em>Voz de Am\u00e9rica<\/em><\/strong>&nbsp;que este informe detalla la existencia de una estrategia para \u201csuprimir la participaci\u00f3n pol\u00edtica de la oposici\u00f3n\u201d en el pa\u00eds sudamericano y que eso ha llevado a \u201cimpedir la posibilidad de elecciones libres, justas, competitivas y transparentes; e infundir miedo en la poblaci\u00f3n para mantener su control del poder\u201d.<\/p>\n\n\n\n<figure class=\"wp-block-image\"><img decoding=\"async\" src=\"https:\/\/gdb.voanews.com\/9ef2efc3-a7f3-4662-84d5-53495367c9a7_tv_w650_r1.jpg\" alt=\"L\u00edder opositor Edmundo Gonz\u00e1lez habla con venezolanos en las afueras de la OEA\" title=\"L\u00edder opositor Edmundo Gonz\u00e1lez habla con venezolanos en las afueras de la OEA\"\/><\/figure>\n\n\n\n<p><video poster=\"https:\/\/gdb.voanews.com\/9ef2efc3-a7f3-4662-84d5-53495367c9a7_tv_w650_r1.jpg\" src=\"blob:https:\/\/www.vozdeamerica.com\/03250646-ecb0-407e-8dc1-c37f01226cd8\" height=\"381\" width=\"676\"><\/video><\/p>\n\n\n\n<p>&nbsp;Insertar&nbsp;share<\/p>\n\n\n\n<h5 class=\"wp-block-heading\"><a href=\"https:\/\/www.vozdeamerica.com\/a\/cidh-observa-graves-violaciones-a-derechos-humanos-en-venezuela-y-reprocha-estrategia-represiva-poselectoral\/7926457.html\" target=\"_blank\" rel=\"noreferrer noopener\">L\u00edder opositor Edmundo Gonz\u00e1lez habla con venezolanos en las afueras de la OEA<\/a><\/h5>\n\n\n\n<p>&nbsp;Insertar&nbsp;share<\/p>\n\n\n\n<p>El c\u00f3digo se ha copiado en su portapapeles.<\/p>\n\n\n\n<hr class=\"wp-block-separator has-alpha-channel-opacity\"\/>\n\n\n\n<p>Ancho&nbsp;&nbsp;pxAltura&nbsp;&nbsp;px<\/p>\n\n\n\n<ul class=\"wp-block-list\">\n<li><a href=\"https:\/\/facebook.com\/sharer.php?u=https%3a%2f%2fwww.vozdeamerica.com%2fa%2f7926457.html\" target=\"_blank\" rel=\"noreferrer noopener\">Comparta en Facebook<\/a><\/li>\n\n\n\n<li><a href=\"https:\/\/twitter.com\/share?url=https%3a%2f%2fwww.vozdeamerica.com%2fa%2f7926457.html&amp;text=L%c3%adder+opositor+Edmundo+Gonz%c3%a1lez+habla+con+venezolanos+en+las+afueras+de+la+OEA\" target=\"_blank\" rel=\"noreferrer noopener\">Comparta en Twitter<\/a><\/li>\n<\/ul>\n\n\n\n<hr class=\"wp-block-separator has-alpha-channel-opacity\"\/>\n\n\n\n<p>The URL has been copied to your clipboard<\/p>\n\n\n\n<ul class=\"wp-block-list\">\n<li>Auto<\/li>\n\n\n\n<li>240p<\/li>\n\n\n\n<li>360p<\/li>\n\n\n\n<li>480p<\/li>\n\n\n\n<li>720p<\/li>\n\n\n\n<li>1080p<\/li>\n<\/ul>\n\n\n\n<p>No media source currently available<\/p>\n\n\n\n<p>0:001:070:00<\/p>\n\n\n\n<ul class=\"wp-block-list\">\n<li><\/li>\n\n\n\n<li><\/li>\n\n\n\n<li><\/li>\n\n\n\n<li><\/li>\n\n\n\n<li><\/li>\n\n\n\n<li><\/li>\n<\/ul>\n\n\n\n<p><a href=\"https:\/\/www.vozdeamerica.com\/embed\/player\/Article\/7926457.html?type=video&amp;FullScreenMode=True\" target=\"_blank\" rel=\"noreferrer noopener\"><\/a><\/p>\n\n\n\n<p>&nbsp;Descargar&nbsp;<\/p>\n\n\n\n<p>De Mees tambi\u00e9n dijo que el informe de la CIDH ratifica su \u201cinquebrantable compromiso y solidaridad con el pueblo venezolano, y llama nuevamente a la comunidad internacional a reconocer la gravedad de la crisis de derechos humanos en el pa\u00eds\u201d.<\/p>\n\n\n\n<p>Pidi\u00f3, adem\u00e1s, mantener la atenci\u00f3n en Venezuela donde no se descarta una \u201cmayor escalada de represi\u00f3n\u201d, por lo que alienta a la comunidad internacional a implementar todos los mecanismos diplom\u00e1ticos e institucionales que contribuyan al \u201cretorno de la democracia\u201d.<\/p>\n\n\n\n<h3 class=\"wp-block-heading\">Datos del informe<\/h3>\n\n\n\n<p>Seg\u00fan la CIDH la escalada represiva empez\u00f3 en la etapa preelectoral al obstaculizar la participaci\u00f3n de la oposici\u00f3n, cuando el gobierno utiliz\u00f3 su \u201ccontrol de diversas instituciones\u201d como la Fiscal\u00eda, la Contralor\u00eda General de la Rep\u00fablica y el Tribunal Supremo de Justicia.<\/p>\n\n\n\n<p>\u201cEsto result\u00f3 en detenciones arbitrarias de personas opositoras, defensoras de derechos humanos y l\u00edderes sociales, y actos de hostigamiento, persecuci\u00f3n e inhabilitaci\u00f3n pol\u00edtica contra quienes se percib\u00edan como rivales\u201d, dijo.<\/p>\n\n\n\n<p><a href=\"https:\/\/www.vozdeamerica.com\/a\/escenarios-10-enero-toma-presidencial-venezuela-nicolas-maduro-edmundo-gonzalez-urrutia-maria-corina-machado-analisis-\/7923272.html\"><\/a><\/p>\n\n\n\n<p><a href=\"https:\/\/www.vozdeamerica.com\/a\/escenarios-10-enero-toma-presidencial-venezuela-nicolas-maduro-edmundo-gonzalez-urrutia-maria-corina-machado-analisis-\/7923272.html\">Tambi\u00e9n lea<\/a><\/p>\n\n\n\n<h4 class=\"wp-block-heading\"><a href=\"https:\/\/www.vozdeamerica.com\/a\/escenarios-10-enero-toma-presidencial-venezuela-nicolas-maduro-edmundo-gonzalez-urrutia-maria-corina-machado-analisis-\/7923272.html\">Los seis escenarios posibles del 10 de enero en Venezuela: \u00bfMaduro sigue o la oposici\u00f3n irrumpe en el poder?<\/a><\/h4>\n\n\n\n<p>Luego llegar\u00eda el&nbsp;<strong><em><a href=\"https:\/\/www.vozdeamerica.com\/a\/tribunal-supremo-justicia-venezuela-inicia-peritaje-formal-resultados-electorales\/7738875.html\" target=\"_blank\" rel=\"noreferrer noopener\">d\u00eda de las elecciones presidenciales&nbsp;<\/a><\/em><\/strong>del 28 de julio y la noche del escrutinio cuando el Consejo Nacional Electoral (CNE), \u201csuspendi\u00f3 la transmisi\u00f3n de los resultados y se rehus\u00f3 a publicar las actas de votaci\u00f3n que respaldaban los resultados anunciados. Esto gener\u00f3 una fuerte percepci\u00f3n de fraude entre la poblaci\u00f3n\u201d.<\/p>\n\n\n\n<p>Las protestas exigiendo el respeto a los resultados, seg\u00fan la CIDH, desencadenaron una ola de \u201crepresi\u00f3n y aumento de la violencia\u201d que llevaron a reprimir al menos 300 manifestaciones espont\u00e1neas \u201cpor las fuerzas del r\u00e9gimen\u201d.<\/p>\n\n\n\n<p>Tambi\u00e9n el informe destac\u00f3 que como parte de la \u201cOperaci\u00f3n Tun Tun\u201d se registraron al menos 25 muertos, \u201cm\u00e1s de 2.000 detenciones arbitrarias, desapariciones forzadas, torturas y otras graves violaciones a los derechos humanos\u201d.<\/p>\n\n\n\n<p>La Comisi\u00f3n, parte de la Organizaci\u00f3n de Estados Americanos (OEA), tambi\u00e9n se\u00f1al\u00f3 los m\u00faltiples allanamientos sin orden judicial, y detenciones masivas de ciudadanos, \u201cadem\u00e1s de recurrir a actos de violencia sistem\u00e1tica contra personas manifestantes\u201d.<\/p>\n\n\n\n<figure class=\"wp-block-image\"><img decoding=\"async\" src=\"https:\/\/gdb.voanews.com\/15b012c3-1329-40a3-b753-79dba8286285_tv_w650_r1.jpg\" alt=\"Comunidad internacional divide apoyos a d\u00edas de investidura presidencial en Venezuela\" title=\"Comunidad internacional divide apoyos a d\u00edas de investidura presidencial en Venezuela\"\/><\/figure>\n\n\n\n<p><video poster=\"https:\/\/gdb.voanews.com\/15b012c3-1329-40a3-b753-79dba8286285_tv_w650_r1.jpg\" src=\"blob:https:\/\/www.vozdeamerica.com\/1595698f-a742-4d79-b6e1-1bd9b4becb4e\" height=\"381\" width=\"676\"><\/video><\/p>\n\n\n\n<p>&nbsp;Insertar&nbsp;share<\/p>\n\n\n\n<h5 class=\"wp-block-heading\"><a href=\"https:\/\/www.vozdeamerica.com\/a\/cidh-observa-graves-violaciones-a-derechos-humanos-en-venezuela-y-reprocha-estrategia-represiva-poselectoral\/7927311.html\" target=\"_blank\" rel=\"noreferrer noopener\">Comunidad internacional divide apoyos a d\u00edas de investidura presidencial en Venezuela<\/a><\/h5>\n\n\n\n<p>&nbsp;Insertar&nbsp;share<\/p>\n\n\n\n<p>El c\u00f3digo se ha copiado en su portapapeles.<\/p>\n\n\n\n<hr class=\"wp-block-separator has-alpha-channel-opacity\"\/>\n\n\n\n<p>Ancho&nbsp;&nbsp;pxAltura&nbsp;&nbsp;px<\/p>\n\n\n\n<ul class=\"wp-block-list\">\n<li><a href=\"https:\/\/facebook.com\/sharer.php?u=https%3a%2f%2fwww.vozdeamerica.com%2fa%2f7927311.html\" target=\"_blank\" rel=\"noreferrer noopener\">Comparta en Facebook<\/a><\/li>\n\n\n\n<li><a href=\"https:\/\/twitter.com\/share?url=https%3a%2f%2fwww.vozdeamerica.com%2fa%2f7927311.html&amp;text=Comunidad+internacional+divide+apoyos+a+d%c3%adas+de+investidura+presidencial+en+Venezuela\" target=\"_blank\" rel=\"noreferrer noopener\">Comparta en Twitter<\/a><\/li>\n<\/ul>\n\n\n\n<hr class=\"wp-block-separator has-alpha-channel-opacity\"\/>\n\n\n\n<p>The URL has been copied to your clipboard<\/p>\n\n\n\n<ul class=\"wp-block-list\">\n<li>Auto<\/li>\n\n\n\n<li>240p<\/li>\n\n\n\n<li>360p<\/li>\n\n\n\n<li>480p<\/li>\n\n\n\n<li>720p<\/li>\n\n\n\n<li>1080p<\/li>\n<\/ul>\n\n\n\n<p>No media source currently available<\/p>\n\n\n\n<p>0:001:460:00<\/p>\n\n\n\n<ul class=\"wp-block-list\">\n<li><\/li>\n\n\n\n<li><\/li>\n\n\n\n<li><\/li>\n\n\n\n<li><\/li>\n\n\n\n<li><\/li>\n\n\n\n<li><\/li>\n<\/ul>\n\n\n\n<p><a href=\"https:\/\/www.vozdeamerica.com\/embed\/player\/Article\/7927311.html?type=video&amp;FullScreenMode=True\" target=\"_blank\" rel=\"noreferrer noopener\"><\/a><\/p>\n\n\n\n<p>&nbsp;Descargar&nbsp;<\/p>\n\n\n\n<p>La CIDH consider\u00f3 la situaci\u00f3n de Venezuela como un \u201cterrorismo de Estado\u201d a consecuencia de la cooptaci\u00f3n de las instituciones por parte del poder Ejecutivo, \u201cla corrupci\u00f3n y el control de los poderes p\u00fablicos\u201d.<\/p>\n\n\n\n<p>Para la Comisi\u00f3n, las circunstancias alrededor de las elecciones del 28 de julio configuran una \u201calteraci\u00f3n del orden constitucional\u201d con restricciones de los derechos pol\u00edticos de la ciudadan\u00eda por lo que considera que la reelecci\u00f3n de Nicol\u00e1s Maduro no goza de legitimidad democr\u00e1tica.<\/p>\n\n\n\n<p>\u201cLa Comisi\u00f3n Interamericana destaca que el caso venezolano ilustra claramente la relaci\u00f3n intr\u00ednseca entre los derechos humanos, la democracia y el Estado de Derecho. Estos tres elementos conforman una tr\u00edada en la que cada uno se define, complementa y cobra sentido en funci\u00f3n de los otros\u201d, mencion\u00f3 el informe.<\/p>\n\n\n\n<p><a href=\"https:\/\/www.vozdeamerica.com\/a\/puede-pasar-en-cualquier-momento-los-venezolanos-que-mantienen-la-esperanza-de-cambio-politico-pese-a-la-polemica-asuncion-de-maduro-\/7926897.html\"><\/a><\/p>\n\n\n\n<p><a href=\"https:\/\/www.vozdeamerica.com\/a\/puede-pasar-en-cualquier-momento-los-venezolanos-que-mantienen-la-esperanza-de-cambio-politico-pese-a-la-polemica-asuncion-de-maduro-\/7926897.html\">Tambi\u00e9n lea<\/a><\/p>\n\n\n\n<h4 class=\"wp-block-heading\"><a href=\"https:\/\/www.vozdeamerica.com\/a\/puede-pasar-en-cualquier-momento-los-venezolanos-que-mantienen-la-esperanza-de-cambio-politico-pese-a-la-polemica-asuncion-de-maduro-\/7926897.html\">Los venezolanos que mantienen la esperanza de cambio pol\u00edtico pese a la pol\u00e9mica asunci\u00f3n de Maduro<\/a><\/h4>\n\n\n\n<p>Y advirti\u00f3 que el colapso de esa tr\u00edada \u201cprovocado por la cooptaci\u00f3n de los poderes p\u00fablicos por parte del Poder Ejecutivo, facilit\u00f3 el establecimiento de un r\u00e9gimen de facto\u201d en Venezuela.<\/p>\n\n\n\n<h3 class=\"wp-block-heading\">Llamado a la comunidad internacional<\/h3>\n\n\n\n<p>La comisionada Gloria de Mees, en su calidad de Relatora para Venezuela, explic\u00f3 a la&nbsp;<strong><em>VOA<\/em><\/strong>&nbsp;que la situaci\u00f3n del pa\u00eds sudamericano es un llamado a la reflexi\u00f3n para el resto del continente.<\/p>\n\n\n\n<p>Y que el organismo \u201ccontinuar\u00e1 alertando a la comunidad internacional sobre la situaci\u00f3n de los derechos humanos en Venezuela y utilizar\u00e1 todos sus mecanismos de protecci\u00f3n para asistir a quienes lo necesiten\u201d.<\/p>\n\n\n\n<p>La funcionaria asegur\u00f3 que durante 65 a\u00f1os, la instancia, con sede en Washington, ha jugado un papel clave para ayudar a algunos pa\u00edses de la regi\u00f3n \u201ca superar las dictaduras, golpes militares y graves violaciones a los derechos humanos\u201d, por lo que la situaci\u00f3n de Venezuela no es una excepci\u00f3n para la CIDH.<\/p>\n\n\n\n<p><a href=\"https:\/\/www.vozdeamerica.com\/a\/cidh-pide-venezuela-proteja-policia-argentino-detenido-gobierno-milei-exige-regreso-\/7923693.html\"><\/a><\/p>\n\n\n\n<p><a href=\"https:\/\/www.vozdeamerica.com\/a\/cidh-pide-venezuela-proteja-policia-argentino-detenido-gobierno-milei-exige-regreso-\/7923693.html\">Tambi\u00e9n lea<\/a><\/p>\n\n\n\n<h4 class=\"wp-block-heading\"><a href=\"https:\/\/www.vozdeamerica.com\/a\/cidh-pide-venezuela-proteja-policia-argentino-detenido-gobierno-milei-exige-regreso-\/7923693.html\">CIDH pide a Venezuela que proteja al polic\u00eda argentino detenido; gobierno de Milei exige su regreso<\/a><\/h4>\n\n\n\n<p>El informe presentado este martes surgi\u00f3 a petici\u00f3n -seg\u00fan consign\u00f3 la CIDH en el resumen ejecutivo del documento- de numerosas organizaciones nacionales e internacionales de derechos humanos que tienen su atenci\u00f3n puesta en Venezuela, dada la magnitud de los hechos.<\/p>\n\n\n\n<p>Mencion\u00f3 tambi\u00e9n que la fiabilidad de los datos consignados en el documento han sido obtenidos de fuentes primarias, con testimonios recibidos a trav\u00e9s del Mecanismo Especial para Seguimiento de Venezuela (MESEVE) que re\u00fane peticiones y medidas cautelares y provisionales dictadas por la Comisi\u00f3n.<\/p>\n\n\n\n<p>Mucha de la informaci\u00f3n se ha ventilado en las audiencias p\u00fablicas y los informes tem\u00e1ticos anuales presentados por el organismo en su seguimiento continuo de la crisis venezolana.<\/p>\n\n\n\n<p>El gobierno de Venezuela, que ha rechazado la observancia de organismos internaciones como Naciones Unidas sobre violaciones a derechos humanos al considerarlos como \u00aberr\u00e1tica deriva\u00bb, a\u00fan no se ha pronunciado por el reciente el informe de la CIDH.<\/p>\n","protected":false},"excerpt":{"rendered":"<p>ARCHIVO &#8211; Venezolanos detenidos durante la campa\u00f1a gubernamental contra opositores a los resultados de elecciones presidenciales son escoltadas por guardias nacionales a trav\u00e9s de un puente peatonal tras ser liberados de la prisi\u00f3n en Tocuyito, 16 de noviembre de 2024. enero 07, 2025 &nbsp;Vea comentarios La Comisi\u00f3n Interamericana de Derechos Humanos present\u00f3 en Washington un [&hellip;]<\/p>\n","protected":false},"author":28,"featured_media":587800,"comment_status":"closed","ping_status":"closed","sticky":true,"template":"","format":"standard","meta":{"footnotes":""},"categories":[23],"tags":[],"class_list":["post-587799","post","type-post","status-publish","format-standard","has-post-thumbnail","hentry","category-internacional"],"_links":{"self":[{"href":"https:\/\/diariodominicano.com\/index.php?rest_route=\/wp\/v2\/posts\/587799","targetHints":{"allow":["GET"]}}],"collection":[{"href":"https:\/\/diariodominicano.com\/index.php?rest_route=\/wp\/v2\/posts"}],"about":[{"href":"https:\/\/diariodominicano.com\/index.php?rest_route=\/wp\/v2\/types\/post"}],"author":[{"embeddable":true,"href":"https:\/\/diariodominicano.com\/index.php?rest_route=\/wp\/v2\/users\/28"}],"replies":[{"embeddable":true,"href":"https:\/\/diariodominicano.com\/index.php?rest_route=%2Fwp%2Fv2%2Fcomments&post=587799"}],"version-history":[{"count":1,"href":"https:\/\/diariodominicano.com\/index.php?rest_route=\/wp\/v2\/posts\/587799\/revisions"}],"predecessor-version":[{"id":587801,"href":"https:\/\/diariodominicano.com\/index.php?rest_route=\/wp\/v2\/posts\/587799\/revisions\/587801"}],"wp:featuredmedia":[{"embeddable":true,"href":"https:\/\/diariodominicano.com\/index.php?rest_route=\/wp\/v2\/media\/587800"}],"wp:attachment":[{"href":"https:\/\/diariodominicano.com\/index.php?rest_route=%2Fwp%2Fv2%2Fmedia&parent=587799"}],"wp:term":[{"taxonomy":"category","embeddable":true,"href":"https:\/\/diariodominicano.com\/index.php?rest_route=%2Fwp%2Fv2%2Fcategories&post=587799"},{"taxonomy":"post_tag","embeddable":true,"href":"https:\/\/diariodominicano.com\/index.php?rest_route=%2Fwp%2Fv2%2Ftags&post=587799"}],"curies":[{"name":"wp","href":"https:\/\/api.w.org\/{rel}","templated":true}]}}