{"id":587794,"date":"2025-01-08T01:36:39","date_gmt":"2025-01-08T05:36:39","guid":{"rendered":"https:\/\/diariodominicano.com\/?p=587794"},"modified":"2025-01-08T01:36:44","modified_gmt":"2025-01-08T05:36:44","slug":"comienza-funeral-de-estado-a-jimmy-carter-en-el-capitolio-de-eeuu","status":"publish","type":"post","link":"https:\/\/diariodominicano.com\/?p=587794","title":{"rendered":"Comienza funeral de Estado a Jimmy Carter en el Capitolio de EEUU"},"content":{"rendered":"\n<p>El f\u00e9retro del expresidente Jimmy Carter en el centro de la rotonda del Capitolio en Washington DC, el 7 de enero de 2025.<\/p>\n\n\n\n<p>enero 07, 2025<\/p>\n\n\n\n<ul class=\"wp-block-list\">\n<li><a href=\"https:\/\/www.vozdeamerica.com\/author\/voz-de-america-redaccion\/p_kym\">Voz de Am\u00e9rica &#8211; Redacci\u00f3n<\/a><\/li>\n<\/ul>\n\n\n\n<p><\/p>\n\n\n\n<ul class=\"wp-block-list\">\n<li><a href=\"https:\/\/facebook.com\/sharer.php?u=https%3a%2f%2fwww.vozdeamerica.com%2fa%2fcomienza-funeral-de-estado-a-jimmy-carter-en-el-capitolio-de-eeuu%2f7928129.html\" target=\"_blank\" rel=\"noreferrer noopener\"><\/a><\/li>\n\n\n\n<li><a href=\"https:\/\/twitter.com\/share?url=https%3a%2f%2fwww.vozdeamerica.com%2fa%2fcomienza-funeral-de-estado-a-jimmy-carter-en-el-capitolio-de-eeuu%2f7928129.html&amp;text=Comienza+funeral+de+Estado+a+Jimmy+Carter+en+el+Capitolio+de+EEUU\" target=\"_blank\" rel=\"noreferrer noopener\"><\/a><\/li>\n\n\n\n<li><\/li>\n\n\n\n<li><a href=\"mailto:?body=https%3a%2f%2fwww.vozdeamerica.com%2fa%2fcomienza-funeral-de-estado-a-jimmy-carter-en-el-capitolio-de-eeuu%2f7928129.html&amp;subject=Comienza%20funeral%20de%20Estado%20a%20Jimmy%20Carter%20en%20el%20Capitolio%20de%20EEUU\"><\/a><\/li>\n<\/ul>\n\n\n\n<p><a href=\"https:\/\/www.vozdeamerica.com\/a\/comienza-funeral-de-estado-a-jimmy-carter-en-el-capitolio-de-eeuu\/7928129.html#comments\">&nbsp;Vea comentarios<\/a><\/p>\n\n\n\n<p>Los restos del expresidente Jimmy Carter yacen ya en la rotonda del Capitolio de EEUU en Washington, donde permanecer\u00e1n tres d\u00edas en un funeral de Estado.<\/p>\n\n\n\n<p>Los restos del 39\u00ba presidente de Estados Unidos, Jimmy Carter, fueron colocados este martes en la rotonda del Capitolio de Washington, DC, donde permanecer\u00e1n tres d\u00edas en un funeral de Estado.<\/p>\n\n\n\n<p>Los restos, que descansaban en el Centro Presidencial Carter desde el s\u00e1bado, abandonaron el campus de Atlanta el martes por la ma\u00f1ana, acompa\u00f1ados por sus hijos y su familia.<\/p>\n\n\n\n<p>La Misi\u00f3n A\u00e9rea Especial 39 parti\u00f3 de la Base A\u00e9rea Dobbins de la Reserva al norte de Atlanta y lleg\u00f3 a la Base Conjunta Andrews en Maryland. Una caravana de veh\u00edculos llev\u00f3 el ata\u00fad a Washington para un \u00faltimo viaje al Capitolio, donde los miembros del Congreso le presentar\u00e1n sus respetos.<\/p>\n\n\n\n<p>En Georgia, ocho militares que llevaban el f\u00e9retro sostuvieron el ata\u00fad de Carter mientras los ca\u00f1ones disparaban salvas en la pista cercana. Lo llevaron a un veh\u00edculo que lo elev\u00f3 hasta el compartimiento de pasajeros del avi\u00f3n, la ic\u00f3nica variante azul y blanca del Boeing 747 que se conoce como Air Force One cuando el presidente en funciones est\u00e1 a bordo.<\/p>\n\n\n\n<p>Carter nunca viaj\u00f3 como presidente en el avi\u00f3n, que vol\u00f3 por primera vez como Air Force One en 1990 con el presidente George H. W. Bush.<\/p>\n\n\n\n<p><video poster=\"https:\/\/gdb.voanews.com\/f03281df-d94e-4524-a8d3-f0ca3e165689_tv_w650_r1.jpg\" src=\"blob:https:\/\/www.vozdeamerica.com\/86a1fda1-db7d-4790-8fda-87c432ea0db6\" height=\"381\" width=\"676\"><\/video><\/p>\n\n\n\n<h5 class=\"wp-block-heading\"><a href=\"https:\/\/www.vozdeamerica.com\/a\/comienza-funeral-de-estado-a-jimmy-carter-en-el-capitolio-de-eeuu\/7928164.html\" target=\"_blank\" rel=\"noreferrer noopener\">El f\u00e9retro del expresidente Jimmy Carter llega al Capitolio de EEUU<\/a><\/h5>\n\n\n\n<ul class=\"wp-block-list\">\n<li><a href=\"https:\/\/facebook.com\/sharer.php?u=https%3a%2f%2fwww.vozdeamerica.com%2fa%2f7928164.html\" target=\"_blank\" rel=\"noreferrer noopener\">Comparta en Facebook<\/a><\/li>\n\n\n\n<li><a href=\"https:\/\/twitter.com\/share?url=https%3a%2f%2fwww.vozdeamerica.com%2fa%2f7928164.html&amp;text=El+f%c3%a9retro+del+expresidente+Jimmy+Carter+llega+al+Capitolio+de+EEUU\" target=\"_blank\" rel=\"noreferrer noopener\">Comparta en Twitter<\/a><\/li>\n<\/ul>\n\n\n\n<hr class=\"wp-block-separator has-alpha-channel-opacity\"\/>\n\n\n\n<p><a href=\"https:\/\/www.vozdeamerica.com\/embed\/player\/Article\/7928164.html?type=video&amp;FullScreenMode=True\" target=\"_blank\" rel=\"noreferrer noopener\"><\/a><\/p>\n\n\n\n<p>La escena se repiti\u00f3 en las afueras de Washington. El ata\u00fad del expresidente fue sacado del avi\u00f3n, se dispararon nuevas salvas y toc\u00f3 una banda militar. Un coche f\u00fanebre blasonado con el sello del presidente se uni\u00f3 a la comitiva que se dirig\u00eda hacia Washington.<\/p>\n\n\n\n<p>Una delegaci\u00f3n bipartidista de miembros del Congreso fue encabezada por los senadores Raphael Warnock y Jon Ossoff, dem\u00f3cratas que representan al estado natal de Carter, en la rotonda del Capitolio. Tambi\u00e9n estuvieron presentes la vicepresidenta Kamala Harris, miembros del gabinete del presidente Joe Biden y tres de los nueve jueces de la Corte Suprema de Estados Unidos: John Roberts, Brett Kavanaugh y Elena Kagan.<\/p>\n\n\n\n<p>El quinteto de metales de la banda del ej\u00e9rcito estadounidense toc\u00f3 mientras la gente esperaba el ata\u00fad. La sala qued\u00f3 en silencio cuando tres golpes en la puerta de la rotonda marcaron la llegada de Carter. El ata\u00fad fue colocado en el centro de la sala sobre el catafalco de Lincoln, una plataforma construida en 1865 para sostener el ata\u00fad del presidente asesinado Abraham Lincoln en el mismo lugar.<\/p>\n\n\n\n<p>Harris, el l\u00edder de la mayor\u00eda del Senado, John Thune, y el presidente de la C\u00e1mara de Representantes, Mike Johnson, pronunciaron elogios celebrando la fe de Carter, su servicio militar y su devoci\u00f3n al servicio, incluidas sus contribuciones pr\u00e1cticas a la construcci\u00f3n de viviendas para los necesitados a trav\u00e9s de H\u00e1bitat para la Humanidad.<\/p>\n\n\n\n<p><video poster=\"https:\/\/gdb.voanews.com\/651be55d-20f6-4496-bb0a-22aa8995f943_tv_w650_r1.jpg\" src=\"blob:https:\/\/www.vozdeamerica.com\/eff3b9e0-4972-49d9-b9e8-1b2d6c448fc4\" height=\"381\" width=\"676\"><\/video><\/p>\n\n\n\n<h5 class=\"wp-block-heading\"><a href=\"https:\/\/www.vozdeamerica.com\/a\/comienza-funeral-de-estado-a-jimmy-carter-en-el-capitolio-de-eeuu\/7924477.html\" target=\"_blank\" rel=\"noreferrer noopener\">Comienzan los 6 d\u00edas de honras f\u00fanebres a Jimmy Carter<\/a><\/h5>\n\n\n\n<ul class=\"wp-block-list\">\n<li><a href=\"https:\/\/facebook.com\/sharer.php?u=https%3a%2f%2fwww.vozdeamerica.com%2fa%2f7924477.html\" target=\"_blank\" rel=\"noreferrer noopener\">Comparta en Facebook<\/a><\/li>\n\n\n\n<li><a href=\"https:\/\/twitter.com\/share?url=https%3a%2f%2fwww.vozdeamerica.com%2fa%2f7924477.html&amp;text=Comienzan+los+6+d%c3%adas+de+honras+f%c3%banebres+a+Jimmy+Carter\" target=\"_blank\" rel=\"noreferrer noopener\">Comparta en Twitter<\/a><\/li>\n<\/ul>\n\n\n\n<hr class=\"wp-block-separator has-alpha-channel-opacity\"\/>\n\n\n\n<p><a href=\"https:\/\/www.vozdeamerica.com\/embed\/player\/Article\/7924477.html?type=video&amp;FullScreenMode=True\" target=\"_blank\" rel=\"noreferrer noopener\"><\/a><\/p>\n\n\n\n<p>&nbsp;Descargar&nbsp;<\/p>\n\n\n\n<p>\u201cJimmy Carter fue ese raro ejemplo de un hombre talentoso que tambi\u00e9n camina con humildad, modestia y gracia\u201d, dijo Harris, recordando su enfoque sin pretensiones para hacer campa\u00f1a. Dorm\u00eda en las casas de sus partidarios para \u201ccompartir una comida con ellos en su mesa y escuchar lo que ten\u00edan en mente\u201d, dijo.<\/p>\n\n\n\n<p>El club Glee de la Academia Naval de Estados Unidos interpret\u00f3 el himno patri\u00f3tico \u201cMy Country, &#8216;Tis of Thee\u201d ante l\u00edderes bipartidistas del Congreso y Harris, acompa\u00f1ada por su esposo Doug Emhoff, coloc\u00f3 coronas de flores junto al ata\u00fad. Los miembros de la familia de Carter, incluidos algunos de sus nietos, se secaron las l\u00e1grimas.<\/p>\n\n\n\n<p>Carter, que muri\u00f3 el 29 de diciembre a los 100 a\u00f1os, ser\u00e1 velado nuevamente el mi\u00e9rcoles. El jueves recibir\u00e1 un funeral de estado en la Catedral Nacional de Washington. Biden pronunciar\u00e1 un paneg\u00edrico.<\/p>\n\n\n\n<p><em>[Con informaci\u00f3n de AP]<\/em><\/p>\n","protected":false},"excerpt":{"rendered":"<p>El f\u00e9retro del expresidente Jimmy Carter en el centro de la rotonda del Capitolio en Washington DC, el 7 de enero de 2025. enero 07, 2025 &nbsp;Vea comentarios Los restos del expresidente Jimmy Carter yacen ya en la rotonda del Capitolio de EEUU en Washington, donde permanecer\u00e1n tres d\u00edas en un funeral de Estado. Los [&hellip;]<\/p>\n","protected":false},"author":28,"featured_media":587796,"comment_status":"closed","ping_status":"closed","sticky":true,"template":"","format":"standard","meta":{"footnotes":""},"categories":[26,23],"tags":[],"class_list":["post-587794","post","type-post","status-publish","format-standard","has-post-thumbnail","hentry","category-efemerides","category-internacional"],"_links":{"self":[{"href":"https:\/\/diariodominicano.com\/index.php?rest_route=\/wp\/v2\/posts\/587794","targetHints":{"allow":["GET"]}}],"collection":[{"href":"https:\/\/diariodominicano.com\/index.php?rest_route=\/wp\/v2\/posts"}],"about":[{"href":"https:\/\/diariodominicano.com\/index.php?rest_route=\/wp\/v2\/types\/post"}],"author":[{"embeddable":true,"href":"https:\/\/diariodominicano.com\/index.php?rest_route=\/wp\/v2\/users\/28"}],"replies":[{"embeddable":true,"href":"https:\/\/diariodominicano.com\/index.php?rest_route=%2Fwp%2Fv2%2Fcomments&post=587794"}],"version-history":[{"count":1,"href":"https:\/\/diariodominicano.com\/index.php?rest_route=\/wp\/v2\/posts\/587794\/revisions"}],"predecessor-version":[{"id":587797,"href":"https:\/\/diariodominicano.com\/index.php?rest_route=\/wp\/v2\/posts\/587794\/revisions\/587797"}],"wp:featuredmedia":[{"embeddable":true,"href":"https:\/\/diariodominicano.com\/index.php?rest_route=\/wp\/v2\/media\/587796"}],"wp:attachment":[{"href":"https:\/\/diariodominicano.com\/index.php?rest_route=%2Fwp%2Fv2%2Fmedia&parent=587794"}],"wp:term":[{"taxonomy":"category","embeddable":true,"href":"https:\/\/diariodominicano.com\/index.php?rest_route=%2Fwp%2Fv2%2Fcategories&post=587794"},{"taxonomy":"post_tag","embeddable":true,"href":"https:\/\/diariodominicano.com\/index.php?rest_route=%2Fwp%2Fv2%2Ftags&post=587794"}],"curies":[{"name":"wp","href":"https:\/\/api.w.org\/{rel}","templated":true}]}}