{"id":587777,"date":"2025-01-08T01:00:40","date_gmt":"2025-01-08T05:00:40","guid":{"rendered":"https:\/\/diariodominicano.com\/?p=587777"},"modified":"2025-01-08T01:01:47","modified_gmt":"2025-01-08T05:01:47","slug":"uag-reinicio-actividades-del-2025ano-de-su-90-aniversario","status":"publish","type":"post","link":"https:\/\/diariodominicano.com\/?p=587777","title":{"rendered":"UAG reinici\u00f3 actividades del 2025,a\u00f1o de su 90 aniversario"},"content":{"rendered":"\n<figure class=\"wp-block-table\"><table><tbody><tr><td><\/td><\/tr><\/tbody><\/table><\/figure>\n\n\n\n<figure class=\"wp-block-table\"><table><tbody><tr><td><strong>Este lunes la instituci\u00f3n retom\u00f3 actividades administrativas y paulatinamente se har\u00e1n las acad\u00e9micas<\/strong>\u00a0<br>Este lunes 6 de enero la Universidad Aut\u00f3noma de Guadalajara (UAG) retom\u00f3 sus actividades administrativas luego del periodo vacacional decembrino. Cabe resaltar que la instituci\u00f3n cumple el 90 aniversario de su fundaci\u00f3n en este 2025.<br>Esta fecha importante marcar\u00e1 una serie de eventos para celebrar 9 d\u00e9cadas de labor en transformar la educaci\u00f3n y formar L\u00edderes innovadores de clase mundial.<br>\u00a0<br><strong>Preparan celebraci\u00f3n<\/strong><br>Este 2025, la Aut\u00f3noma celebrar\u00e1 a lo largo del a\u00f1o su 90 aniversario con una serie de eventos institucionales, acad\u00e9micos y culturales.<br>Gran parte de los festejos se realizar\u00e1n en el primer trimestre del a\u00f1o, entre ellos la tradicional Velada Luctuosa para recordar a fundadores y m\u00e1rtires de la UAG, la visita de la Virgen de Zapopan y el Informe de Actividades de la Rector\u00eda.<br>Tambi\u00e9n, en esta parte del a\u00f1o la UAG tendr\u00e1 la exhibici\u00f3n especial de \u201cThe Mystery Man\u201d, un recorrido hist\u00f3rico sobre el an\u00e1lisis de la S\u00e1bana Santa y una reproducci\u00f3n hiperrealista, basada en criterios cient\u00edficos y forenses, sobre el hombre de la S\u00e1bana.<br>Adem\u00e1s de otros eventos organizados a lo largo del 2025.<br>\u00a0<br><strong>90 a\u00f1os de transformar la historia<\/strong><br>La UAG, primera Universidad Privada de M\u00e9xico, fue fundada el 3 de marzo de 1935, luego de la lucha por la Libertad de C\u00e1tedra y Autonom\u00eda Universitaria, encabezada por Carlos Cuesta Gallardo y los hermanos \u00c1ngel y Antonio Lea\u00f1o \u00c1lvarez del Castillo.<br>Actualmente, la instituci\u00f3n educativa cuenta con m\u00e1s de 16 mil estudiantes. El Sistema Educativo UAG incluye todos los niveles: educaci\u00f3n b\u00e1sica, media superior y\u00a0<a href=\"https:\/\/uag.us17.list-manage.com\/track\/click?u=8a1ac8a421c4b51fd24459381&amp;id=307244030f&amp;e=8045937fe5\" target=\"_blank\" rel=\"noreferrer noopener\">superior<\/a>; adem\u00e1s de una amplia oferta de\u00a0<a href=\"https:\/\/uag.us17.list-manage.com\/track\/click?u=8a1ac8a421c4b51fd24459381&amp;id=703273d6b1&amp;e=8045937fe5\" target=\"_blank\" rel=\"noreferrer noopener\">Posgrados<\/a>\u00a0y programas en L\u00ednea.<br>Desde hace m\u00e1s de 3 a\u00f1os, la UAG cuenta con una alianza estrat\u00e9gica con Arizona State University (ASU) y CINTANA Education, lo que le ha permitido acceder a recursos de calidad mundial, adem\u00e1s de ofertar actividades que le permiten a la comunidad universitaria vivir experiencias internacionales.<br>Como parte de su tarea por ofrecer programas innovadores, recientemente la instituci\u00f3n lanz\u00f3 la Ingenier\u00eda en Inteligencia Artificial, una carrera que este a\u00f1o tendr\u00e1 a sus primeros estudiantes.<br>\u00a0<br><strong>Alistan regreso a clases<\/strong><br>Aunque las actividades administrativas reiniciaron este 6 de enero, las clases se retomar\u00e1n paulatinamente en todos sus niveles los pr\u00f3ximos d\u00edas, dependiendo del programa y la modalidad.<br><br><\/td><\/tr><\/tbody><\/table><figcaption class=\"wp-element-caption\">Comunicados UAG<br>Comunicados UAG ()<br><a href=\"mailto:prensa@edu.uag.mx\" target=\"_blank\" rel=\"noreferrer noopener\">prensa@edu.uag.mx<\/a><\/figcaption><\/figure>\n","protected":false},"excerpt":{"rendered":"<p>Este lunes la instituci\u00f3n retom\u00f3 actividades administrativas y paulatinamente se har\u00e1n las acad\u00e9micas\u00a0Este lunes 6 de enero la Universidad Aut\u00f3noma de Guadalajara (UAG) retom\u00f3 sus actividades administrativas luego del periodo vacacional decembrino. Cabe resaltar que la instituci\u00f3n cumple el 90 aniversario de su fundaci\u00f3n en este 2025.Esta fecha importante marcar\u00e1 una serie de eventos para [&hellip;]<\/p>\n","protected":false},"author":28,"featured_media":587778,"comment_status":"closed","ping_status":"closed","sticky":true,"template":"","format":"standard","meta":{"footnotes":""},"categories":[36,23],"tags":[],"class_list":["post-587777","post","type-post","status-publish","format-standard","has-post-thumbnail","hentry","category-hombresmujeresycosas","category-internacional"],"_links":{"self":[{"href":"https:\/\/diariodominicano.com\/index.php?rest_route=\/wp\/v2\/posts\/587777","targetHints":{"allow":["GET"]}}],"collection":[{"href":"https:\/\/diariodominicano.com\/index.php?rest_route=\/wp\/v2\/posts"}],"about":[{"href":"https:\/\/diariodominicano.com\/index.php?rest_route=\/wp\/v2\/types\/post"}],"author":[{"embeddable":true,"href":"https:\/\/diariodominicano.com\/index.php?rest_route=\/wp\/v2\/users\/28"}],"replies":[{"embeddable":true,"href":"https:\/\/diariodominicano.com\/index.php?rest_route=%2Fwp%2Fv2%2Fcomments&post=587777"}],"version-history":[{"count":2,"href":"https:\/\/diariodominicano.com\/index.php?rest_route=\/wp\/v2\/posts\/587777\/revisions"}],"predecessor-version":[{"id":587780,"href":"https:\/\/diariodominicano.com\/index.php?rest_route=\/wp\/v2\/posts\/587777\/revisions\/587780"}],"wp:featuredmedia":[{"embeddable":true,"href":"https:\/\/diariodominicano.com\/index.php?rest_route=\/wp\/v2\/media\/587778"}],"wp:attachment":[{"href":"https:\/\/diariodominicano.com\/index.php?rest_route=%2Fwp%2Fv2%2Fmedia&parent=587777"}],"wp:term":[{"taxonomy":"category","embeddable":true,"href":"https:\/\/diariodominicano.com\/index.php?rest_route=%2Fwp%2Fv2%2Fcategories&post=587777"},{"taxonomy":"post_tag","embeddable":true,"href":"https:\/\/diariodominicano.com\/index.php?rest_route=%2Fwp%2Fv2%2Ftags&post=587777"}],"curies":[{"name":"wp","href":"https:\/\/api.w.org\/{rel}","templated":true}]}}