{"id":587773,"date":"2025-01-08T00:54:57","date_gmt":"2025-01-08T04:54:57","guid":{"rendered":"https:\/\/diariodominicano.com\/?p=587773"},"modified":"2025-01-08T00:56:39","modified_gmt":"2025-01-08T04:56:39","slug":"conclusion-del-28o-dialogo-sobre-derechos-humanos-entre-estados-unidos-y-vietnam","status":"publish","type":"post","link":"https:\/\/diariodominicano.com\/?p=587773","title":{"rendered":"Conclusi\u00f3n del 28\u00ba Di\u00e1logo sobre Derechos Humanos entre Estados Unidos y Vietnam"},"content":{"rendered":"\n<p>7 de enero de 2025<\/p>\n\n\n\n<p>El 6 y 7 de enero, la subsecretaria de Estado para la Democracia, los Derechos Humanos y el Trabajo, Dafna Rand, viaj\u00f3 a Hanoi (Vietnam) para encabezar la delegaci\u00f3n estadounidense al 28\u00ba Di\u00e1logo sobre Derechos Humanos entre Estados Unidos y Vietnam. La subsecretaria estuvo acompa\u00f1ada por el embajador en misi\u00f3n especial para la Libertad Religiosa Internacional, Rashad Hussain, as\u00ed como por personal del Congreso, demostrando as\u00ed su apoyo al avance de los derechos humanos en Vietnam. La delegaci\u00f3n vietnamita estuvo encabezada por el director general del Departamento de Organizaciones Internacionales del Ministerio de Asuntos Exteriores, Pham Hai Anh. La delegaci\u00f3n estadounidense tambi\u00e9n mantuvo conversaciones con grupos religiosos y organizaciones no gubernamentales (ONG).<\/p>\n\n\n\n<p>Durante el di\u00e1logo, Estados Unidos y Vietnam discutieron una amplia gama de cuestiones de derechos humanos, incluida la implementaci\u00f3n de las recomendaciones formuladas durante el\u00a0<a href=\"https:\/\/links-2.govdelivery.com\/CL0\/https:%2F%2Fdocuments.un.org%2Fdoc%2Fundoc%2Fgen%2Fg24%2F091%2F59%2Fpdf%2Fg2409159.pdf%3F\/1\/0101019443658942-bdd5c3ea-0922-426e-baef-6b0f9176f66c-000000\/ArSxmUDArSt5L-SW3jo4hfeBfEqcT28Bq3bYPi_rrhc=387\" target=\"_blank\" rel=\"noreferrer noopener\">Examen Peri\u00f3dico Universal de la ONU<\/a>\u00a0sobre Vietnam.\u00a0<a href=\"https:\/\/links-2.govdelivery.com\/CL0\/https:%2F%2Fdocuments.un.org%2Fdoc%2Fundoc%2Fgen%2Fg24%2F091%2F59%2Fpdf%2Fg2409159.pdf%3F\/1\/0101019443658942-bdd5c3ea-0922-426e-baef-6b0f9176f66c-000000\/ArSxmUDArSt5L-SW3jo4hfeBfEqcT28Bq3bYPi_rrhc=387\" target=\"_blank\" rel=\"noreferrer noopener\"><\/a>Los Estados Unidos pidieron a Vietnam que protegiera la libertad de expresi\u00f3n y asociaci\u00f3n, mejorara el estado de derecho, impulsara reformas jur\u00eddicas y protegiera la libertad de religi\u00f3n o creencias y los derechos de los miembros de las poblaciones marginadas. Los Estados Unidos subrayaron la importancia de crear un entorno propicio para las ONG a fin de lograr los objetivos de desarrollo de Vietnam. La delegaci\u00f3n tambi\u00e9n inst\u00f3 a Vietnam a que liberara a las personas detenidas injustamente.<\/p>\n\n\n\n<p><\/p>\n\n\n\n<p>La promoci\u00f3n y protecci\u00f3n de los derechos humanos es un elemento esencial de la pol\u00edtica exterior de Estados Unidos. Como parte de la\u00a0<a href=\"https:\/\/links-2.govdelivery.com\/CL0\/https:%2F%2Fwww.whitehouse.gov%2Fbriefing-room%2Fstatements-releases%2F2023%2F09%2F11%2Fjoint-leaders-statement-elevating-united-states-vietnam-relations-to-a-comprehensive-strategic-partnership%2F%23:~:text=The%2520two%2520Leaders%2520hailed%2520a,%252C%2520prosperous%252C%2520and%2520resilient%2520Vietnam.\/1\/0101019443658942-bdd5c3ea-0922-426e-baef-6b0f9176f66c-000000\/IHgLtdECwisxqgtk3OiwMLCgJ8kTxn0JDKtCyyZoE1k=387\" target=\"_blank\" rel=\"noreferrer noopener\">Asociaci\u00f3n Estrat\u00e9gica Integral entre Estados Unidos y Vietnam<\/a>\u00a0Ambos pa\u00edses se comprometieron a profundizar la cooperaci\u00f3n mediante di\u00e1logos e intercambios fruct\u00edferos. Ambas partes afirmaron la importancia de continuar nuestras conversaciones francas, constructivas y orientadas a los resultados.<\/p>\n\n\n\n<p>U.S. Department of State<\/p>\n\n\n\n<p>U.S. Department of State ()<\/p>\n\n\n\n<p><a href=\"mailto:usstatebpa@public.govdelivery.com\" target=\"_blank\" rel=\"noreferrer noopener\">usstatebpa@public.govdeliver<\/a><\/p>\n\n\n\n<p><\/p>\n\n\n\n<p>#Estados Unidos\u2003\u2003\u2003\u2003 #Vietnam<\/p>\n\n\n\n<p><\/p>\n","protected":false},"excerpt":{"rendered":"<p>7 de enero de 2025 El 6 y 7 de enero, la subsecretaria de Estado para la Democracia, los Derechos Humanos y el Trabajo, Dafna Rand, viaj\u00f3 a Hanoi (Vietnam) para encabezar la delegaci\u00f3n estadounidense al 28\u00ba Di\u00e1logo sobre Derechos Humanos entre Estados Unidos y Vietnam. La subsecretaria estuvo acompa\u00f1ada por el embajador en misi\u00f3n [&hellip;]<\/p>\n","protected":false},"author":28,"featured_media":475022,"comment_status":"closed","ping_status":"closed","sticky":true,"template":"","format":"standard","meta":{"footnotes":""},"categories":[23],"tags":[],"class_list":["post-587773","post","type-post","status-publish","format-standard","has-post-thumbnail","hentry","category-internacional"],"_links":{"self":[{"href":"https:\/\/diariodominicano.com\/index.php?rest_route=\/wp\/v2\/posts\/587773","targetHints":{"allow":["GET"]}}],"collection":[{"href":"https:\/\/diariodominicano.com\/index.php?rest_route=\/wp\/v2\/posts"}],"about":[{"href":"https:\/\/diariodominicano.com\/index.php?rest_route=\/wp\/v2\/types\/post"}],"author":[{"embeddable":true,"href":"https:\/\/diariodominicano.com\/index.php?rest_route=\/wp\/v2\/users\/28"}],"replies":[{"embeddable":true,"href":"https:\/\/diariodominicano.com\/index.php?rest_route=%2Fwp%2Fv2%2Fcomments&post=587773"}],"version-history":[{"count":2,"href":"https:\/\/diariodominicano.com\/index.php?rest_route=\/wp\/v2\/posts\/587773\/revisions"}],"predecessor-version":[{"id":587776,"href":"https:\/\/diariodominicano.com\/index.php?rest_route=\/wp\/v2\/posts\/587773\/revisions\/587776"}],"wp:featuredmedia":[{"embeddable":true,"href":"https:\/\/diariodominicano.com\/index.php?rest_route=\/wp\/v2\/media\/475022"}],"wp:attachment":[{"href":"https:\/\/diariodominicano.com\/index.php?rest_route=%2Fwp%2Fv2%2Fmedia&parent=587773"}],"wp:term":[{"taxonomy":"category","embeddable":true,"href":"https:\/\/diariodominicano.com\/index.php?rest_route=%2Fwp%2Fv2%2Fcategories&post=587773"},{"taxonomy":"post_tag","embeddable":true,"href":"https:\/\/diariodominicano.com\/index.php?rest_route=%2Fwp%2Fv2%2Ftags&post=587773"}],"curies":[{"name":"wp","href":"https:\/\/api.w.org\/{rel}","templated":true}]}}