{"id":587732,"date":"2025-01-07T17:28:51","date_gmt":"2025-01-07T21:28:51","guid":{"rendered":"https:\/\/diariodominicano.com\/?p=587732"},"modified":"2025-01-07T23:53:47","modified_gmt":"2025-01-08T03:53:47","slug":"francia-conmemora-10-anos-de-los-mortales-ataques-a-charlie-hebdo","status":"publish","type":"post","link":"https:\/\/diariodominicano.com\/?p=587732","title":{"rendered":"Francia conmemora 10 a\u00f1os de los mortales ataques a Charlie Hebdo"},"content":{"rendered":"\n<p>El presidente franc\u00e9s Emmanuel Macron y la alcaldesa de Par\u00eds, Anne Hidalgo, a la izquierda durante las conmemoraciones que marcan los 10 a\u00f1os desde un ataque islamista contra el peri\u00f3dico sat\u00edrico Charlie Hebdo el 7 de septiembre de 2025. AP<\/p>\n\n\n\n<p>enero 07, 2025<\/p>\n\n\n\n<ul class=\"wp-block-list\">\n<li><a href=\"https:\/\/www.vozdeamerica.com\/author\/associated-press\/v_kyr\">Associated Press<\/a><\/li>\n<\/ul>\n\n\n\n<ul class=\"wp-block-list\">\n<li><a href=\"https:\/\/facebook.com\/sharer.php?u=https%3a%2f%2fwww.vozdeamerica.com%2fa%2ffrancia-conmemora-10-anos-de-los-mortales-ataques-a-charlie-hebdo%2f7927079.html\" target=\"_blank\" rel=\"noreferrer noopener\"><\/a><\/li>\n\n\n\n<li><a href=\"https:\/\/twitter.com\/share?url=https%3a%2f%2fwww.vozdeamerica.com%2fa%2ffrancia-conmemora-10-anos-de-los-mortales-ataques-a-charlie-hebdo%2f7927079.html&amp;text=Francia+conmemora+10+a%c3%b1os+de+los+mortales+ataques+a+Charlie+Hebdo\" target=\"_blank\" rel=\"noreferrer noopener\"><\/a><\/li>\n\n\n\n<li><\/li>\n\n\n\n<li><a href=\"mailto:?body=https%3a%2f%2fwww.vozdeamerica.com%2fa%2ffrancia-conmemora-10-anos-de-los-mortales-ataques-a-charlie-hebdo%2f7927079.html&amp;subject=Francia%20conmemora%2010%20a%C3%B1os%20de%20los%20mortales%20ataques%20a%20Charlie%20Hebdo\"><\/a><\/li>\n<\/ul>\n\n\n\n<p><a href=\"https:\/\/www.vozdeamerica.com\/a\/francia-conmemora-10-anos-de-los-mortales-ataques-a-charlie-hebdo\/7927079.html#comments\">&nbsp;Vea comentarios<\/a><\/p>\n\n\n\n<p>El presidente Emmanuel Macron y la alcaldesa de Par\u00eds, Anne Hidalgo, rindi\u00e9ron homenaje a una d\u00e9cada de la masacre, perpetrada por dos hermanos que reivindicaron su lealtad a Al Qaeda.<\/p>\n\n\n\n<p>PAR\u00cdS \u2014&nbsp;<\/p>\n\n\n\n<p>Una d\u00e9cada despu\u00e9s de que hombres armados irrumpieran en las&nbsp;<em><strong><a href=\"https:\/\/www.vozdeamerica.com\/a\/revista-charlie-hebdo-responde-a-ataques-en-paris\/3062357.html\" target=\"_blank\" rel=\"noreferrer noopener\">oficinas del peri\u00f3dico sat\u00edrico Charlie Hebdo&nbsp;<\/a><\/strong><\/em>en un mortal asalto que sacudi\u00f3 a Francia hasta sus cimientos, la naci\u00f3n hace una pausa este martes para honrar a las v\u00edctimas y enfrentar los desaf\u00edos cambiantes de la libertad de expresi\u00f3n y el terrorismo.<\/p>\n\n\n\n<p>El presidente Emmanuel Macron y la alcaldesa de Par\u00eds, Anne Hidalgo, est\u00e1n liderando homenajes solemnes en el lugar del ataque, donde 12 personas, incluidos algunos de los caricaturistas m\u00e1s queridos de Francia, fueron asesinados el 7 de enero de 2015. Entre las personas conmemoradas se encuentra Ahmed Merabet, un agente de polic\u00eda que fue abatido a tiros en plena calle mientras defend\u00eda el peri\u00f3dico.<\/p>\n\n\n\n<p><a href=\"https:\/\/www.vozdeamerica.com\/a\/premian-revista-satirica-charlie-hebdo-centro-americano-pen\/2693892.html\"><\/a><\/p>\n\n\n\n<p><a href=\"https:\/\/www.vozdeamerica.com\/a\/premian-revista-satirica-charlie-hebdo-centro-americano-pen\/2693892.html\">Tambi\u00e9n lea<\/a><\/p>\n\n\n\n<h4 class=\"wp-block-heading\"><a href=\"https:\/\/www.vozdeamerica.com\/a\/premian-revista-satirica-charlie-hebdo-centro-americano-pen\/2693892.html\">NY: Premian a revista Charlie Hebdo<\/a><\/h4>\n\n\n\n<p>La masacre, perpetrada por dos hermanos que reivindicaron su lealtad a Al Qaeda, marc\u00f3 el inicio de una nueva y sombr\u00eda era para Francia, con una ola de violencia extremista que empuja al pa\u00eds a replantearse sus prioridades en materia de seguridad y su compromiso con la libertad de expresi\u00f3n.<\/p>\n\n\n\n<p>En su intervenci\u00f3n con motivo del aniversario, el ministro del Interior, Bruno Retailleau, describi\u00f3 con crudeza el panorama actual de la seguridad en Francia.<\/p>\n\n\n\n<p>\u201cFrancia se ha rearmado considerablemente, pero la amenaza sigue ah\u00ed\u201d, advirti\u00f3 en una entrevista con RTL, haciendo referencia tanto a los peligros externos como al preocupante aumento en la radicalizaci\u00f3n aut\u00f3ctona.<\/p>\n\n\n\n<p>\u201cLa naturaleza de la amenaza ha cambiado\u201d, explic\u00f3 Retailleau. \u201cAhora es principalmente end\u00f3gena: j\u00f3venes individuos radicalizados a trav\u00e9s de las redes sociales. Solo el a\u00f1o pasado, nuestros servicios frustraron nueve ataques, el n\u00famero m\u00e1s alto desde 2017\u201d.<\/p>\n\n\n\n<p>Retailleau cit\u00f3 ataques recientes en reuniones p\u00fablicas en Alemania y Nueva Orleans como sombr\u00edos recordatorios de por qu\u00e9 Francia debe mantener un \u201cnivel muy alto de precauci\u00f3n\u201d.<\/p>\n\n\n\n<p>El atentado contra Charlie Hebdo, perpetrado en represalia por las irreverentes caricaturas del profeta Mahoma publicadas por el peri\u00f3dico, suscit\u00f3 encendidos debates mundiales sobre los l\u00edmites de la libertad de expresi\u00f3n. En los d\u00edas siguientes, millones de personas se manifestaron en solidaridad, blandiendo bol\u00edgrafos y pancartas que dec\u00edan \u201cYo soy Charlie\u201d, un grito de guerra a favor de la libertad de prensa y de desaf\u00edo al extremismo.<\/p>\n\n\n\n<p>Pero 10 a\u00f1os despu\u00e9s, la unidad de ese momento se ha fragmentado. Comentaristas franceses dicen que las generaciones m\u00e1s j\u00f3venes son cada vez m\u00e1s cr\u00edticas con la s\u00e1tira que ven como divisiva o insensible, particularmente hacia las comunidades marginadas.<\/p>\n\n\n\n<p>Charlie Hebdo sigue sin disculparse. Su edici\u00f3n del d\u00e9cimo aniversario presenta una caricatura en la portada de un lector posado sobre un AK-47, con el t\u00edtulo \u201cIndestructible\u201d. En un editorial, el director de la revista, Laurent Sourisseau, conocido como \u201cRiss\u201d, defendi\u00f3 el poder de la s\u00e1tira. \u201cSi quieres re\u00edr, significa que quieres vivir\u201d, escribi\u00f3.<\/p>\n","protected":false},"excerpt":{"rendered":"<p>El presidente franc\u00e9s Emmanuel Macron y la alcaldesa de Par\u00eds, Anne Hidalgo, a la izquierda durante las conmemoraciones que marcan los 10 a\u00f1os desde un ataque islamista contra el peri\u00f3dico sat\u00edrico Charlie Hebdo el 7 de septiembre de 2025. AP enero 07, 2025 &nbsp;Vea comentarios El presidente Emmanuel Macron y la alcaldesa de Par\u00eds, Anne [&hellip;]<\/p>\n","protected":false},"author":28,"featured_media":587733,"comment_status":"closed","ping_status":"closed","sticky":true,"template":"","format":"standard","meta":{"footnotes":""},"categories":[26,23],"tags":[],"class_list":["post-587732","post","type-post","status-publish","format-standard","has-post-thumbnail","hentry","category-efemerides","category-internacional"],"_links":{"self":[{"href":"https:\/\/diariodominicano.com\/index.php?rest_route=\/wp\/v2\/posts\/587732","targetHints":{"allow":["GET"]}}],"collection":[{"href":"https:\/\/diariodominicano.com\/index.php?rest_route=\/wp\/v2\/posts"}],"about":[{"href":"https:\/\/diariodominicano.com\/index.php?rest_route=\/wp\/v2\/types\/post"}],"author":[{"embeddable":true,"href":"https:\/\/diariodominicano.com\/index.php?rest_route=\/wp\/v2\/users\/28"}],"replies":[{"embeddable":true,"href":"https:\/\/diariodominicano.com\/index.php?rest_route=%2Fwp%2Fv2%2Fcomments&post=587732"}],"version-history":[{"count":1,"href":"https:\/\/diariodominicano.com\/index.php?rest_route=\/wp\/v2\/posts\/587732\/revisions"}],"predecessor-version":[{"id":587734,"href":"https:\/\/diariodominicano.com\/index.php?rest_route=\/wp\/v2\/posts\/587732\/revisions\/587734"}],"wp:featuredmedia":[{"embeddable":true,"href":"https:\/\/diariodominicano.com\/index.php?rest_route=\/wp\/v2\/media\/587733"}],"wp:attachment":[{"href":"https:\/\/diariodominicano.com\/index.php?rest_route=%2Fwp%2Fv2%2Fmedia&parent=587732"}],"wp:term":[{"taxonomy":"category","embeddable":true,"href":"https:\/\/diariodominicano.com\/index.php?rest_route=%2Fwp%2Fv2%2Fcategories&post=587732"},{"taxonomy":"post_tag","embeddable":true,"href":"https:\/\/diariodominicano.com\/index.php?rest_route=%2Fwp%2Fv2%2Ftags&post=587732"}],"curies":[{"name":"wp","href":"https:\/\/api.w.org\/{rel}","templated":true}]}}