{"id":587729,"date":"2025-01-07T17:26:30","date_gmt":"2025-01-07T21:26:30","guid":{"rendered":"https:\/\/diariodominicano.com\/?p=587729"},"modified":"2025-01-07T17:26:31","modified_gmt":"2025-01-07T21:26:31","slug":"jean-marie-le-pen-lider-ultraderechista-frances-muere-a-los-96-anos","status":"publish","type":"post","link":"https:\/\/diariodominicano.com\/?p=587729","title":{"rendered":"Jean-Marie Le Pen, l\u00edder ultraderechista franc\u00e9s, muere a los 96 a\u00f1os"},"content":{"rendered":"\n<p>El exl\u00edder del partido de extrema derecha Frente Nacional, Jean-Marie Le Pen, aprieta el pu\u00f1o ante la estatua de Juana de Arco, el lunes 1 de mayo de 2017, en Par\u00eds. (Foto AP\/Kamil Zihnioglu, Archivo)<\/p>\n\n\n\n<p>enero 07, 2025<\/p>\n\n\n\n<ul class=\"wp-block-list\">\n<li><a href=\"https:\/\/www.vozdeamerica.com\/author\/associated-press\/v_kyr\">Associated Press<\/a><\/li>\n<\/ul>\n\n\n\n<ul class=\"wp-block-list\">\n<li><a href=\"https:\/\/facebook.com\/sharer.php?u=https%3a%2f%2fwww.vozdeamerica.com%2fa%2fjean-marie-le-pen-lider-ultraderechista-frances-muere-a-los-96-anos%2f7927199.html\" target=\"_blank\" rel=\"noreferrer noopener\"><\/a><\/li>\n\n\n\n<li><a href=\"https:\/\/twitter.com\/share?url=https%3a%2f%2fwww.vozdeamerica.com%2fa%2fjean-marie-le-pen-lider-ultraderechista-frances-muere-a-los-96-anos%2f7927199.html&amp;text=Jean-Marie+Le+Pen%2c+l%c3%adder+ultraderechista+franc%c3%a9s%2c+muere+a+los+96+a%c3%b1os\" target=\"_blank\" rel=\"noreferrer noopener\"><\/a><\/li>\n\n\n\n<li><\/li>\n\n\n\n<li><a href=\"mailto:?body=https%3a%2f%2fwww.vozdeamerica.com%2fa%2fjean-marie-le-pen-lider-ultraderechista-frances-muere-a-los-96-anos%2f7927199.html&amp;subject=Jean-Marie%20Le%20Pen,%20l%C3%ADder%20ultraderechista%20franc%C3%A9s,%20muere%20a%20los%2096%20a%C3%B1os\"><\/a><\/li>\n<\/ul>\n\n\n\n<p><a href=\"https:\/\/www.vozdeamerica.com\/a\/jean-marie-le-pen-lider-ultraderechista-frances-muere-a-los-96-anos\/7927199.html#comments\">&nbsp;Vea comentarios<\/a><\/p>\n\n\n\n<p>El fundador del partido ultraderechista franc\u00e9s Frente Nacional, Jean-Marie Le Pen, conocido por su ret\u00f3rica contra la inmigraci\u00f3n ha fallecido a los 96 a\u00f1os.<\/p>\n\n\n\n<p>Par\u00eds \u2014&nbsp;<\/p>\n\n\n\n<p>Jean-Marie Le Pen, el fundador del partido ultraderechista franc\u00e9s Frente Nacional, conocido por su ret\u00f3rica incendiaria contra la inmigraci\u00f3n y el multiculturalismo que le vali\u00f3 tanto fervientes seguidores como una amplia condena, ha fallecido. Ten\u00eda 96 a\u00f1os.<\/p>\n\n\n\n<p>Una figura polarizadora en la pol\u00edtica francesa, las declaraciones controvertidas de Le Pen \u2014incluyendo la negaci\u00f3n del Holocausto y su propuesta de 1987 de aislar forzosamente a las personas con sida en instalaciones especiales\u2014 llevaron a m\u00faltiples condenas y tensaron sus alianzas pol\u00edticas.<\/p>\n\n\n\n<p>Le Pen, quien lleg\u00f3 a la segunda vuelta de las elecciones presidenciales de 2002, finalmente se distanci\u00f3 de su hija, Marine Le Pen, quien renombr\u00f3 al partido, expuls\u00f3 al padre y transform\u00f3 al grupo en una de las fuerzas pol\u00edticas m\u00e1s poderosas de Francia mientras se distanciaba de la imagen extremista de su padre.<\/p>\n\n\n\n<p><a href=\"https:\/\/www.vozdeamerica.com\/a\/exmarido-de-gisele-pelicot-no-apelara-condena-de-20-anios-por-orquestar-violaciones-masivas\/7918560.html\"><\/a><\/p>\n\n\n\n<p><a href=\"https:\/\/www.vozdeamerica.com\/a\/exmarido-de-gisele-pelicot-no-apelara-condena-de-20-anios-por-orquestar-violaciones-masivas\/7918560.html\">Tambi\u00e9n lea<\/a><\/p>\n\n\n\n<h4 class=\"wp-block-heading\"><a href=\"https:\/\/www.vozdeamerica.com\/a\/exmarido-de-gisele-pelicot-no-apelara-condena-de-20-anios-por-orquestar-violaciones-masivas\/7918560.html\">Exmarido de Gis\u00e8le Pelicot no apelar\u00e1 condena de 20 a\u00f1os por orquestar violaciones masivas<\/a><\/h4>\n\n\n\n<p>Jordan Bardella, presidente de la Agrupaci\u00f3n Nacional como ahora se conoce al partido, confirm\u00f3 la muerte de Le Pen en una publicaci\u00f3n en la red social X el martes. El tributo inusualmente c\u00e1lido de Bardella destac\u00f3 el pasado pol\u00e9mico de Le Pen, incluyendo sus v\u00ednculos con la guerra de Argelia, describi\u00e9ndolo como una \u201ctribuna del pueblo\u201d que \u201csiempre sirvi\u00f3 a Francia\u201d y expresando condolencias a su familia, incluida Marine.<\/p>\n\n\n\n<p>La publicaci\u00f3n pareci\u00f3 difuminar la distancia que el partido reformado hab\u00eda buscado establecer entre su fundador incendiario y su direcci\u00f3n m\u00e1s pulida y moderna bajo Marine Le Pen.<\/p>\n\n\n\n<p>Marine Le Pen, a miles de kil\u00f3metros de distancia en el territorio franc\u00e9s de Mayotte, estaba inspeccionando las secuelas del cicl\u00f3n Chido en el momento de la muerte de su padre.<\/p>\n\n\n\n<p>A pesar de su exclusi\u00f3n del partido en 2015, el legado divisivo de Le Pen perdura, marcando d\u00e9cadas de historia pol\u00edtica francesa y moldeando la trayectoria de la extrema derecha.<\/p>\n\n\n\n<p>Su muerte llega en un momento crucial para su hija. Ahora enfrenta una posible pena de prisi\u00f3n y una prohibici\u00f3n de postularse para cargos pol\u00edticos si es condenada en un juicio por malversaci\u00f3n.<\/p>\n\n\n\n<p>Un pilar durante d\u00e9cadas en la pol\u00edtica francesa, Jean-Marie Le Pen fue un astuto estratega pol\u00edtico y un orador dotado que us\u00f3 su carisma para cautivar a las multitudes con su mensaje antiinmigraci\u00f3n.<\/p>\n\n\n\n<p>Hijo de un pescador bret\u00f3n, se ve\u00eda a s\u00ed mismo como un hombre con una misi\u00f3n: mantener a Francia francesa bajo la bandera del Frente Nacional. Escogiendo a Juana de Arco como la santa patrona del partido, Le Pen critic\u00f3 al islam y los inmigrantes, culp\u00e1ndolos de los problemas econ\u00f3micos y sociales de Francia.<\/p>\n\n\n\n<p>Ex paracaidista y legionario extranjero que luch\u00f3 en Indochina y Argelia, lider\u00f3 a sus simpatizantes en batallas pol\u00edticas e ideol\u00f3gicas con un estilo que se convirti\u00f3 en su firma.<\/p>\n\n\n\n<p>\u201cSi avanzo, s\u00edganme; si muero, vengu\u00e9nme; si me esquivo, m\u00e1tenme\u201d, dijo Le Pen en un congreso del partido en 1990, reflejando el estilo teatral que durante d\u00e9cadas aliment\u00f3 el fervor de sus seguidores.<\/p>\n\n\n\n<p>Le Pen, quien perdi\u00f3 un ojo en una pelea callejera en su juventud y durante a\u00f1os llev\u00f3 un parche negro en el ojo, fue una fuerza constante en la vida pol\u00edtica francesa, imposible de ignorar para los pol\u00edticos de izquierda o derecha.<\/p>\n\n\n\n<p>En elecci\u00f3n tras elecci\u00f3n, demostr\u00f3 ser el aguafiestas, obligando a los rivales a apresurarse a contrarrestarlo, y a veces a inclinarse para cosechar votos de extrema derecha.<\/p>\n\n\n\n<p>Condenado numerosas veces por antisemitismo y acusado rutinariamente de xenofobia y racismo, Le Pen contrarrestaba rutinariamente que simplemente era un patriota protegiendo la identidad de la \u201cFrancia eterna\u201d.<\/p>\n\n\n\n<p>A medida que la salud de Le Pen se deterioraba en los \u00faltimos a\u00f1os, fue hospitalizado varias veces, incluido despu\u00e9s de sufrir un derrame cerebral.<\/p>\n\n\n\n<p>Le Pen es sobrevivido por su esposa y tres hijas, Marie-Caroline, Yann y Marine.<\/p>\n","protected":false},"excerpt":{"rendered":"<p>El exl\u00edder del partido de extrema derecha Frente Nacional, Jean-Marie Le Pen, aprieta el pu\u00f1o ante la estatua de Juana de Arco, el lunes 1 de mayo de 2017, en Par\u00eds. (Foto AP\/Kamil Zihnioglu, Archivo) enero 07, 2025 &nbsp;Vea comentarios El fundador del partido ultraderechista franc\u00e9s Frente Nacional, Jean-Marie Le Pen, conocido por su ret\u00f3rica [&hellip;]<\/p>\n","protected":false},"author":28,"featured_media":587730,"comment_status":"closed","ping_status":"closed","sticky":true,"template":"","format":"standard","meta":{"footnotes":""},"categories":[26],"tags":[],"class_list":["post-587729","post","type-post","status-publish","format-standard","has-post-thumbnail","hentry","category-efemerides"],"_links":{"self":[{"href":"https:\/\/diariodominicano.com\/index.php?rest_route=\/wp\/v2\/posts\/587729","targetHints":{"allow":["GET"]}}],"collection":[{"href":"https:\/\/diariodominicano.com\/index.php?rest_route=\/wp\/v2\/posts"}],"about":[{"href":"https:\/\/diariodominicano.com\/index.php?rest_route=\/wp\/v2\/types\/post"}],"author":[{"embeddable":true,"href":"https:\/\/diariodominicano.com\/index.php?rest_route=\/wp\/v2\/users\/28"}],"replies":[{"embeddable":true,"href":"https:\/\/diariodominicano.com\/index.php?rest_route=%2Fwp%2Fv2%2Fcomments&post=587729"}],"version-history":[{"count":1,"href":"https:\/\/diariodominicano.com\/index.php?rest_route=\/wp\/v2\/posts\/587729\/revisions"}],"predecessor-version":[{"id":587731,"href":"https:\/\/diariodominicano.com\/index.php?rest_route=\/wp\/v2\/posts\/587729\/revisions\/587731"}],"wp:featuredmedia":[{"embeddable":true,"href":"https:\/\/diariodominicano.com\/index.php?rest_route=\/wp\/v2\/media\/587730"}],"wp:attachment":[{"href":"https:\/\/diariodominicano.com\/index.php?rest_route=%2Fwp%2Fv2%2Fmedia&parent=587729"}],"wp:term":[{"taxonomy":"category","embeddable":true,"href":"https:\/\/diariodominicano.com\/index.php?rest_route=%2Fwp%2Fv2%2Fcategories&post=587729"},{"taxonomy":"post_tag","embeddable":true,"href":"https:\/\/diariodominicano.com\/index.php?rest_route=%2Fwp%2Fv2%2Ftags&post=587729"}],"curies":[{"name":"wp","href":"https:\/\/api.w.org\/{rel}","templated":true}]}}