{"id":587724,"date":"2025-01-07T17:23:34","date_gmt":"2025-01-07T21:23:34","guid":{"rendered":"https:\/\/diariodominicano.com\/?p=587724"},"modified":"2025-01-07T17:23:40","modified_gmt":"2025-01-07T21:23:40","slug":"jimmy-carter-sera-velado-desde-hoy-en-el-capitolio-de-estados-unidos-antes-de-su-funeral","status":"publish","type":"post","link":"https:\/\/diariodominicano.com\/?p=587724","title":{"rendered":"Jimmy Carter ser\u00e1 velado desde hoy en el Capitolio de Estados Unidos antes de su funeral"},"content":{"rendered":"\n<p>Los visitantes se re\u00fanen para honrar a Jimmy Carter mientras yace en capilla ardiente en la Biblioteca Presidencial Jimmy Carter en Atlanta, el 6 de enero de <\/p>\n\n\n\n<p>enero 07, 2025<\/p>\n\n\n\n<ul class=\"wp-block-list\">\n<li><a href=\"https:\/\/www.vozdeamerica.com\/author\/voz-de-america-redaccion\/p_kym\">Voz de Am\u00e9rica &#8211; Redacci\u00f3n<\/a><\/li>\n<\/ul>\n\n\n\n<ul class=\"wp-block-list\">\n<li><a href=\"https:\/\/facebook.com\/sharer.php?u=https%3a%2f%2fwww.vozdeamerica.com%2fa%2fjimmy-carter-sera-velado-en-el-capitolio-estados-unidos-antes-de-su-funeral%2f7927004.html\" target=\"_blank\" rel=\"noreferrer noopener\"><\/a><\/li>\n\n\n\n<li><a href=\"https:\/\/twitter.com\/share?url=https%3a%2f%2fwww.vozdeamerica.com%2fa%2fjimmy-carter-sera-velado-en-el-capitolio-estados-unidos-antes-de-su-funeral%2f7927004.html&amp;text=Jimmy+Carter+ser%c3%a1+velado+desde+hoy+en+el+Capitolio+de+Estados+Unidos+antes+de+su+funeral\" target=\"_blank\" rel=\"noreferrer noopener\"><\/a><\/li>\n\n\n\n<li><\/li>\n\n\n\n<li><a href=\"mailto:?body=https%3a%2f%2fwww.vozdeamerica.com%2fa%2fjimmy-carter-sera-velado-en-el-capitolio-estados-unidos-antes-de-su-funeral%2f7927004.html&amp;subject=Jimmy%20Carter%20ser%C3%A1%20velado%20desde%20hoy%20en%20el%20Capitolio%20de%20Estados%20Unidos%20antes%20de%20su%20funeral\"><\/a><\/li>\n<\/ul>\n\n\n\n<p><a href=\"https:\/\/www.vozdeamerica.com\/a\/jimmy-carter-sera-velado-en-el-capitolio-estados-unidos-antes-de-su-funeral\/7927004.html#comments\">&nbsp;Vea comentarios<\/a><\/p>\n\n\n\n<p>La caravana que transporta los restos del expresidente de EEUU, Jimmy Carter, llegar\u00e1 a Washington unos tres d\u00edas despu\u00e9s del inicio de los \u00faltimos honores al Premio Nobel de la Paz. Carter ser\u00e1 honrado en capilla ardiente en el Capitolio, antes del funeral de Estado previsto para el 9 de enero.<\/p>\n\n\n\n<p>El f\u00e9retro del expresidente estadounidense Jimmy Carter llegar\u00e1 a Washington el martes para tres d\u00edas de honras f\u00fanebres que comenzar\u00e1n con su velatorio en el Capitolio de Estados Unidos antes del funeral en la Catedral Nacional el jueves.<\/p>\n\n\n\n<p>El dem\u00f3crata sure\u00f1o y ganador del Premio Nobel de la Paz fue el expresidente m\u00e1s longevo en la historia de Estados Unidos.<\/p>\n\n\n\n<p>Carter permanecer\u00e1 en capilla ardiente en el sal\u00f3n de la c\u00fapula del Capitolio &#8211; como otros mandatarios antes que \u00e9l -, desde la tarde noche del martes hasta la ma\u00f1ana del jueves, cuando se celebrar\u00e1 un acto de recordaci\u00f3n a la larga vida y obra del veterano pol\u00edtico, que&nbsp;<em><strong><a href=\"https:\/\/www.vozdeamerica.com\/a\/jimmy-carter-el-gran-mediador-obituario-muere-a-los-100-anios-\/6898159.html\" target=\"_blank\" rel=\"noreferrer noopener\">muri\u00f3 en su natal Plains, Georgia, a los 100 a\u00f1os<\/a><\/strong><\/em>.<\/p>\n\n\n\n<p>El pa\u00eds guardar\u00e1 luto oficial el jueves, decretado por el actual presidente Joe Biden, quien estar\u00e1 encargado de pronunciar una eleg\u00eda durante la ceremonia, por celebrarse en la Catedral Nacional en Washington a las 10:00 am de ese d\u00eda. Todos los mandatarios estadounidenses vivos asistir\u00e1n al servicio.<\/p>\n\n\n\n<p><a href=\"https:\/\/www.vozdeamerica.com\/a\/comienza-georgia-procesion-funebre-honor-jimmy-carter-\/7924382.html\"><\/a><\/p>\n\n\n\n<p><a href=\"https:\/\/www.vozdeamerica.com\/a\/comienza-georgia-procesion-funebre-honor-jimmy-carter-\/7924382.html\">Tambi\u00e9n lea<\/a><\/p>\n\n\n\n<h4 class=\"wp-block-heading\"><a href=\"https:\/\/www.vozdeamerica.com\/a\/comienza-georgia-procesion-funebre-honor-jimmy-carter-\/7924382.html\">F\u00e9retro de Jimmy Carter, cubierto con la bandera de EEUU, recorre su pueblo natal<\/a><\/h4>\n\n\n\n<p>Biden tambi\u00e9n firm\u00f3 un proyecto de ley para nombrar una instalaci\u00f3n del Servicio Postal de Estados Unidos en Plains en honor a Jimmy Carter y su esposa Rosalynn Carter. Las banderas&nbsp;<a href=\"https:\/\/www.vozdeamerica.com\/a\/el-funeral-de-estado-del-expresidente-de-eeuu-jimmy-carter-sera-el-9-de-enero\/7918363.html\" target=\"_blank\" rel=\"noreferrer noopener\"><em><strong>permanecer\u00e1n a media asta por unas dos semanas m\u00e1s en todo el pa<\/strong><\/em>\u00eds<\/a>&nbsp;y dependencias oficiales estadounidenses en el extranjero.<\/p>\n\n\n\n<p>Cuando terminen los homenajes p\u00fablicos en Washington, la familia Carter regresar\u00e1 a Plains para dar el \u00faltimo adi\u00f3s a su patriarca el viernes despu\u00e9s de un funeral privado en su ciudad natal en la Iglesia Bautista Maranatha, donde Carter, un devoto evang\u00e9lico, ense\u00f1\u00f3 en la Escuela Dominical durante d\u00e9cadas.<\/p>\n\n\n\n<p>Carter ser\u00e1 enterrado despu\u00e9s en un servicio privado junto a la tumba de su esposa Rosalynn, en un terreno visible desde el porche delantero de la que fue su casa.<\/p>\n\n\n\n<p>Quien fue el presidente n\u00famero 39 de Estados Unidos y ganador del Premio Nobel de la Paz en 2002, \u00abmuri\u00f3 pac\u00edficamente el domingo 29 de diciembre en su casa de Plains, Georgia, rodeado de su familia\u00bb.<\/p>\n\n\n\n<figure class=\"wp-block-image\"><a href=\"https:\/\/www.vozdeamerica.com\/a\/conozca-la-vida-de-jimmy-carter-el-39-presidente-de-eeuu\/7919381.html\"><img decoding=\"async\" src=\"https:\/\/gdb.voanews.com\/828cdc2e-a15d-4795-890d-cf217bd1159d_w650_r1_s.png\" alt=\"Conozca la vida de Jimmy Carter: el 39\u00ba presidente de EEUU\"\/><\/a><figcaption class=\"wp-element-caption\">Galer\u00eda de fotosConozca la vida de Jimmy Carter: el 39\u00ba presidente de EEUU<\/figcaption><\/figure>\n\n\n\n<p>Jimmy Carter lider\u00f3 EEUU entre enero de 1977 y enero de 1981. Tras vivir una larga vida, la mayor\u00eda junto a su esposa, la exprimera dama Rosalynn Carter; pas\u00f3 sus \u00faltimos meses en cuidados paliativos por su deteriorada salud tras sobrevivir a un c\u00e1ncer.<\/p>\n\n\n\n<p>Durante su carrera dentro y fuera de la Casa Blanca, Carter puso \u00e9nfasis en la lucha por los derechos humanos, los valores democr\u00e1ticos, la proliferaci\u00f3n nuclear y la pobreza global. Al momento de su muerte, a los 100 a\u00f1os, manten\u00eda el r\u00e9cord del expresidente m\u00e1s longevo de la historia de Estados Unidos.<\/p>\n\n\n\n<p>Tras el anuncio de su deceso, varios l\u00edderes estadounidenses y mundiales reaccionaron enviando mensajes de condolencias y homenaje a la vida y obra del exmandatario.<\/p>\n","protected":false},"excerpt":{"rendered":"<p>Los visitantes se re\u00fanen para honrar a Jimmy Carter mientras yace en capilla ardiente en la Biblioteca Presidencial Jimmy Carter en Atlanta, el 6 de enero de enero 07, 2025 &nbsp;Vea comentarios La caravana que transporta los restos del expresidente de EEUU, Jimmy Carter, llegar\u00e1 a Washington unos tres d\u00edas despu\u00e9s del inicio de los [&hellip;]<\/p>\n","protected":false},"author":28,"featured_media":587726,"comment_status":"closed","ping_status":"closed","sticky":true,"template":"","format":"standard","meta":{"footnotes":""},"categories":[36,23],"tags":[],"class_list":["post-587724","post","type-post","status-publish","format-standard","has-post-thumbnail","hentry","category-hombresmujeresycosas","category-internacional"],"_links":{"self":[{"href":"https:\/\/diariodominicano.com\/index.php?rest_route=\/wp\/v2\/posts\/587724","targetHints":{"allow":["GET"]}}],"collection":[{"href":"https:\/\/diariodominicano.com\/index.php?rest_route=\/wp\/v2\/posts"}],"about":[{"href":"https:\/\/diariodominicano.com\/index.php?rest_route=\/wp\/v2\/types\/post"}],"author":[{"embeddable":true,"href":"https:\/\/diariodominicano.com\/index.php?rest_route=\/wp\/v2\/users\/28"}],"replies":[{"embeddable":true,"href":"https:\/\/diariodominicano.com\/index.php?rest_route=%2Fwp%2Fv2%2Fcomments&post=587724"}],"version-history":[{"count":1,"href":"https:\/\/diariodominicano.com\/index.php?rest_route=\/wp\/v2\/posts\/587724\/revisions"}],"predecessor-version":[{"id":587727,"href":"https:\/\/diariodominicano.com\/index.php?rest_route=\/wp\/v2\/posts\/587724\/revisions\/587727"}],"wp:featuredmedia":[{"embeddable":true,"href":"https:\/\/diariodominicano.com\/index.php?rest_route=\/wp\/v2\/media\/587726"}],"wp:attachment":[{"href":"https:\/\/diariodominicano.com\/index.php?rest_route=%2Fwp%2Fv2%2Fmedia&parent=587724"}],"wp:term":[{"taxonomy":"category","embeddable":true,"href":"https:\/\/diariodominicano.com\/index.php?rest_route=%2Fwp%2Fv2%2Fcategories&post=587724"},{"taxonomy":"post_tag","embeddable":true,"href":"https:\/\/diariodominicano.com\/index.php?rest_route=%2Fwp%2Fv2%2Ftags&post=587724"}],"curies":[{"name":"wp","href":"https:\/\/api.w.org\/{rel}","templated":true}]}}