{"id":587716,"date":"2025-01-07T17:18:25","date_gmt":"2025-01-07T21:18:25","guid":{"rendered":"https:\/\/diariodominicano.com\/?p=587716"},"modified":"2025-01-07T17:20:40","modified_gmt":"2025-01-07T21:20:40","slug":"trump-no-descarta-coaccion-militar-y-economica-sobre-canal-de-panama-y-groenlandia","status":"publish","type":"post","link":"https:\/\/diariodominicano.com\/?p=587716","title":{"rendered":"Trump no descarta coacci\u00f3n militar y econ\u00f3mica sobre Canal de Panam\u00e1 y Groenlandia"},"content":{"rendered":"\n<p>El presidente electo de EEUU, Donald Trump, durante una conferencia de prensa en Mar-a-Lago, Florida, el 7 de enero de 2025.<\/p>\n\n\n\n<p>enero 07, 2025<\/p>\n\n\n\n<ul class=\"wp-block-list\">\n<li><a href=\"https:\/\/www.vozdeamerica.com\/author\/voz-de-america-redaccion\/p_kym\">Voz de Am\u00e9rica &#8211; Redacci\u00f3n<\/a><\/li>\n<\/ul>\n\n\n\n<p><\/p>\n\n\n\n<ul class=\"wp-block-list\">\n<li><a href=\"https:\/\/facebook.com\/sharer.php?u=https%3a%2f%2fwww.vozdeamerica.com%2fa%2ftrump-no-descarta-coaccion-militar-y-economica-sobre-canal-de-panama-y-groenlandia%2f7927492.html\" target=\"_blank\" rel=\"noreferrer noopener\"><\/a><\/li>\n\n\n\n<li><a href=\"https:\/\/twitter.com\/share?url=https%3a%2f%2fwww.vozdeamerica.com%2fa%2ftrump-no-descarta-coaccion-militar-y-economica-sobre-canal-de-panama-y-groenlandia%2f7927492.html&amp;text=Trump+no+descarta+coacci%c3%b3n+militar+y+econ%c3%b3mica+sobre+Canal+de+Panam%c3%a1+y+Groenlandia\" target=\"_blank\" rel=\"noreferrer noopener\"><\/a><\/li>\n\n\n\n<li><\/li>\n\n\n\n<li><a href=\"mailto:?body=https%3a%2f%2fwww.vozdeamerica.com%2fa%2ftrump-no-descarta-coaccion-militar-y-economica-sobre-canal-de-panama-y-groenlandia%2f7927492.html&amp;subject=Trump%20no%20descarta%20coacci%C3%B3n%20militar%20y%20econ%C3%B3mica%20sobre%20Canal%20de%20Panam%C3%A1%20y%20Groenlandia\"><\/a><\/li>\n<\/ul>\n\n\n\n<p><a href=\"https:\/\/www.vozdeamerica.com\/a\/trump-no-descarta-coaccion-militar-y-economica-sobre-canal-de-panama-y-groenlandia\/7927492.html#comments\">&nbsp;Vea comentarios<\/a><\/p>\n\n\n\n<p>El presidente electo de Estados Unidos, Donald Trump, insisti\u00f3 en presionar por el control del Canal de Panam\u00e1 y Groenlandia, y prometi\u00f3 anular directivas sobre explotaci\u00f3n petrolera del presidente Joe Biden.<\/p>\n\n\n\n<p>El presidente electo de Estados Unidos, Donald Trump, no descart\u00f3 el martes el uso de la coerci\u00f3n militar o econ\u00f3mica para resolver sus inquietudes sobre el Canal de Panam\u00e1 y Groenlandia.<\/p>\n\n\n\n<p>En una rueda de prensa en su club privado en Florida, en la que se le pregunt\u00f3 si pod\u00eda asegurar al mundo que no recurrir\u00eda a la coerci\u00f3n militar o econ\u00f3mica para tratar de hacerse con el control de esas zonas, Trump respondi\u00f3: \u00abNo puedo asegur\u00e1rselo, est\u00e1 hablando de Panam\u00e1 y Groenlandia\u00bb.<\/p>\n\n\n\n<p>\u00abNo, no puedo asegur\u00e1rtelo en ninguno de esos dos, pero puedo decir esto, los necesitamos para seguridad econ\u00f3mica\u00bb, se\u00f1al\u00f3.<\/p>\n\n\n\n<p>Por otro lado, se quej\u00f3 de que el presidente Joe Biden estaba socavando su transici\u00f3n al poder un d\u00eda despu\u00e9s de que el mandatario saliente decidi\u00f3 prohibir la perforaci\u00f3n de energ\u00eda en alta mar en la mayor\u00eda de las aguas federales.<\/p>\n\n\n\n<p>Biden, cuyo mandato expira en dos semanas, utiliz\u00f3 su autoridad bajo la Ley de Tierras de la Plataforma Continental Exterior para proteger \u00e1reas en alta mar a lo largo de las costas este y oeste, la parte oriental del Golfo de M\u00e9xico y partes del mar de Bering en Alaska contra futuros arrendamientos de petr\u00f3leo y gas natural.<\/p>\n\n\n\n<p><a href=\"https:\/\/www.vozdeamerica.com\/a\/congreso-eeuu-ratifica-victoria-electoral-donald-trump-\/7926221.html\"><\/a><\/p>\n\n\n\n<p><a href=\"https:\/\/www.vozdeamerica.com\/a\/congreso-eeuu-ratifica-victoria-electoral-donald-trump-\/7926221.html\">Tambi\u00e9n lea<\/a><\/p>\n\n\n\n<h4 class=\"wp-block-heading\"><a href=\"https:\/\/www.vozdeamerica.com\/a\/congreso-eeuu-ratifica-victoria-electoral-donald-trump-\/7926221.html\">Congreso de EEUU certifica victoria electoral de Donald Trump en noviembre<\/a><\/h4>\n\n\n\n<p>En total, aproximadamente 252 millones de hect\u00e1reas de aguas federales fueron excluidas de la exploraci\u00f3n energ\u00e9tica en una medida que probablemente solo podr\u00e1 ser anulada por acci\u00f3n del Congreso.<\/p>\n\n\n\n<p>\u201cVoy a revertirlo el mismo primer d\u00eda\u201d, dijo Trump a los periodistas en su club privado en Florida, y se comprometi\u00f3 a llevar el asunto a los tribunales \u201cde ser necesario\u201d.<\/p>\n\n\n\n<p>Trump declar\u00f3 que el esfuerzo de Biden \u2014 parte de una serie de acciones finales por parte de la administraci\u00f3n del dem\u00f3crata \u2014 estaba socavando sus planes para cuando est\u00e9 en el cargo.<\/p>\n\n\n\n<p>\u201cYa sabes, me dijeron que iban a hacer todo lo posible para que esta transici\u00f3n fuera suave\u201d, dijo Trump. \u201cNo es suave\u201d.<\/p>\n\n\n\n<p>El equipo de Biden ha extendido acceso y cortes\u00edas al equipo de Trump que el expresidente republicano inicialmente neg\u00f3 a Biden cuando este gan\u00f3 las elecciones en 2020.<\/p>\n\n\n\n<p><video poster=\"https:\/\/gdb.voanews.com\/2b12b74d-eea1-4e72-9eaf-efca7d1fd2cb_tv_w650_r1.jpg\" src=\"blob:https:\/\/www.vozdeamerica.com\/57fc0c1e-5d91-492f-ac7b-471a7e1d20a8\" height=\"381\" width=\"676\"><\/video><\/p>\n\n\n\n<h5 class=\"wp-block-heading\"><a href=\"https:\/\/www.vozdeamerica.com\/a\/trump-no-descarta-coaccion-militar-y-economica-sobre-canal-de-panama-y-groenlandia\/7922547.html\" target=\"_blank\" rel=\"noreferrer noopener\">Biden deja 235 jueces vitalicios confirmados, uno m\u00e1s que Trump<\/a><\/h5>\n\n\n\n<p><\/p>\n\n\n\n<ul class=\"wp-block-list\">\n<li><a href=\"https:\/\/facebook.com\/sharer.php?u=https%3a%2f%2fwww.vozdeamerica.com%2fa%2f7922547.html\" target=\"_blank\" rel=\"noreferrer noopener\">Comparta en Facebook<\/a><\/li>\n\n\n\n<li><a href=\"https:\/\/twitter.com\/share?url=https%3a%2f%2fwww.vozdeamerica.com%2fa%2f7922547.html&amp;text=Biden+deja+235+jueces+vitalicios+confirmados%2c+uno+m%c3%a1s+que+Trump\" target=\"_blank\" rel=\"noreferrer noopener\">Comparta en Twitter<\/a><\/li>\n<\/ul>\n\n\n\n<hr class=\"wp-block-separator has-alpha-channel-opacity\"\/>\n\n\n\n<p><a href=\"https:\/\/www.vozdeamerica.com\/embed\/player\/Article\/7922547.html?type=video&amp;FullScreenMode=True\" target=\"_blank\" rel=\"noreferrer noopener\"><\/a><\/p>\n\n\n\n<p>&nbsp;Descargar&nbsp;<\/p>\n\n\n\n<p>La jefa de despacho entrante de Trump, Susie Wiles, le dijo a Axios en una entrevista publicada el lunes que el jefe de despacho de Biden, Jeff Zients, ha sido \u201cmuy colaborador\u201d.<\/p>\n\n\n\n<p>En otros comentarios, Trump tambi\u00e9n arremeti\u00f3 contra el trabajo del fiscal especial Jack Smith, quien supervis\u00f3 las acusaciones ahora desestimadas sobre su papel en la insurrecci\u00f3n del 6 de enero en el Capitolio y la posesi\u00f3n de documentos clasificados despu\u00e9s de dejar el cargo en 2021.<\/p>\n\n\n\n<p>Se espera que el Departamento de Justicia pronto publique un informe de Smith que resuma su investigaci\u00f3n despu\u00e9s de que los casos penales tuvieron que cerrarse por la victoria de Trump en noviembre.<\/p>\n\n\n\n<p>Trump tambi\u00e9n dijo que intentar\u00e1 rebautizar el Golfo de M\u00e9xico con el nombre de \u201cGolfo de Estados Unidos\u201d porque eso \u201csuena muy lindo\u201d.<\/p>\n\n\n\n<p>Su promesa de cambiar el nombre del Golfo se hizo eco de una anterior de revertir el nombre de Denali, el pico m\u00e1s alto de Am\u00e9rica del Norte, a monte McKinley. El expresidente Barack Obama hab\u00eda rebautizado la monta\u00f1a de Alaska en deferencia a los nativos americanos.<\/p>\n\n\n\n<p><video poster=\"https:\/\/gdb.voanews.com\/ba1bcdd8-6c81-417c-8584-348b87eb2c0b_tv_w650_r1.jpg\" src=\"blob:https:\/\/www.vozdeamerica.com\/fc5f8904-ed59-4fa6-acfe-b10d3b5f9e79\" height=\"381\" width=\"676\"><\/video><\/p>\n\n\n\n<h5 class=\"wp-block-heading\"><a href=\"https:\/\/www.vozdeamerica.com\/a\/trump-no-descarta-coaccion-militar-y-economica-sobre-canal-de-panama-y-groenlandia\/7927274.html\" target=\"_blank\" rel=\"noreferrer noopener\">Surge expectativa en El Salvador ante nuevo mandato de Donald Trump<\/a><\/h5>\n\n\n\n<p>\u00a0<\/p>\n\n\n\n<ul class=\"wp-block-list\">\n<li><a href=\"https:\/\/facebook.com\/sharer.php?u=https%3a%2f%2fwww.vozdeamerica.com%2fa%2f7927274.html\" target=\"_blank\" rel=\"noreferrer noopener\">Comparta en Facebook<\/a><\/li>\n\n\n\n<li><a href=\"https:\/\/twitter.com\/share?url=https%3a%2f%2fwww.vozdeamerica.com%2fa%2f7927274.html&amp;text=Surge+expectativa+en+El+Salvador+ante+nuevo+mandato+de+Donald+Trump+\" target=\"_blank\" rel=\"noreferrer noopener\">Comparta en Twitter<\/a><\/li>\n<\/ul>\n\n\n\n<hr class=\"wp-block-separator has-alpha-channel-opacity\"\/>\n\n\n\n<p><a href=\"https:\/\/www.vozdeamerica.com\/embed\/player\/Article\/7927274.html?type=video&amp;FullScreenMode=True\" target=\"_blank\" rel=\"noreferrer noopener\"><\/a><\/p>\n\n\n\n<p>&nbsp;Descargar&nbsp;<\/p>\n\n\n\n<p>Normalmente, la Junta de Nombres Geogr\u00e1ficos de Estados Unidos los establece, pero los presidentes tambi\u00e9n han cambiado el nombre de accidentes a trav\u00e9s de decretos.<\/p>\n\n\n\n<p>La rueda de prensa, la segunda de Trump desde que gan\u00f3 las elecciones del 5 de noviembre, tuvo lugar un d\u00eda despu\u00e9s de que&nbsp;<strong><em><a href=\"https:\/\/www.vozdeamerica.com\/a\/congreso-eeuu-ratifica-victoria-electoral-donald-trump-\/7926221.html\" target=\"_blank\" rel=\"noreferrer noopener\">el Congreso certific\u00f3 formalmente su victoria.<\/a><\/em><\/strong><\/p>\n\n\n\n<p>La certificaci\u00f3n del 6 de enero, un paso b\u00e1sico y en gran medida ceremonial exigido por la Constituci\u00f3n de Estados Unidos, se vio interrumpida en 2021 cuando una turba de partidarios de Trump irrumpi\u00f3 en el edificio del Capitolio en un intento fallido de impedir la victoria del presidente Joe Biden sobre Trump.<\/p>\n\n\n\n<p>La ceremonia del lunes se celebr\u00f3 bajo fuertes medidas de seguridad, pero transcurri\u00f3 sin incidentes.<\/p>\n\n\n\n<p><em>[Con informaci\u00f3n de AP y Reuters]<\/em><\/p>\n","protected":false},"excerpt":{"rendered":"<p>El presidente electo de EEUU, Donald Trump, durante una conferencia de prensa en Mar-a-Lago, Florida, el 7 de enero de 2025. enero 07, 2025 &nbsp;Vea comentarios El presidente electo de Estados Unidos, Donald Trump, insisti\u00f3 en presionar por el control del Canal de Panam\u00e1 y Groenlandia, y prometi\u00f3 anular directivas sobre explotaci\u00f3n petrolera del presidente [&hellip;]<\/p>\n","protected":false},"author":28,"featured_media":587717,"comment_status":"closed","ping_status":"closed","sticky":true,"template":"","format":"standard","meta":{"footnotes":""},"categories":[23],"tags":[],"class_list":["post-587716","post","type-post","status-publish","format-standard","has-post-thumbnail","hentry","category-internacional"],"_links":{"self":[{"href":"https:\/\/diariodominicano.com\/index.php?rest_route=\/wp\/v2\/posts\/587716","targetHints":{"allow":["GET"]}}],"collection":[{"href":"https:\/\/diariodominicano.com\/index.php?rest_route=\/wp\/v2\/posts"}],"about":[{"href":"https:\/\/diariodominicano.com\/index.php?rest_route=\/wp\/v2\/types\/post"}],"author":[{"embeddable":true,"href":"https:\/\/diariodominicano.com\/index.php?rest_route=\/wp\/v2\/users\/28"}],"replies":[{"embeddable":true,"href":"https:\/\/diariodominicano.com\/index.php?rest_route=%2Fwp%2Fv2%2Fcomments&post=587716"}],"version-history":[{"count":2,"href":"https:\/\/diariodominicano.com\/index.php?rest_route=\/wp\/v2\/posts\/587716\/revisions"}],"predecessor-version":[{"id":587720,"href":"https:\/\/diariodominicano.com\/index.php?rest_route=\/wp\/v2\/posts\/587716\/revisions\/587720"}],"wp:featuredmedia":[{"embeddable":true,"href":"https:\/\/diariodominicano.com\/index.php?rest_route=\/wp\/v2\/media\/587717"}],"wp:attachment":[{"href":"https:\/\/diariodominicano.com\/index.php?rest_route=%2Fwp%2Fv2%2Fmedia&parent=587716"}],"wp:term":[{"taxonomy":"category","embeddable":true,"href":"https:\/\/diariodominicano.com\/index.php?rest_route=%2Fwp%2Fv2%2Fcategories&post=587716"},{"taxonomy":"post_tag","embeddable":true,"href":"https:\/\/diariodominicano.com\/index.php?rest_route=%2Fwp%2Fv2%2Ftags&post=587716"}],"curies":[{"name":"wp","href":"https:\/\/api.w.org\/{rel}","templated":true}]}}