{"id":587663,"date":"2025-01-07T14:26:06","date_gmt":"2025-01-07T18:26:06","guid":{"rendered":"https:\/\/diariodominicano.com\/?p=587663"},"modified":"2025-01-07T14:26:16","modified_gmt":"2025-01-07T18:26:16","slug":"chile-pone-termino-a-mision-de-su-embajador-ante-venezuela","status":"publish","type":"post","link":"https:\/\/diariodominicano.com\/?p=587663","title":{"rendered":"Chile pone t\u00e9rmino a misi\u00f3n de su embajador ante Venezuela"},"content":{"rendered":"\n<p>diariodominicano.com<\/p>\n\n\n\n<p>SANTIAGO, 7 ene (Xinhua) &#8212; El Gobierno de Chile anunci\u00f3 hoy martes el t\u00e9rmino de la misi\u00f3n de su embajador ante Venezuela, Jaime Gazmuri, designado en 2023 tras cinco a\u00f1os sin representaci\u00f3n diplom\u00e1tica en ese pa\u00eds. El Ministerio de Relaciones Exteriores del pa\u00eds austral inform\u00f3 en un comunicado que la medida \u00abresponde a la evoluci\u00f3n de los hechos a partir de las elecciones presidenciales del 28 de julio de 2024 en Venezuela\u00bb. En los pasados \u200b\u200bcomicios venezolanos, que enfrentaron al presidente Nicol\u00e1s Maduro con el opositor Edmundo Gonz\u00e1lez Urrutia, \u00abMaduro ha asegurado que seguir\u00e1 siendo el presidente de ese pa\u00eds desde el 10 de enero, como resultado del fraude electoral perpetrado por su r\u00e9gimen\u00bb, acus\u00f3 el ministerio chileno. La canciller\u00eda de Chile record\u00f3 en el texto que el diplom\u00e1tico personal chileno fue expulsado en agosto pasado de la capital venezolana, Caracas, lo que \u00abha impedido el desarrollo de un di\u00e1logo bilateral efectivo\u00bb. Afirm\u00f3, adem\u00e1s, que Chile espera que Venezuela \u00abpueda retomar la senda de la democracia y de la promoci\u00f3n y protecci\u00f3n de los derechos humanos, valores que hoy se encuentran ausentes en ese pa\u00eds hermano\u00bb. El pr\u00f3ximo 10 de enero, Maduro tomar\u00e1 posesi\u00f3n de un nuevo cargo como presidente para el per\u00edodo 2025-2031 ante la Asamblea Nacional, como instruye la Carta Magna.<\/p>\n","protected":false},"excerpt":{"rendered":"<p>diariodominicano.com SANTIAGO, 7 ene (Xinhua) &#8212; El Gobierno de Chile anunci\u00f3 hoy martes el t\u00e9rmino de la misi\u00f3n de su embajador ante Venezuela, Jaime Gazmuri, designado en 2023 tras cinco a\u00f1os sin representaci\u00f3n diplom\u00e1tica en ese pa\u00eds. El Ministerio de Relaciones Exteriores del pa\u00eds austral inform\u00f3 en un comunicado que la medida \u00abresponde a la [&hellip;]<\/p>\n","protected":false},"author":5,"featured_media":587664,"comment_status":"closed","ping_status":"closed","sticky":true,"template":"","format":"standard","meta":{"footnotes":""},"categories":[23,27],"tags":[],"class_list":["post-587663","post","type-post","status-publish","format-standard","has-post-thumbnail","hentry","category-internacional","category-portada"],"_links":{"self":[{"href":"https:\/\/diariodominicano.com\/index.php?rest_route=\/wp\/v2\/posts\/587663","targetHints":{"allow":["GET"]}}],"collection":[{"href":"https:\/\/diariodominicano.com\/index.php?rest_route=\/wp\/v2\/posts"}],"about":[{"href":"https:\/\/diariodominicano.com\/index.php?rest_route=\/wp\/v2\/types\/post"}],"author":[{"embeddable":true,"href":"https:\/\/diariodominicano.com\/index.php?rest_route=\/wp\/v2\/users\/5"}],"replies":[{"embeddable":true,"href":"https:\/\/diariodominicano.com\/index.php?rest_route=%2Fwp%2Fv2%2Fcomments&post=587663"}],"version-history":[{"count":1,"href":"https:\/\/diariodominicano.com\/index.php?rest_route=\/wp\/v2\/posts\/587663\/revisions"}],"predecessor-version":[{"id":587665,"href":"https:\/\/diariodominicano.com\/index.php?rest_route=\/wp\/v2\/posts\/587663\/revisions\/587665"}],"wp:featuredmedia":[{"embeddable":true,"href":"https:\/\/diariodominicano.com\/index.php?rest_route=\/wp\/v2\/media\/587664"}],"wp:attachment":[{"href":"https:\/\/diariodominicano.com\/index.php?rest_route=%2Fwp%2Fv2%2Fmedia&parent=587663"}],"wp:term":[{"taxonomy":"category","embeddable":true,"href":"https:\/\/diariodominicano.com\/index.php?rest_route=%2Fwp%2Fv2%2Fcategories&post=587663"},{"taxonomy":"post_tag","embeddable":true,"href":"https:\/\/diariodominicano.com\/index.php?rest_route=%2Fwp%2Fv2%2Ftags&post=587663"}],"curies":[{"name":"wp","href":"https:\/\/api.w.org\/{rel}","templated":true}]}}