{"id":587616,"date":"2025-01-07T11:36:16","date_gmt":"2025-01-07T15:36:16","guid":{"rendered":"https:\/\/diariodominicano.com\/?p=587616"},"modified":"2025-01-07T12:30:56","modified_gmt":"2025-01-07T16:30:56","slug":"mi-cercania-con-el-presidente-joaquin-balaguer","status":"publish","type":"post","link":"https:\/\/diariodominicano.com\/?p=587616","title":{"rendered":"Mi cercan\u00eda con el presidente Joaqu\u00edn Balaguer"},"content":{"rendered":"\n<p>Por Onorio Mont\u00e1s <\/p>\n\n\n\n<p>SANTO DOMINGO, RD.- Luego de finalizada la \u201cguerra patria de abril de 1965\u201d formaba parte de una \u201cpe\u00f1a\u201d con un grupo de viejos en una casona de madera en la calle F\u00e9lix Mar\u00eda Ruiz en San Carlos de un \u201cet\u00edlico\u201d poeta Ram\u00f3n Lacay Polanco, yo era un adolescente, pero hab\u00eda participado en la \u201crevoluci\u00f3n de abril\u201d y trabajaba en una revista con mi amigo Danilo Vicioso Cont\u00edn, hijo de don Di\u00f3doro Danilo Vicioso un experimentado periodista desde los inicios del List\u00edn Diario, mi<\/p>\n\n\n\n<p>gu\u00eda como redactor en el List\u00edn.<\/p>\n\n\n\n<p>Esa \u201cpe\u00f1a\u201d compuesta adem\u00e1s del poeta Lacay y el grandul\u00f3n Danilo Vicioso Cont\u00edn participaban Ram\u00f3n Alberto Font Bernard, Aliro Paulino hijo, Ram\u00f3n Lorenzo Perell\u00f3 y yo.<\/p>\n\n\n\n<p>De ese grupo sale Perell\u00f3 (el antiguo locutor de Uni\u00f3n C\u00edvica Nacional y creador del burl\u00f3n estribillo Balaguer pup\u00fa) nombrado como director general Radio Televisi\u00f3n Dominicana y Font le dice a Perell\u00f3 \u201cOnorio va para prensa de RTVD\u201d, que era casi una orden y as\u00ed fue; el joven Antonio Gil Iturbides, quien hab\u00eda sido compa\u00f1ero de curso en la Escuela Superior de Peritos Contadores, era director de Prensa.<\/p>\n\n\n\n<p>Me destacaron de servicio en el Palacio Nacional en el despacho del mandatario y en los viajes al interior del presidente, sal\u00eda N\u00e9stor Caro como Director de Prensa y era sustituido por C\u00e9sar Herrera, gran amigo de mi familia y una de mis \u201ctareas\u201d era cubrir todas la actividades del presidente y mi horario era de 11:00 a 4:00 y de 7:00 hasta la madrugada el del doctor Balaguer, cuando no hab\u00eda recepci\u00f3n en las Embajadas de Fiesta Nacional que el doctor asist\u00eda a todas o actividad oficial fuera de la presidencia de manera que me convert\u00ed en una a\u00f1adidura de Balaguer, y me preguntaba y porqu\u00e9 \u201cYo\u201d.<\/p>\n\n\n\n<figure class=\"wp-block-image size-full is-resized\"><img loading=\"lazy\" decoding=\"async\" width=\"568\" height=\"415\" src=\"https:\/\/diariodominicano.com\/wp-content\/uploads\/2025\/01\/Onorio-Montas.png\" alt=\"\" class=\"wp-image-587624\" style=\"width:620px;height:auto\" srcset=\"https:\/\/diariodominicano.com\/wp-content\/uploads\/2025\/01\/Onorio-Montas.png 568w, https:\/\/diariodominicano.com\/wp-content\/uploads\/2025\/01\/Onorio-Montas-300x219.png 300w\" sizes=\"auto, (max-width: 568px) 100vw, 568px\" \/><\/figure>\n\n\n\n<p>Hab\u00eda momentos en que est\u00e1bamos el presidente y yo me preguntaba cualquier cosa, que a veces pensaba que era un \u201cgancho\u201d y la primera vez me acerqu\u00e9 al jefe del Cuerpo de Ayudantes Militares, el General Elio Osiris Perdomo Rosario que estaba en un peque\u00f1o escritorito antes de entrar al despacho, general \u00bfqu\u00e9 le digo?, el me respondi\u00f3, \u00a1\u00a1\u00a1Ohh,!!!, y no es el presidente que le est\u00e1 preguntando\u2026, de ah\u00ed en adelante me acostumbr\u00e9 a sus preguntas como por ejemplo \u00bfQui\u00e9nes est\u00e1n en el antedespacho?, pues le pon\u00eda un -post it- amarillo en una equina del escritorio pero \u00e9l ya casi no ve\u00eda. En muchas ocasiones le preguntaba cuando ingresaban los visitantes, \u00bfdoctor me retiro?, NO qu\u00e9dese, a partir de ah\u00ed siempre me quedaba. En una ocasi\u00f3n, me pregunt\u00f3 quienes estaban fuera le dije que Jos\u00e9 Miguel y Roberto Bonetti, Charles Bluhdorn, \u00c1lvaro Carta y Teobaldo Rosell y tom\u00f3 su sombrero y se march\u00f3 por el despacho contiguo de Bello Andino y el general les comunic\u00f3 que el presidente no los pod\u00eda recibir.<\/p>\n\n\n\n<p>En otras ocasiones cuando ve\u00eda entrar a un acicalado joven parecido a Carlos Gardel, Rolando Gonz\u00e1lez Buster un hijo de Luis Gonz\u00e1lez Torrado qui\u00e9n fue asistente del dictador argentino Juan Domingo Per\u00f3n cuando vino exiliado y se qued\u00f3 como testaferro de Guaroa Liranzo, y Rolando fung\u00eda como int\u00e9rprete de Balaguer, casi siempre me dec\u00eda qu\u00e9dese no se retire, era en las ocasiones que recib\u00eda Bluhdorn, Carta y Rosell, luego Gonz\u00e1lez Buster termin\u00f3 como asistente de Charles Bluhdorn, hoy es un acaudalado empresario internacional.<\/p>\n\n\n\n<p>Por mis cercan\u00edas con el presidente todos s\u00e1bados los contratistas de obras del estado cada uno ten\u00edan que mostrarle los avances de las obras que estaban ejecutando en fotograf\u00edas, cuando \u00e9l no hab\u00eda visitado sorpresivamente para verificar el avance y autorizar los pagos de las cubicaciones, regularmente me contrataban para hacer esas fotos. Recuerdo un episodio del que fui testigo, su gran ilusi\u00f3n lo fue el primer gran parque que construy\u00f3 el \u201cParque Mirador del Sur\u201d \u00e9l siempre lo sobrevolaba los s\u00e1bados cuando sal\u00eda al interior, y en un momento not\u00f3 que los trabajos no avanzaban a la celeridad que \u00e9l quer\u00eda y en un arranque, delante de m\u00ed mand\u00f3 a llamar a don C\u00e9sar Herrera y le dijo; C\u00e9sar, publica en el peri\u00f3dico un \u201canuncito chiquito\u201d solicitando un arquitecto de parques o paisajista y pon un tel\u00e9fono que no sea de aqu\u00ed, le advirti\u00f3. No hab\u00eda respuesta, no aparec\u00eda nadie, Benjam\u00edn Paiewonsky trabajaba en otros proyectos en el pa\u00eds, y don C\u00e9sar se entera que el hijo de un distinguido miembro del Cuerpo de Bomberos de Santo Domingo don Manolo Valverde est\u00e1 estudiando en Brasil con Roberto Burle Marx paisajismo y de inmediato se puso en contacto con Manolito Valverde Podest\u00e1 y recuerdo que estando yo en el despacho, Don C\u00e9sar, Eugenio P\u00e9rez Mont\u00e1s, Manolito desenrolla en la alfombra roja de su despacho un rollo de papel mantequilla con los detalles de la terminaci\u00f3n del ansiado primer gran parque que hoy disfrutamos la ciudadan\u00eda.<\/p>\n\n\n\n<p>Recuerdo las relaciones que establecieron Manolito Valverde Podest\u00e1 y el presidente que estaba muy ilusionado con el nuevo zool\u00f3gico que se estaba construyendo en las antiguas minas de caliche de la \u201cCementera\u201d en Arroyo Hondo, el arquitecto Valverde lo hac\u00eda re\u00edr a carcajadas pues cuando llegaba a inspeccionar los trabajos en lo que ser\u00eda el viejo zool\u00f3gico (hoy Parque Iberoam\u00e9rica antiguo Jard\u00edn Zool\u00f3gico y Bot\u00e1nico de la avenida Bol\u00edvar inaugurado en agosto de 1949) siempre le hac\u00eda un \u201ccuento colorao\u201d y cuando no lo hac\u00eda, le preguntaba, arquitecto \u00bfse le acabaron los cuentos?, frente a la rigidez de P\u00e9rez Mont\u00e1s.<\/p>\n\n\n\n<p>En la repartidera y la gran demanda de muchos periodistas y ejecutivos de peri\u00f3dicos de apartamentos en los planes de viviendas del gobierno que se inici\u00f3 con el proyecto de Honduras en los terrenos de la disuelta Polic\u00eda Montada lo que provoc\u00f3 hasta editoriales de Don Rafael y Ornes Coiscou criticando a esos periodistas que provoc\u00f3 muchas consecuencias, hasta expulsiones de miembros del reci\u00e9n creado en 1963, Sindicato Nacional de Periodistas Profesionales (SNPP), en innumerables oportunidades don C\u00e9sar me dec\u00eda que el presidente le hab\u00eda dicho que me incluyera en esas listas, yo nunca acept\u00e9 y le respond\u00eda que yo ten\u00eda casa, hasta Comarazamy ya en 1975 cuando se cre\u00eda que Balaguer no volver\u00eda a gobernar me ofrec\u00eda de los famosos lujosos apartamentos del proyecto de Bella Vista y la avenida Anacaona donde directores de peri\u00f3dicos, ejecutivos de redacci\u00f3n, afamados comentaristas fueron privilegiados con esos apartamentos y olvidaron de todas las cr\u00edticas contra los diferentes gobiernos de Joaqu\u00edn Balaguer. Justificaban ese otorgamiento conque ese era un \u201cderecho como dominicano\u201d y por ejemplo un director que llamaba \u201c\u00d1angara\u201d a los que los critic\u00e1bamos.<\/p>\n\n\n\n<p>Mis viajes al exterior<\/p>\n\n\n\n<p>En una oportunidad do\u00f1a Norma secretaria ejecutiva de Ram\u00f3n Lorenzo Perell\u00f3, qui\u00e9n me trataba con mucho cari\u00f1o, me dice Onorito; me pregunta enterada ella de mis frecuentes viajes a Puerto Rico donde un grupo numeroso de amigas cercanas de infancia, \u201cexiliadas voluntarias\u201d por la vinculaci\u00f3n y apellido de su padre con el r\u00e9gimen de Trujillo. Averigua con ellas de un sitio donde vendan ropas intimas de mujer \u201cExtra Large\u201d para que t\u00fa las vayas a comprar en uno de tus viajes. De ah\u00ed en adelante, An\u00edbal P\u00e1ez que era el arrendatario de la cafeter\u00eda de empleados de Radio Televisi\u00f3n Dominicana y con un negocio -ad hoc-<\/p>\n\n\n\n<p>de \u201csacar de apuros\u201d econ\u00f3micos a los numerosos empleados de la gran empresa radiotelevisora, una vieja costumbre desde la \u00e9poca de Pet\u00e1n. P\u00e1ez ten\u00eda una estrecha relaci\u00f3n con las hermanas del presidente.<\/p>\n\n\n\n<p>Despu\u00e9s de localizar el exclusivo sitio en San Juan, Puerto Rico mis viajes a la vecina isla se hicieron m\u00e1s frecuentes, los cuales aprovechaba para visitar al comandante Marino Alm\u00e1nzar Garc\u00eda (Mayo) y su familia que regularmente coincid\u00eda con un numeroso grupo de exmilitares constitucionalista y al nebuloso personaje Sacha Volman.<\/p>\n\n\n\n<p>Me convert\u00ed en un gran cliente asiduo de esa tienda de ropa femenina, que me daban grandes descuentos. Esos viajes yo los aprovechaba para traer materiales fotogr\u00e1ficos que no aparec\u00edan en el mercado local como papel fotogr\u00e1fico mural en rollos y equipos fotogr\u00e1fico, con la seguridad de que cuando llegara al pa\u00eds pasar\u00eda por la aduana sin ning\u00fan problema.<\/p>\n\n\n\n<p>Ya sin trabajar en Radiotelevisi\u00f3n Dominicana y alejado del despacho y los viajes de presidente al interior del pa\u00eds, y trabajando con \u00c1ngel Miol\u00e1n en la Direcci\u00f3n Nacional de Turismo y al mismo tiempo con United Press Internacional (UPI) fui invitado con el grupo de periodistas que cubr\u00eda las actividades de la presidencia a una Cumbre de Presidente de Latinoam\u00e9rica y el Caribe en la ciudad de Miami, Florida en 1976 en el avi\u00f3n presidencial (un avi\u00f3n de Dominicana de Aviaci\u00f3n), dicha reuni\u00f3n se celebrar\u00eda en el Centro de Convenciones del Hyatt Regency Coral Gables y ten\u00eda como anfitri\u00f3n al vicepresidente Hubert Humphrey al excusarse Jimmy Carter.<\/p>\n\n\n\n<p>A nosotros nos hospedaron en el Four Seasons Hotel Miami, pero el presidente Balaguer se hosped\u00f3 en la casa de Guaroa Liranzo en Coral Gables, recuerdo en un encuentro con el presidente de Costa Rica Daniel Oduber Quir\u00f3s que le tom\u00e9 una foto con Balaguer ayud\u00e1ndolo a subir un escal\u00f3n desde el c\u00e9sped del patio de esa residencia costera, que de inmediato despach\u00e9 a Waspix que eran las oficinas principales en Washington D. C., para qui\u00e9n yo trabajaba y recorri\u00f3 el mundo evidenciando los padecimientos visuales del eventual candidato a la reelecci\u00f3n a un cuarto periodo presidencial.<\/p>\n\n\n\n<p>Un d\u00eda antes de nuestro regreso en la habitaci\u00f3n que compart\u00eda con un colega me encuentro al entrar con 6 neum\u00e1ticos de autos para mi gran sorpresa pero el colega me explica, al llegar al aeropuerto me doy cuenta que el \u00fanico que llevaba su equipaje y el transmisor de radiofoto era yo; todos tra\u00edan una diversidad de hasta electrodom\u00e9sticos, que hizo a la escolta llamar al general M\u00e9lido Marte para que autorizara la carga excesiva, qui\u00e9n exclam\u00f3, \u00a1\u00a1\u00a1Al diablo, suerte que fue una semana!!!, m\u00f3ntelo\u2026 <\/p>\n","protected":false},"excerpt":{"rendered":"<p>Por Onorio Mont\u00e1s SANTO DOMINGO, RD.- Luego de finalizada la \u201cguerra patria de abril de 1965\u201d formaba parte de una \u201cpe\u00f1a\u201d con un grupo de viejos en una casona de madera en la calle F\u00e9lix Mar\u00eda Ruiz en San Carlos de un \u201cet\u00edlico\u201d poeta Ram\u00f3n Lacay Polanco, yo era un adolescente, pero hab\u00eda participado en [&hellip;]<\/p>\n","protected":false},"author":7,"featured_media":587625,"comment_status":"closed","ping_status":"closed","sticky":false,"template":"","format":"standard","meta":{"footnotes":""},"categories":[26,19],"tags":[1354],"class_list":["post-587616","post","type-post","status-publish","format-standard","has-post-thumbnail","hentry","category-efemerides","category-mi-voz","tag-onorio-montas"],"_links":{"self":[{"href":"https:\/\/diariodominicano.com\/index.php?rest_route=\/wp\/v2\/posts\/587616","targetHints":{"allow":["GET"]}}],"collection":[{"href":"https:\/\/diariodominicano.com\/index.php?rest_route=\/wp\/v2\/posts"}],"about":[{"href":"https:\/\/diariodominicano.com\/index.php?rest_route=\/wp\/v2\/types\/post"}],"author":[{"embeddable":true,"href":"https:\/\/diariodominicano.com\/index.php?rest_route=\/wp\/v2\/users\/7"}],"replies":[{"embeddable":true,"href":"https:\/\/diariodominicano.com\/index.php?rest_route=%2Fwp%2Fv2%2Fcomments&post=587616"}],"version-history":[{"count":2,"href":"https:\/\/diariodominicano.com\/index.php?rest_route=\/wp\/v2\/posts\/587616\/revisions"}],"predecessor-version":[{"id":587628,"href":"https:\/\/diariodominicano.com\/index.php?rest_route=\/wp\/v2\/posts\/587616\/revisions\/587628"}],"wp:featuredmedia":[{"embeddable":true,"href":"https:\/\/diariodominicano.com\/index.php?rest_route=\/wp\/v2\/media\/587625"}],"wp:attachment":[{"href":"https:\/\/diariodominicano.com\/index.php?rest_route=%2Fwp%2Fv2%2Fmedia&parent=587616"}],"wp:term":[{"taxonomy":"category","embeddable":true,"href":"https:\/\/diariodominicano.com\/index.php?rest_route=%2Fwp%2Fv2%2Fcategories&post=587616"},{"taxonomy":"post_tag","embeddable":true,"href":"https:\/\/diariodominicano.com\/index.php?rest_route=%2Fwp%2Fv2%2Ftags&post=587616"}],"curies":[{"name":"wp","href":"https:\/\/api.w.org\/{rel}","templated":true}]}}