{"id":587581,"date":"2025-01-06T23:44:05","date_gmt":"2025-01-07T03:44:05","guid":{"rendered":"https:\/\/diariodominicano.com\/?p=587581"},"modified":"2025-01-06T23:44:07","modified_gmt":"2025-01-07T03:44:07","slug":"familia-carbone-celebra-el-dia-de-reyes-con-entrega-de-juguetes-en-pedro-brand-a-traves-de-la-fundacion-tomados-de-las-manos-de-mis-abuelos","status":"publish","type":"post","link":"https:\/\/diariodominicano.com\/?p=587581","title":{"rendered":"Familia Carbone celebra el D\u00eda de Reyes con entrega de juguetes en Pedro Brand a trav\u00e9s de la Fundaci\u00f3n \u00abTomados de las Manos de Mis Abuelos\u00bb"},"content":{"rendered":"\n<p>Cientos de ni\u00f1os de comunidades vulnerables se benefician con la iniciativa<\/p>\n\n\n\n<p>Santo Domingo, Rep\u00fablica Dominicana.- La familia del inversionista canadiense Antonio Carbone celebr\u00f3 el D\u00eda de los Reyes Magos en el municipio de Pedro Brand, con la entrega &nbsp;de centenares de juguetes a trav\u00e9s de la fundaci\u00f3n \u00abTomados de las Manos de Mis Abuelos\u00bb.<\/p>\n\n\n\n<p>Ni\u00f1os provenientes de diversos sectores de la demarcaci\u00f3n, incluyendo Mejoramiento Social I, La Mina, Los Cocos, Piedra Gorda, Eduardo Brito, Los Pabellones y el Kil\u00f3metro 27, recibieron una amplia variedad de obsequios.<\/p>\n\n\n\n<p>Los regalos entregados por la familia Carbone incluyeron &nbsp;bicicletas, mu\u00f1ecas, balones de baloncesto, bates, pelotas, skeybord, aros, juegos de cocina y sets de maquillaje.<\/p>\n\n\n\n<p>Durante el evento, Ramona Cuello, presidenta de la fundaci\u00f3n \u00abTomados de las Manos de Mis Abuelos\u00bb, expres\u00f3 su agradecimiento a los Carbone por su generosa contribuci\u00f3n en esta fecha tan especial.<\/p>\n\n\n\n<p>Al finalizar su intervenci\u00f3n, los miembros de la instituci\u00f3n manifestaron al un\u00edsono \u00abTodos Somos Carbone\u00bb.<\/p>\n\n\n\n<p>La celebraci\u00f3n incluy\u00f3 diversas actividades recreativas para el entretenimiento infantil, como concursos, presentaciones de payasos y servicio de pintacaritas. Los peque\u00f1os tambi\u00e9n disfrutaron de un variado refrigerio que incluy\u00f3 dulces, pizzas, refrescos, algod\u00f3n de az\u00facar y palomitas de ma\u00edz.<\/p>\n\n\n\n<p>Esta iniciativa forma parte del amplio programa de responsabilidad social que la familia Carbone desarrolla en diferentes regiones del pa\u00eds, que \u00a0han consistido en \u00a0construcci\u00f3n de viviendas para damnificados afectados por incendios, equipamiento de cuerpos de bomberos y la donaci\u00f3n de \u00fatiles escolares a miles de estudiantes.<\/p>\n\n\n\n<p>Kailenys Ulloa f<\/p>\n\n\n\n<p><a target=\"_blank\" href=\"mailto:kailenysulloaf@gmail.com\" rel=\"noreferrer noopener\">kailenysulloaf@gmail.com<\/a><\/p>\n\n\n\n<p><\/p>\n\n\n\n<p>Lunes 6 de enero de 2025<\/p>\n\n\n\n<p>Direcci\u00f3n de Comunicaciones Antonio Carbone<\/p>\n","protected":false},"excerpt":{"rendered":"<p>Cientos de ni\u00f1os de comunidades vulnerables se benefician con la iniciativa Santo Domingo, Rep\u00fablica Dominicana.- La familia del inversionista canadiense Antonio Carbone celebr\u00f3 el D\u00eda de los Reyes Magos en el municipio de Pedro Brand, con la entrega &nbsp;de centenares de juguetes a trav\u00e9s de la fundaci\u00f3n \u00abTomados de las Manos de Mis Abuelos\u00bb. Ni\u00f1os [&hellip;]<\/p>\n","protected":false},"author":28,"featured_media":587582,"comment_status":"closed","ping_status":"closed","sticky":true,"template":"","format":"standard","meta":{"footnotes":""},"categories":[25],"tags":[],"class_list":["post-587581","post","type-post","status-publish","format-standard","has-post-thumbnail","hentry","category-gente"],"_links":{"self":[{"href":"https:\/\/diariodominicano.com\/index.php?rest_route=\/wp\/v2\/posts\/587581","targetHints":{"allow":["GET"]}}],"collection":[{"href":"https:\/\/diariodominicano.com\/index.php?rest_route=\/wp\/v2\/posts"}],"about":[{"href":"https:\/\/diariodominicano.com\/index.php?rest_route=\/wp\/v2\/types\/post"}],"author":[{"embeddable":true,"href":"https:\/\/diariodominicano.com\/index.php?rest_route=\/wp\/v2\/users\/28"}],"replies":[{"embeddable":true,"href":"https:\/\/diariodominicano.com\/index.php?rest_route=%2Fwp%2Fv2%2Fcomments&post=587581"}],"version-history":[{"count":1,"href":"https:\/\/diariodominicano.com\/index.php?rest_route=\/wp\/v2\/posts\/587581\/revisions"}],"predecessor-version":[{"id":587583,"href":"https:\/\/diariodominicano.com\/index.php?rest_route=\/wp\/v2\/posts\/587581\/revisions\/587583"}],"wp:featuredmedia":[{"embeddable":true,"href":"https:\/\/diariodominicano.com\/index.php?rest_route=\/wp\/v2\/media\/587582"}],"wp:attachment":[{"href":"https:\/\/diariodominicano.com\/index.php?rest_route=%2Fwp%2Fv2%2Fmedia&parent=587581"}],"wp:term":[{"taxonomy":"category","embeddable":true,"href":"https:\/\/diariodominicano.com\/index.php?rest_route=%2Fwp%2Fv2%2Fcategories&post=587581"},{"taxonomy":"post_tag","embeddable":true,"href":"https:\/\/diariodominicano.com\/index.php?rest_route=%2Fwp%2Fv2%2Ftags&post=587581"}],"curies":[{"name":"wp","href":"https:\/\/api.w.org\/{rel}","templated":true}]}}