{"id":587551,"date":"2025-01-06T22:49:42","date_gmt":"2025-01-07T02:49:42","guid":{"rendered":"https:\/\/diariodominicano.com\/?p=587551"},"modified":"2025-01-06T22:49:47","modified_gmt":"2025-01-07T02:49:47","slug":"comunicado-de-prensa-conjunto-sobre-la-situacion-humanitaria-y-de-derechos-humanos-en-myanmar","status":"publish","type":"post","link":"https:\/\/diariodominicano.com\/?p=587551","title":{"rendered":"Comunicado de prensa conjunto sobre la situaci\u00f3n humanitaria y de derechos humanos en Myanmar"},"content":{"rendered":"\n<p>Nota de prensa<\/p>\n\n\n\n<p>6 de enero de 2025<\/p>\n\n\n\n<p><em>El texto de la siguiente declaraci\u00f3n conjunta fue publicado por el Alto Representante en nombre de la Uni\u00f3n Europea y los Gobiernos de los Estados Unidos, Australia, el Canad\u00e1, Nueva Zelandia, Noruega, la Rep\u00fablica de Corea, Suiza, Timor-Leste y el Reino Unido para abordar la crisis humanitaria y de derechos humanos en Myanmar.<\/em><\/p>\n\n\n\n<p><em>Comienzo del texto:<\/em><\/p>\n\n\n\n<p>Estamos profundamente preocupados por el empeoramiento de la crisis humanitaria y de derechos humanos en Myanmar. Esta crisis se ve exacerbada por la escalada de violencia, as\u00ed como por la tensi\u00f3n entre comunidades. La represi\u00f3n continua y violenta que ejerce el r\u00e9gimen contra el pueblo de Myanmar es inaceptable.<\/p>\n\n\n\n<p>Hay informes fidedignos de violaciones y abusos de los derechos humanos y de violaciones del derecho internacional humanitario cometidos contra civiles. Entre ellos figuran los secuestros y el reclutamiento forzoso de ni\u00f1os y miembros de minor\u00edas \u00e9tnicas y religiosas; los bombardeos a\u00e9reos indiscriminados del ej\u00e9rcito de Myanmar que matan y hieren a civiles y da\u00f1an la infraestructura civil; la violencia sexual y de g\u00e9nero; la quema de viviendas; los ataques a trabajadores e instalaciones humanitarias; y las restricciones al acceso humanitario por parte del r\u00e9gimen militar y de diversos grupos armados. Tambi\u00e9n hemos visto informes inquietantes de desmembramientos y quemas de civiles.<\/p>\n\n\n\n<p>La intensificaci\u00f3n del conflicto en el estado de Rakhine y el sufrimiento que sufren todas las comunidades all\u00ed, incluida la rohingya, son profundamente preocupantes. Los informes sobre violaciones del derecho internacional contra la poblaci\u00f3n rohingya, adem\u00e1s de los antecedentes de los militares de avivar las tensiones entre comunidades en el estado de Rakhine y en otras partes del pa\u00eds, ponen de relieve los graves peligros que corren los civiles.<\/p>\n\n\n\n<p>Nos preocupa la falta de zonas seguras para que los civiles puedan escapar del conflicto y los ataques contra los civiles que huyen de la violencia en Myanmar. Las necesidades humanitarias han aumentado debido al conflicto y se han visto exacerbadas por la negaci\u00f3n del acceso humanitario por parte del r\u00e9gimen. El conflicto en curso ha provocado el desplazamiento de m\u00e1s de 3,5 millones de personas, algunas de las cuales han huido del pa\u00eds. M\u00e1s de 15 millones de personas se enfrentan ahora a una grave inseguridad alimentaria. Los brotes de enfermedades, incluido el c\u00f3lera, est\u00e1n aumentando, mientras que las limitaciones de acceso impiden la prestaci\u00f3n de asistencia m\u00e9dica.<\/p>\n\n\n\n<p>Instamos al r\u00e9gimen militar y a todos los actores armados de Myanmar a que reduzcan la violencia, respeten el derecho internacional humanitario y las normas internacionales de derechos humanos, protejan a los civiles y permitan un acceso humanitario pleno, seguro y sin trabas para que se pueda proporcionar ayuda vital a todas las personas que la necesitan, incluidas las mujeres, los ni\u00f1os y los miembros de las poblaciones \u00e9tnicas y minoritarias. Hacemos hincapi\u00e9 en que abordar la discriminaci\u00f3n subyacente y el trato brutal que sufren los rohingya debe ser parte de una soluci\u00f3n pol\u00edtica a la crisis en Myanmar.<\/p>\n\n\n\n<p>Instamos nuevamente a que se aplique la resoluci\u00f3n 2669 (2022) del Consejo de Seguridad de las Naciones Unidas, que pide el fin inmediato de todas las formas de violencia en Myanmar e insta a la moderaci\u00f3n, la reducci\u00f3n de las tensiones y la liberaci\u00f3n de todos los prisioneros detenidos arbitrariamente.<\/p>\n\n\n\n<p>Reiteramos nuestro pleno apoyo al papel central de la ASEAN en la b\u00fasqueda de una soluci\u00f3n a la crisis, incluida la labor del Presidente y el Enviado Especial de la ASEAN, en consonancia con el Consenso de Cinco Puntos, y reconocemos el importante papel del Enviado Especial del Secretario General de las Naciones Unidas a Myanmar.<\/p>\n\n\n\n<p>Seguimos apoyando los llamamientos a un di\u00e1logo genuino, constructivo e inclusivo para encontrar una soluci\u00f3n pac\u00edfica a la situaci\u00f3n en Myanmar y volver al camino de la democracia inclusiva.<\/p>\n\n\n\n<p><em>Texto final.<\/em><\/p>\n\n\n\n<p>U.S. Department of State<\/p>\n\n\n\n<p>U.S. Department of State ()<\/p>\n\n\n\n<p><a target=\"_blank\" href=\"mailto:usstatebpa@public.govdelivery.com\" rel=\"noreferrer noopener\">usstatebpa@public.govdelive<\/a><\/p>\n","protected":false},"excerpt":{"rendered":"<p>Nota de prensa 6 de enero de 2025 El texto de la siguiente declaraci\u00f3n conjunta fue publicado por el Alto Representante en nombre de la Uni\u00f3n Europea y los Gobiernos de los Estados Unidos, Australia, el Canad\u00e1, Nueva Zelandia, Noruega, la Rep\u00fablica de Corea, Suiza, Timor-Leste y el Reino Unido para abordar la crisis humanitaria [&hellip;]<\/p>\n","protected":false},"author":28,"featured_media":366672,"comment_status":"closed","ping_status":"closed","sticky":true,"template":"","format":"standard","meta":{"footnotes":""},"categories":[23],"tags":[],"class_list":["post-587551","post","type-post","status-publish","format-standard","has-post-thumbnail","hentry","category-internacional"],"_links":{"self":[{"href":"https:\/\/diariodominicano.com\/index.php?rest_route=\/wp\/v2\/posts\/587551","targetHints":{"allow":["GET"]}}],"collection":[{"href":"https:\/\/diariodominicano.com\/index.php?rest_route=\/wp\/v2\/posts"}],"about":[{"href":"https:\/\/diariodominicano.com\/index.php?rest_route=\/wp\/v2\/types\/post"}],"author":[{"embeddable":true,"href":"https:\/\/diariodominicano.com\/index.php?rest_route=\/wp\/v2\/users\/28"}],"replies":[{"embeddable":true,"href":"https:\/\/diariodominicano.com\/index.php?rest_route=%2Fwp%2Fv2%2Fcomments&post=587551"}],"version-history":[{"count":1,"href":"https:\/\/diariodominicano.com\/index.php?rest_route=\/wp\/v2\/posts\/587551\/revisions"}],"predecessor-version":[{"id":587552,"href":"https:\/\/diariodominicano.com\/index.php?rest_route=\/wp\/v2\/posts\/587551\/revisions\/587552"}],"wp:featuredmedia":[{"embeddable":true,"href":"https:\/\/diariodominicano.com\/index.php?rest_route=\/wp\/v2\/media\/366672"}],"wp:attachment":[{"href":"https:\/\/diariodominicano.com\/index.php?rest_route=%2Fwp%2Fv2%2Fmedia&parent=587551"}],"wp:term":[{"taxonomy":"category","embeddable":true,"href":"https:\/\/diariodominicano.com\/index.php?rest_route=%2Fwp%2Fv2%2Fcategories&post=587551"},{"taxonomy":"post_tag","embeddable":true,"href":"https:\/\/diariodominicano.com\/index.php?rest_route=%2Fwp%2Fv2%2Ftags&post=587551"}],"curies":[{"name":"wp","href":"https:\/\/api.w.org\/{rel}","templated":true}]}}