{"id":587498,"date":"2025-01-06T18:26:41","date_gmt":"2025-01-06T22:26:41","guid":{"rendered":"https:\/\/diariodominicano.com\/?p=587498"},"modified":"2025-01-06T18:28:40","modified_gmt":"2025-01-06T22:28:40","slug":"biden-y-edmundo-gonzalez-sostuvieron-reunion-larga-fructifera-y-cordial","status":"publish","type":"post","link":"https:\/\/diariodominicano.com\/?p=587498","title":{"rendered":"Biden y Edmundo Gonz\u00e1lez sostuvieron reuni\u00f3n \u00ablarga, fruct\u00edfera y cordial\u00bb"},"content":{"rendered":"\n<p>El l\u00edder opositor venezolano, Edmundo Gonz\u00e1lez Urrutia, se re\u00fane con el presidente de EEUU, Joe Biden, en Washington, el 6 de enero de 2025.<\/p>\n\n\n\n<p>enero 06, 2025update&nbsp;hace menos de un minuto<\/p>\n\n\n\n<ul class=\"wp-block-list\">\n<li><a href=\"https:\/\/www.vozdeamerica.com\/author\/iacopo-luzi\/piqyy\">Iacopo Luzi<\/a><\/li>\n\n\n\n<li><a href=\"https:\/\/www.vozdeamerica.com\/author\/julia-riera\/igmym\">J\u00falia Riera<\/a><\/li>\n<\/ul>\n\n\n\n<ul class=\"wp-block-list\">\n<li><a href=\"https:\/\/facebook.com\/sharer.php?u=https%3a%2f%2fwww.vozdeamerica.com%2fa%2fbiden-recibe-a-edmundo-gonzalez-en-la-casa-blanca-%2f7925958.html\" target=\"_blank\" rel=\"noreferrer noopener\"><\/a><\/li>\n\n\n\n<li><a href=\"https:\/\/twitter.com\/share?url=https%3a%2f%2fwww.vozdeamerica.com%2fa%2fbiden-recibe-a-edmundo-gonzalez-en-la-casa-blanca-%2f7925958.html&amp;text=Biden+y+Edmundo+Gonz%c3%a1lez+sostuvieron+reuni%c3%b3n+%22larga%2c+fruct%c3%adfera+y+cordial%22\" target=\"_blank\" rel=\"noreferrer noopener\"><\/a><\/li>\n\n\n\n<li><\/li>\n\n\n\n<li><a href=\"mailto:?body=https%3a%2f%2fwww.vozdeamerica.com%2fa%2fbiden-recibe-a-edmundo-gonzalez-en-la-casa-blanca-%2f7925958.html&amp;subject=Biden%20y%20Edmundo%20Gonz%C3%A1lez%20sostuvieron%20reuni%C3%B3n%20%22larga,%20fruct%C3%ADfera%20y%20cordial%22\"><\/a><\/li>\n<\/ul>\n\n\n\n<p><a href=\"https:\/\/www.vozdeamerica.com\/a\/biden-recibe-a-edmundo-gonzalez-en-la-casa-blanca-\/7925958.html?withmediaplayer=1#comments\">&nbsp;Vea comentarios<\/a><\/p>\n\n\n\n<p>El presidente de Estados Unidos, Joe Biden, recibi\u00f3 al l\u00edder opositor venezolano, Edmundo Gonz\u00e1lez, reconocido por Washington como mandatario electo de Venezuela. Sostuvieron una reuni\u00f3n \u00ablarga, fruct\u00edfera y cordial\u00bb, seg\u00fan Gonz\u00e1lez; pero, para el gobierno de Maduro fue \u00abintrascendente\u00bb.<\/p>\n\n\n\n<p>La Casa Blanca \u2014&nbsp;<\/p>\n\n\n\n<p>El presidente de Estados Unidos, Joe Biden, recibi\u00f3 este lunes en la Casa Blanca al l\u00edder opositor venezolano, Edmundo Gonz\u00e1lez Urrutia, quien inici\u00f3 una gira regional con el objetivo de aumentar el apoyo pol\u00edtico ante la jura presidencial prevista para este viernes 10 de enero en Venezuela.<\/p>\n\n\n\n<p>Gonz\u00e1lez es considerado como presidente electo venezolano por EEUU y otros pa\u00edses de la regi\u00f3n, que rechazan los resultados del ente electoral del pa\u00eds que le dio la victoria al mandatario Nicol\u00e1s Maduro, sin presentar a\u00fan pruebas que lo confirmen. Mientras, la oposici\u00f3n ha publicado actas recogidas por sus testigos, que demuestran la ventaja de su excandidato.<\/p>\n\n\n\n<p>En un comunicado, la Casa Blanca dijo que Biden recibi\u00f3 a Gonz\u00e1lez \u00abpara hablar sobre los esfuerzos compartidos para restaurar la democracia en Venezuela\u00bb y que \u00abcoincidieron en que no hay nada m\u00e1s esencial para el \u00e9xito de la democracia que respetar la voluntad del pueblo\u00bb.<\/p>\n\n\n\n<p>Afirm\u00f3, adem\u00e1s, que \u00abla victoria de la campa\u00f1a de Gonz\u00e1lez Urrutia debe ser honrada a trav\u00e9s de una transferencia pac\u00edfica de regreso al gobierno democr\u00e1tico\u00bb y que, tanto Biden como Gonz\u00e1lez \u00abexpresaron su profunda preocupaci\u00f3n por el uso inaceptable e indiscriminado de la represi\u00f3n por parte de Nicol\u00e1s Maduro y sus representantes contra manifestantes pac\u00edficos, activistas por la democracia y la sociedad civil\u00bb.<\/p>\n\n\n\n<p>Mientras que para Gonz\u00e1lez Urrutia la reuni\u00f3n con Biden fue \u00ablarga, fruct\u00edfera y cordial\u00bb, para el gobierno de Maduro el encuentro fue \u201cintrascendente\u201d. \u00abA esta hora ya ni se acuerdan de lo que hablaron\u201d, dijo el ministro de Interior y Justicia de Venezuela, Diosdado Cabello, en una conferencia de prensa.<\/p>\n\n\n\n<p><video poster=\"https:\/\/gdb.voanews.com\/ff1b85df-3be1-4025-8802-74c0595e762a_tv_w650_r1.jpg\" src=\"blob:https:\/\/www.vozdeamerica.com\/275c945c-a3fe-4bc5-9751-dc380fedd8e3\" height=\"381\" width=\"676\"><\/video><\/p>\n\n\n\n<h5 class=\"wp-block-heading\"><a href=\"https:\/\/www.vozdeamerica.com\/a\/biden-recibe-a-edmundo-gonzalez-en-la-casa-blanca-\/7926117.html\" target=\"_blank\" rel=\"noreferrer noopener\">Edmundo Gonz\u00e1lez habla de su reuni\u00f3n con el presidente Joe Biden en la Casa Blanca<\/a><\/h5>\n\n\n\n<p>\u00a0<\/p>\n\n\n\n<ul class=\"wp-block-list\">\n<li><a href=\"https:\/\/facebook.com\/sharer.php?u=https%3a%2f%2fwww.vozdeamerica.com%2fa%2f7926117.html\" target=\"_blank\" rel=\"noreferrer noopener\">Comparta en Facebook<\/a><\/li>\n\n\n\n<li><a href=\"https:\/\/twitter.com\/share?url=https%3a%2f%2fwww.vozdeamerica.com%2fa%2f7926117.html&amp;text=Edmundo+Gonz%c3%a1lez+habla+de+su+reuni%c3%b3n+con+el+presidente+Joe+Biden+en+la+Casa+Blanca\" target=\"_blank\" rel=\"noreferrer noopener\">Comparta en Twitter<\/a><\/li>\n<\/ul>\n\n\n\n<hr class=\"wp-block-separator has-alpha-channel-opacity\"\/>\n\n\n\n<p><a href=\"https:\/\/www.vozdeamerica.com\/embed\/player\/Article\/7926117.html?type=video&amp;FullScreenMode=True\" target=\"_blank\" rel=\"noreferrer noopener\"><\/a><\/p>\n\n\n\n<p>&nbsp;Descargar&nbsp;<\/p>\n\n\n\n<h3 class=\"wp-block-heading\">Relaciones \u00abprovechosas\u00bb<\/h3>\n\n\n\n<p>Consultado sobre si sostendr\u00e1 alguna reuni\u00f3n con el mandatario electo de Estados Unidos, Donald Trump, Gonz\u00e1lez Urrutia dijo que mantienen contactos con su equipo de trabajo desde hace \u00abtiempo\u201d.<\/p>\n\n\n\n<p>\u201cNuestras relaciones van a ser muy cercanas y muy provechosas para la relaci\u00f3n de Venezuela con los Estados Unidos\u201d, manifest\u00f3 en una breve conferencia de prensa tras salir del encuentro.<\/p>\n\n\n\n<p>La cita bilateral, que dur\u00f3 alrededor de media hora y que se produjo pese a una tormenta de nieve que azota Washington, tuvo lugar 14 d\u00edas antes de que Donald Trump asuma el poder en EEUU. Seg\u00fan varios analistas, el di\u00e1logo con Biden ser\u00eda meramente simb\u00f3lico, considerando el inminente cambio de administraci\u00f3n, cuya posici\u00f3n sobre Venezuela todav\u00eda no estar\u00eda clara.<\/p>\n\n\n\n<p><a href=\"https:\/\/www.vozdeamerica.com\/a\/escenarios-10-enero-toma-presidencial-venezuela-nicolas-maduro-edmundo-gonzalez-urrutia-maria-corina-machado-analisis-\/7923272.html\"><\/a><\/p>\n\n\n\n<p><a href=\"https:\/\/www.vozdeamerica.com\/a\/escenarios-10-enero-toma-presidencial-venezuela-nicolas-maduro-edmundo-gonzalez-urrutia-maria-corina-machado-analisis-\/7923272.html\">Tambi\u00e9n lea<\/a><\/p>\n\n\n\n<h4 class=\"wp-block-heading\"><a href=\"https:\/\/www.vozdeamerica.com\/a\/escenarios-10-enero-toma-presidencial-venezuela-nicolas-maduro-edmundo-gonzalez-urrutia-maria-corina-machado-analisis-\/7923272.html\">Los seis escenarios posibles del 10 de enero en Venezuela: \u00bfMaduro sigue o la oposici\u00f3n irrumpe en el poder?<\/a><\/h4>\n\n\n\n<p>Algunos miembros como la propuesta de Trump para secretario de Estado, Marco Rubio, han tenido una posici\u00f3n muy dura contra el gobierno de Maduro.<\/p>\n\n\n\n<p>Pero otros designados en la nueva Casa Blanca de Trump argumentan que una l\u00ednea dura contra Venezuela no ha funcionado y que se necesita m\u00e1s compromiso, sobre todo si la nueva administraci\u00f3n tratar\u00e1 de deportar a muchos venezolanos indocumentados en este pa\u00eds, lo que podr\u00eda ameritar la cooperaci\u00f3n de Maduro.<\/p>\n\n\n\n<h3 class=\"wp-block-heading\">Reuni\u00f3n en la OEA<\/h3>\n\n\n\n<p>Aunque un encuentro previsto para esta tarde con representantes de gobiernos latinoamericanos en la Organizaci\u00f3n de Estados Americanos (OEA), en Washington, fue suspendido debido a la tormenta de nieve, Gonz\u00e1lez se reuni\u00f3 a puertas cerradas con el secretario general de ese organismo, Luis Almagro.<\/p>\n\n\n\n<p>A pesar de la las bajas temperaturas, un grupo de venezolanos, ondeando banderas de su pa\u00eds, se reuni\u00f3 en las inmediaciones de la OEA para saludar a Gonz\u00e1lez Urrutia quien les agradeci\u00f3 por el recibimiento y les pidi\u00f3 no desmayar en sus esfuerzos.<\/p>\n\n\n\n<p><video poster=\"https:\/\/gdb.voanews.com\/9ef2efc3-a7f3-4662-84d5-53495367c9a7_tv_w650_r1.jpg\" src=\"blob:https:\/\/www.vozdeamerica.com\/405eba88-fee6-4b6a-b097-96eacf83f369\" height=\"381\" width=\"676\"><\/video><\/p>\n\n\n\n<h5 class=\"wp-block-heading\"><a href=\"https:\/\/www.vozdeamerica.com\/a\/biden-recibe-a-edmundo-gonzalez-en-la-casa-blanca-\/7926457.html\" target=\"_blank\" rel=\"noreferrer noopener\">L\u00edder opositor Edmundo Gonz\u00e1lez habla con venezolanos en las afueras de la OEA<\/a><\/h5>\n\n\n\n<ul class=\"wp-block-list\">\n<li><a href=\"https:\/\/facebook.com\/sharer.php?u=https%3a%2f%2fwww.vozdeamerica.com%2fa%2f7926457.html\" target=\"_blank\" rel=\"noreferrer noopener\">Comparta en Facebook<\/a><\/li>\n\n\n\n<li><a href=\"https:\/\/twitter.com\/share?url=https%3a%2f%2fwww.vozdeamerica.com%2fa%2f7926457.html&amp;text=L%c3%adder+opositor+Edmundo+Gonz%c3%a1lez+habla+con+venezolanos+en+las+afueras+de+la+OEA\" target=\"_blank\" rel=\"noreferrer noopener\">Comparta en Twitter<\/a><\/li>\n<\/ul>\n\n\n\n<hr class=\"wp-block-separator has-alpha-channel-opacity\"\/>\n\n\n\n<p><a href=\"https:\/\/www.vozdeamerica.com\/embed\/player\/Article\/7926457.html?type=video&amp;FullScreenMode=True\" target=\"_blank\" rel=\"noreferrer noopener\"><\/a><\/p>\n\n\n\n<p>&nbsp;Descargar&nbsp;<\/p>\n\n\n\n<p>\u201cFalta muy poco para llegar a la victoria que tanto deseamos\u201d, manifest\u00f3 mientras sus compatriotas escuchaban atentos su mensaje y lo grababan con sus tel\u00e9fonos celulares.<\/p>\n\n\n\n<p>\u201cTe amamos Edmundo\u201d, \u201cpresidente, no la dejes sola, a Mar\u00eda Corina\u201d, se escuchaba decir entre los presentes, que, algunos entre l\u00e1grimas, cantaron el Himno nacional de Venezuela antes del encuentro del l\u00edder opositor con Almagro.<\/p>\n\n\n\n<p>Gonz\u00e1lez comenz\u00f3&nbsp;<strong><em><a href=\"https:\/\/www.vozdeamerica.com\/a\/escenarios-10-enero-toma-presidencial-venezuela-nicolas-maduro-edmundo-gonzalez-urrutia-maria-corina-machado-analisis-\/7923272.html\" target=\"_blank\" rel=\"noreferrer noopener\">una gira internacional en busca de apoyo<\/a><\/em><\/strong>&nbsp;antes de regresar a Venezuela, seg\u00fan ha dicho, para juramentarse como presidente, a pesar de que el gobierno de Nicol\u00e1s Maduro ha prometido que lo arrestar\u00e1 en cuanto llegue al pa\u00eds y ha ofrecido 100 mil d\u00f3lares de recompensa para quien ayude a capturarlo.<\/p>\n\n\n\n<figure class=\"wp-block-image\"><img decoding=\"async\" src=\"https:\/\/gdb.voanews.com\/bc1fba44-af3e-4648-a186-3f0ac8412016_w650_r1_s.jpeg\" alt=\"Venezolanos sortearon las bajas temperaturas para mostrar su apoyo al opositor Edmundo Gonzalez en las afueras de la OEA en Washington.\"\/><figcaption class=\"wp-element-caption\">Venezolanos sortearon las bajas temperaturas para mostrar su apoyo al opositor Edmundo Gonzalez en las afueras de la OEA en Washington.<\/figcaption><\/figure>\n\n\n\n<p>Este viernes se realizar\u00e1 la toma de posesi\u00f3n presidencial en Venezuela y Maduro est\u00e1 listo para hacerlo. Sin embargo, la l\u00edder la oposici\u00f3n&nbsp;<strong><em><a href=\"https:\/\/www.vozdeamerica.com\/a\/machado-convoca-a-protestas-dia-antes-juramentacion-presidencial-gonzalez-se-dirige-a-los-militares\/7925203.html\" target=\"_blank\" rel=\"noreferrer noopener\">Mar\u00eda Corina Machado ha convocado a protestas el d\u00eda previo<\/a><\/em><\/strong>&nbsp;y a respaldar el retorno de Gonz\u00e1lez.<\/p>\n\n\n\n<p>El presidente Biden se\u00f1al\u00f3, seg\u00fan el comunicado de la Casa Blanca, que seguir\u00eda de cerca las protestas planificadas para el 9 de enero y enfatiz\u00f3 que se debe permitir a los venezolanos expresar sus opiniones pol\u00edticas pac\u00edficamente sin temor a represalias por parte de los militares y la polic\u00eda.<\/p>\n\n\n\n<p>\u00abEl presidente Biden reiter\u00f3 su apoyo a las aspiraciones democr\u00e1ticas de Venezuela y subray\u00f3 el compromiso de Estados Unidos de seguir responsabilizando a Maduro y sus representantes por sus acciones antidemocr\u00e1ticas y represivas, incluso trabajando en estrecha colaboraci\u00f3n con aliados democr\u00e1ticos en el hemisferio y en todo el mundo\u00bb, agreg\u00f3.<\/p>\n","protected":false},"excerpt":{"rendered":"<p>El l\u00edder opositor venezolano, Edmundo Gonz\u00e1lez Urrutia, se re\u00fane con el presidente de EEUU, Joe Biden, en Washington, el 6 de enero de 2025. enero 06, 2025update&nbsp;hace menos de un minuto &nbsp;Vea comentarios El presidente de Estados Unidos, Joe Biden, recibi\u00f3 al l\u00edder opositor venezolano, Edmundo Gonz\u00e1lez, reconocido por Washington como mandatario electo de Venezuela. [&hellip;]<\/p>\n","protected":false},"author":28,"featured_media":587499,"comment_status":"closed","ping_status":"closed","sticky":true,"template":"","format":"standard","meta":{"footnotes":""},"categories":[36,23,27],"tags":[],"class_list":["post-587498","post","type-post","status-publish","format-standard","has-post-thumbnail","hentry","category-hombresmujeresycosas","category-internacional","category-portada"],"_links":{"self":[{"href":"https:\/\/diariodominicano.com\/index.php?rest_route=\/wp\/v2\/posts\/587498","targetHints":{"allow":["GET"]}}],"collection":[{"href":"https:\/\/diariodominicano.com\/index.php?rest_route=\/wp\/v2\/posts"}],"about":[{"href":"https:\/\/diariodominicano.com\/index.php?rest_route=\/wp\/v2\/types\/post"}],"author":[{"embeddable":true,"href":"https:\/\/diariodominicano.com\/index.php?rest_route=\/wp\/v2\/users\/28"}],"replies":[{"embeddable":true,"href":"https:\/\/diariodominicano.com\/index.php?rest_route=%2Fwp%2Fv2%2Fcomments&post=587498"}],"version-history":[{"count":2,"href":"https:\/\/diariodominicano.com\/index.php?rest_route=\/wp\/v2\/posts\/587498\/revisions"}],"predecessor-version":[{"id":587502,"href":"https:\/\/diariodominicano.com\/index.php?rest_route=\/wp\/v2\/posts\/587498\/revisions\/587502"}],"wp:featuredmedia":[{"embeddable":true,"href":"https:\/\/diariodominicano.com\/index.php?rest_route=\/wp\/v2\/media\/587499"}],"wp:attachment":[{"href":"https:\/\/diariodominicano.com\/index.php?rest_route=%2Fwp%2Fv2%2Fmedia&parent=587498"}],"wp:term":[{"taxonomy":"category","embeddable":true,"href":"https:\/\/diariodominicano.com\/index.php?rest_route=%2Fwp%2Fv2%2Fcategories&post=587498"},{"taxonomy":"post_tag","embeddable":true,"href":"https:\/\/diariodominicano.com\/index.php?rest_route=%2Fwp%2Fv2%2Ftags&post=587498"}],"curies":[{"name":"wp","href":"https:\/\/api.w.org\/{rel}","templated":true}]}}