{"id":587489,"date":"2025-01-06T17:12:30","date_gmt":"2025-01-06T21:12:30","guid":{"rendered":"https:\/\/diariodominicano.com\/?p=587489"},"modified":"2025-01-06T17:12:39","modified_gmt":"2025-01-06T21:12:39","slug":"detienen-en-venezuela-a-mas-de-120-personas-de-distintas-nacionalidades-por-vinculos-con-planos-conspirativos","status":"publish","type":"post","link":"https:\/\/diariodominicano.com\/?p=587489","title":{"rendered":"Detienen en Venezuela a m\u00e1s de 120 personas de distintas nacionalidades por v\u00ednculos con planos conspirativos"},"content":{"rendered":"\n<p>diariodominicano.com<\/p>\n\n\n\n<p>CARACAS, 6 ene (Xinhua) &#8212; El ministro venezolano de Interior, Justicia y Paz, Diosdado Cabello, inform\u00f3 hoy lunes que han sido detenidas en el pa\u00eds m\u00e1s de 120 personas de distintas nacionalidades por su presunta vinculaci\u00f3n con planes conspirativos. \u00abSon m\u00e1s de 120 ciudadanos que est\u00e1n detenidos en este momento, de distintas nacionalidades, para la ejecuci\u00f3n de actos terroristas en Venezuela, actos de desestabilizaci\u00f3n\u00bb, precis\u00f3 Cabello en rueda de prensa. El ministro agreg\u00f3 que los detenidos han declarado y se\u00f1alado sobre los planos que tienen sectores de oposici\u00f3n y \u00abde d\u00f3nde viene el financiamiento\u00bb para ordenar acciones de desestabilizaci\u00f3n. \u00abNosotros lo denunciamos, el financiamiento de estos grupos terroristas viene del narcotr\u00e1fico, del narcoparamilitarismo colombiano\u00bb, detall\u00f3 Cabello al se\u00f1alar que los recursos son recibidos por la dirigente opositora Mar\u00eda Corina Machado. Enfatiz\u00f3 que los grupos involucrados en acciones conspirativas \u00abno tienen un plan electoral, tienen un plan de asalto al poder, ellos no creen en elecciones\u00bb. El ministro Cabello adem\u00e1s advirti\u00f3 sobre un grupo de expresidentes y pol\u00edticos de naciones latinoamericanas que tendr\u00edan planeado ingresar al pa\u00eds sin autorizaci\u00f3n. \u00abNadie los est\u00e1 invitando, su presencia aqu\u00ed indica una acci\u00f3n de invasi\u00f3n a un pa\u00eds, los estamos esperando como invasores y van a ser detenidos\u00bb, si concretan dicho intento de ingreso ilegal, resalt\u00f3 Cabello. Entre los exmandatarios citados por Cabello se encuentran el expresidente de Colombia Andr\u00e9s Pastrana; el de Bolivia Jorge Quiroga, y el de M\u00e9xico Vicente Fox. Sobre el contexto de incertidumbre que promueven algunos sectores de la oposici\u00f3n, en torno a la investidura presidencial de Nicol\u00e1s Maduro, el pr\u00f3ximo 10 de enero, Cabello se\u00f1al\u00f3 que \u00abla respuesta ser\u00e1 contundente\u00bb y de acuerdo a la acci\u00f3n que tomen.<\/p>\n","protected":false},"excerpt":{"rendered":"<p>diariodominicano.com CARACAS, 6 ene (Xinhua) &#8212; El ministro venezolano de Interior, Justicia y Paz, Diosdado Cabello, inform\u00f3 hoy lunes que han sido detenidas en el pa\u00eds m\u00e1s de 120 personas de distintas nacionalidades por su presunta vinculaci\u00f3n con planes conspirativos. \u00abSon m\u00e1s de 120 ciudadanos que est\u00e1n detenidos en este momento, de distintas nacionalidades, para [&hellip;]<\/p>\n","protected":false},"author":5,"featured_media":587490,"comment_status":"closed","ping_status":"closed","sticky":true,"template":"","format":"standard","meta":{"footnotes":""},"categories":[23,27],"tags":[],"class_list":["post-587489","post","type-post","status-publish","format-standard","has-post-thumbnail","hentry","category-internacional","category-portada"],"_links":{"self":[{"href":"https:\/\/diariodominicano.com\/index.php?rest_route=\/wp\/v2\/posts\/587489","targetHints":{"allow":["GET"]}}],"collection":[{"href":"https:\/\/diariodominicano.com\/index.php?rest_route=\/wp\/v2\/posts"}],"about":[{"href":"https:\/\/diariodominicano.com\/index.php?rest_route=\/wp\/v2\/types\/post"}],"author":[{"embeddable":true,"href":"https:\/\/diariodominicano.com\/index.php?rest_route=\/wp\/v2\/users\/5"}],"replies":[{"embeddable":true,"href":"https:\/\/diariodominicano.com\/index.php?rest_route=%2Fwp%2Fv2%2Fcomments&post=587489"}],"version-history":[{"count":1,"href":"https:\/\/diariodominicano.com\/index.php?rest_route=\/wp\/v2\/posts\/587489\/revisions"}],"predecessor-version":[{"id":587491,"href":"https:\/\/diariodominicano.com\/index.php?rest_route=\/wp\/v2\/posts\/587489\/revisions\/587491"}],"wp:featuredmedia":[{"embeddable":true,"href":"https:\/\/diariodominicano.com\/index.php?rest_route=\/wp\/v2\/media\/587490"}],"wp:attachment":[{"href":"https:\/\/diariodominicano.com\/index.php?rest_route=%2Fwp%2Fv2%2Fmedia&parent=587489"}],"wp:term":[{"taxonomy":"category","embeddable":true,"href":"https:\/\/diariodominicano.com\/index.php?rest_route=%2Fwp%2Fv2%2Fcategories&post=587489"},{"taxonomy":"post_tag","embeddable":true,"href":"https:\/\/diariodominicano.com\/index.php?rest_route=%2Fwp%2Fv2%2Ftags&post=587489"}],"curies":[{"name":"wp","href":"https:\/\/api.w.org\/{rel}","templated":true}]}}