{"id":587446,"date":"2025-01-06T13:16:07","date_gmt":"2025-01-06T17:16:07","guid":{"rendered":"https:\/\/diariodominicano.com\/?p=587446"},"modified":"2025-01-06T13:16:16","modified_gmt":"2025-01-06T17:16:16","slug":"japonesa-nippon-steel-y-estadounidense-us-steel-presentan-demanda-contra-gobierno-de-eeuu","status":"publish","type":"post","link":"https:\/\/diariodominicano.com\/?p=587446","title":{"rendered":"Japonesa Nippon Steel y estadounidense US Steel presentan demanda contra Gobierno de EEUU"},"content":{"rendered":"\n<p>diariodominicano.com<\/p>\n\n\n\n<p>TOKIO, 6 ene (Xinhua) &#8212; Nippon Steel de Jap\u00f3n y United States Steel (US Steel) de Estados Unidos presentaron una demanda conjunta contra el Gobierno de Estados Unidos por la decisi\u00f3n del presidente Joe Biden de bloquear la compra de la sider\u00fargica estadounidense por parte de la compa\u00f1\u00eda japonesa, informe hoy lunes medios de comunicaci\u00f3n locales. Las dos sider\u00fargicas buscan que el Comit\u00e9 de Inversiones Extranjeras en Estados Unidos (CFIUS, siglas en ingl\u00e9s) revise el acuerdo y califiquen a la orden de Biden como una \u00abinterferencia pol\u00edtica ilegal\u00bb, inform\u00f3 la emisora \u200b\u200bp\u00fablica NHK. El caso fue presentado ante la Corte de Apelaciones de Estados Unidos para el Circuito del Distrito de Columbia Las dos empresas tambi\u00e9n presentaron una segunda demanda contra Cleveland-Cliffs, su director general Lourenco Goncalves y el presidente del sindicato USW, David McCall, \u00abpor sus acciones ilegales y coordinadas\u00bb destinadas a impedir el acuerdo. Mientras tanto, el primer ministro japon\u00e9s, Shigeru Ishiba, advirti\u00f3 hoy sobre posibles repercusiones para el comercio bilateral tras la decisi\u00f3n de Biden, y agreg\u00f3 que buscar\u00eda una aclaraci\u00f3n sobre el riesgo para la seguridad nacional citado por Biden. \u00abDesafortunadamente, es cierto que los c\u00edrculos empresariales japoneses han expresado su preocupaci\u00f3n por futuras inversiones entre Jap\u00f3n y Estados Unidos\u00bb, dijo Ishiba en su primera conferencia de prensa del a\u00f1o. El ministro de Econom\u00eda, Comercio e Industria de Jap\u00f3n, Yoji Muto, dijo hoy a los periodistas que la decisi\u00f3n del presidente estadounidense es \u00absumamente lamentable y dif\u00edcil de entender\u00bb, y agreg\u00f3 que el Gobierno japon\u00e9s seguir\u00e1 pidiendo a la administraci\u00f3n Biden que aclare las preocupaciones entre las comunidades empresariales de los dos pa\u00edses. Nippon Steel y US Steel acordaron la adquisici\u00f3n en diciembre de 2023. El CFIUS revis\u00f3 el acuerdo, pero no logr\u00f3 llegar a un consenso. Entonces la decisi\u00f3n fue dejada a Biden. Biden se\u00f1al\u00f3 el pasado viernes que decidi\u00f3 bloquear la venta de US Steel a Nippon Steel por 14.100 millones de d\u00f3lares, citando riesgos para la seguridad nacional, al tiempo que inst\u00f3 a las dos compa\u00f1\u00edas a abandonar \u00abtotal y permanentemente\u00bb su plan. El gigante sider\u00fargico japon\u00e9s, el cuarto mayor productor del mundo por volumen, ofrecer\u00e1 una conferencia de prensa el martes para detallar su caso.<\/p>\n","protected":false},"excerpt":{"rendered":"<p>diariodominicano.com TOKIO, 6 ene (Xinhua) &#8212; Nippon Steel de Jap\u00f3n y United States Steel (US Steel) de Estados Unidos presentaron una demanda conjunta contra el Gobierno de Estados Unidos por la decisi\u00f3n del presidente Joe Biden de bloquear la compra de la sider\u00fargica estadounidense por parte de la compa\u00f1\u00eda japonesa, informe hoy lunes medios de [&hellip;]<\/p>\n","protected":false},"author":5,"featured_media":587447,"comment_status":"closed","ping_status":"closed","sticky":true,"template":"","format":"standard","meta":{"footnotes":""},"categories":[23,27],"tags":[],"class_list":["post-587446","post","type-post","status-publish","format-standard","has-post-thumbnail","hentry","category-internacional","category-portada"],"_links":{"self":[{"href":"https:\/\/diariodominicano.com\/index.php?rest_route=\/wp\/v2\/posts\/587446","targetHints":{"allow":["GET"]}}],"collection":[{"href":"https:\/\/diariodominicano.com\/index.php?rest_route=\/wp\/v2\/posts"}],"about":[{"href":"https:\/\/diariodominicano.com\/index.php?rest_route=\/wp\/v2\/types\/post"}],"author":[{"embeddable":true,"href":"https:\/\/diariodominicano.com\/index.php?rest_route=\/wp\/v2\/users\/5"}],"replies":[{"embeddable":true,"href":"https:\/\/diariodominicano.com\/index.php?rest_route=%2Fwp%2Fv2%2Fcomments&post=587446"}],"version-history":[{"count":1,"href":"https:\/\/diariodominicano.com\/index.php?rest_route=\/wp\/v2\/posts\/587446\/revisions"}],"predecessor-version":[{"id":587448,"href":"https:\/\/diariodominicano.com\/index.php?rest_route=\/wp\/v2\/posts\/587446\/revisions\/587448"}],"wp:featuredmedia":[{"embeddable":true,"href":"https:\/\/diariodominicano.com\/index.php?rest_route=\/wp\/v2\/media\/587447"}],"wp:attachment":[{"href":"https:\/\/diariodominicano.com\/index.php?rest_route=%2Fwp%2Fv2%2Fmedia&parent=587446"}],"wp:term":[{"taxonomy":"category","embeddable":true,"href":"https:\/\/diariodominicano.com\/index.php?rest_route=%2Fwp%2Fv2%2Fcategories&post=587446"},{"taxonomy":"post_tag","embeddable":true,"href":"https:\/\/diariodominicano.com\/index.php?rest_route=%2Fwp%2Fv2%2Ftags&post=587446"}],"curies":[{"name":"wp","href":"https:\/\/api.w.org\/{rel}","templated":true}]}}