{"id":587393,"date":"2025-01-06T01:13:38","date_gmt":"2025-01-06T05:13:38","guid":{"rendered":"https:\/\/diariodominicano.com\/?p=587393"},"modified":"2025-01-06T03:20:25","modified_gmt":"2025-01-06T07:20:25","slug":"politicas-proteccionistas-aumentan-tensiones-globales-y-afectan-a-consumidores-afirma-ex-alto-funcionario-de-onu-entrevista","status":"publish","type":"post","link":"https:\/\/diariodominicano.com\/?p=587393","title":{"rendered":"Pol\u00edticas proteccionistas aumentan tensiones globales y afectan a consumidores, afirma ex alto funcionario de ONU: ENTREVISTA"},"content":{"rendered":"\n<p><em>spanish.news.cn<\/em>|<em>&nbsp;2025-01-05 17:11:30<\/em>|<\/p>\n\n\n\n<p>SARAJEVO, 5 ene (Xinhua) &#8212; Una nueva ronda de pol\u00edticas proteccionistas de Estados Unidos podr\u00eda da\u00f1ar el comercio global, interrumpir las cadenas de suministro y, en \u00faltima instancia, afectar a los consumidores estadounidenses, dijo el ex subsecretario general de la ONU Fabrizio Hochschild.<\/p>\n\n\n\n<p>\u00abLos economistas coinciden en gran medida en que los aranceles elevan los precios y reducen la competencia, lo que obstaculiza el crecimiento del PIB\u00bb, dijo Hochschild a Xinhua en una entrevista reciente.<\/p>\n\n\n\n<p>En noviembre, el presidente electo de Estados Unidos, Donald Trump, present\u00f3 planes para imponer aranceles del 25 por ciento a las importaciones de M\u00e9xico y Canad\u00e1, y un 10 por ciento adicional a los productos procedentes de China.<\/p>\n\n\n\n<p>Al reflexionar sobre el primer mandato de Trump, Hochschild dijo que los aranceles a menudo afectan a los consumidores con costos m\u00e1s altos en lugar de impulsar la econom\u00eda.<\/p>\n\n\n\n<p>\u00abMuchos componentes de los autom\u00f3viles estadounidenses se producen en el extranjero. Imponer aranceles aumentar\u00eda los costos de producci\u00f3n, lo que llevar\u00eda a precios m\u00e1s altos de los autom\u00f3viles para los consumidores\u00bb, dijo, citando a la industria automotriz como ejemplo.<\/p>\n\n\n\n<p>Hochschild expres\u00f3 su preocupaci\u00f3n por el riesgo de que la econom\u00eda global se fragmente en bloques comerciales que compiten entre s\u00ed.<\/p>\n\n\n\n<p>\u00abEl Fondo Monetario Internacional ha dejado en claro que esas divisiones frenar\u00edan el crecimiento global\u00bb, dijo. \u00abUn mercado libre ha sido un motor clave de la prosperidad econ\u00f3mica en las \u00faltimas d\u00e9cadas\u00bb.<\/p>\n\n\n\n<p>Seg\u00fan Hochschild, \u00abla historia muestra que los aranceles unilaterales a menudo provocan medidas de represalia, alterando las cadenas de suministro y socavando la estabilidad econ\u00f3mica\u00bb. Las disputas comerciales deber\u00edan resolverse a trav\u00e9s de mecanismos multilaterales como la Organizaci\u00f3n Mundial del Comercio (OMC), enfatiz\u00f3.<\/p>\n\n\n\n<p>\u00abSi se deja de lado a la OMC, un ciclo de aranceles y contraaranceles podr\u00eda perjudicar a todos los involucrados\u00bb, advirti\u00f3, y ahond\u00f3 en que \u00abel principal desaf\u00edo es la amenaza de una econom\u00eda global fragmentada. Esto aumenta las tensiones globales\u00bb.<\/p>\n\n\n\n<p><a href=\"https:\/\/www.facebook.com\/sharer\/sharer.php?u=https:\/\/spanish.xinhuanet.com\/20250105\/5d7d4c9b60444562b80155eb8de763c5\/c.html\" target=\"_blank\" rel=\"noreferrer noopener\"><\/a>&nbsp;<a href=\"https:\/\/twitter.com\/intent\/tweet?text=ENTREVISTA:%20Pol%C3%ADticas%20proteccionistas%20aumentan%20tensiones%20globales%20y%20afectan%20a%20consumidores,%20afirma%20ex%20alto%20funcionario%20de%20ONU&amp;url=https:\/\/spanish.xinhuanet.com\/20250105\/5d7d4c9b60444562b80155eb8de763c5\/c.html\" target=\"_blank\" rel=\"noreferrer noopener\"><\/a>&nbsp;<a target=\"_blank\" href=\"https:\/\/service.weibo.com\/share\/share.php?title=ENTREVISTA:%20Pol%C3%ADticas%20proteccionistas%20aumentan%20tensiones%20globales%20y%20afectan%20a%20consumidores,%20afirma%20ex%20alto%20funcionario%20de%20ONU&amp;url=https:\/\/spanish.xinhuanet.com\/20250105\/5d7d4c9b60444562b80155eb8de763c5\/c.html\" rel=\"noreferrer noopener\"><\/a>&nbsp;<a><\/a><\/p>\n\n\n\n<figure class=\"wp-block-image\"><img decoding=\"async\" src=\"https:\/\/imgs.news.cn\/res\/xhwimg\/spanish\/20170522\/img\/jc-xfa.png\" alt=\"\"\/><\/figure>\n\n\n\n<figure class=\"wp-block-table\"><table><tbody><tr><td><\/td><\/tr><\/tbody><\/table><\/figure>\n\n\n","protected":false},"excerpt":{"rendered":"<p>spanish.news.cn|&nbsp;2025-01-05 17:11:30| SARAJEVO, 5 ene (Xinhua) &#8212; Una nueva ronda de pol\u00edticas proteccionistas de Estados Unidos podr\u00eda da\u00f1ar el comercio global, interrumpir las cadenas de suministro y, en \u00faltima instancia, afectar a los consumidores estadounidenses, dijo el ex subsecretario general de la ONU Fabrizio Hochschild. \u00abLos economistas coinciden en gran medida en que los aranceles [&hellip;]<\/p>\n","protected":false},"author":28,"featured_media":587428,"comment_status":"closed","ping_status":"closed","sticky":true,"template":"","format":"standard","meta":{"footnotes":""},"categories":[18,23],"tags":[],"class_list":["post-587393","post","type-post","status-publish","format-standard","has-post-thumbnail","hentry","category-economia","category-internacional"],"_links":{"self":[{"href":"https:\/\/diariodominicano.com\/index.php?rest_route=\/wp\/v2\/posts\/587393","targetHints":{"allow":["GET"]}}],"collection":[{"href":"https:\/\/diariodominicano.com\/index.php?rest_route=\/wp\/v2\/posts"}],"about":[{"href":"https:\/\/diariodominicano.com\/index.php?rest_route=\/wp\/v2\/types\/post"}],"author":[{"embeddable":true,"href":"https:\/\/diariodominicano.com\/index.php?rest_route=\/wp\/v2\/users\/28"}],"replies":[{"embeddable":true,"href":"https:\/\/diariodominicano.com\/index.php?rest_route=%2Fwp%2Fv2%2Fcomments&post=587393"}],"version-history":[{"count":1,"href":"https:\/\/diariodominicano.com\/index.php?rest_route=\/wp\/v2\/posts\/587393\/revisions"}],"predecessor-version":[{"id":587394,"href":"https:\/\/diariodominicano.com\/index.php?rest_route=\/wp\/v2\/posts\/587393\/revisions\/587394"}],"wp:featuredmedia":[{"embeddable":true,"href":"https:\/\/diariodominicano.com\/index.php?rest_route=\/wp\/v2\/media\/587428"}],"wp:attachment":[{"href":"https:\/\/diariodominicano.com\/index.php?rest_route=%2Fwp%2Fv2%2Fmedia&parent=587393"}],"wp:term":[{"taxonomy":"category","embeddable":true,"href":"https:\/\/diariodominicano.com\/index.php?rest_route=%2Fwp%2Fv2%2Fcategories&post=587393"},{"taxonomy":"post_tag","embeddable":true,"href":"https:\/\/diariodominicano.com\/index.php?rest_route=%2Fwp%2Fv2%2Ftags&post=587393"}],"curies":[{"name":"wp","href":"https:\/\/api.w.org\/{rel}","templated":true}]}}