{"id":587372,"date":"2025-01-06T00:45:53","date_gmt":"2025-01-06T04:45:53","guid":{"rendered":"https:\/\/diariodominicano.com\/?p=587372"},"modified":"2025-01-06T00:45:54","modified_gmt":"2025-01-06T04:45:54","slug":"cuba-llega-caravana-de-la-libertad-a-la-provincia-de-sancti-spiritus-fotos","status":"publish","type":"post","link":"https:\/\/diariodominicano.com\/?p=587372","title":{"rendered":"Cuba: Llega Caravana de la Libertad a la provincia de Sancti Sp\u00edritus (+Fotos)"},"content":{"rendered":"\n<p>Sancti Sp\u00edritus, Cuba, 5 ene (Prensa Latina) La Caravana de la Libertad lleg\u00f3 hoy en horas de la tarde a esta central provincia por Jatibonico para reeditar el 66 aniversario del paso de los combatientes rebeldes por esta parte de la isla.<\/p>\n\n\n\n<ul class=\"wp-block-list\">\n<li><a href=\"https:\/\/www.prensa-latina.cu\/2025\/01\/05\/\"><time>enero 5, 2025 | 22:04<\/time><\/a><\/li>\n<\/ul>\n\n\n\n<ul class=\"wp-block-list\">\n<li><a href=\"https:\/\/www.prensa-latina.cu\/2025\/01\/05\/cuba-llega-caravana-de-la-libertad-a-la-provincia-de-sancti-spiritus\/#\"><\/a><\/li>\n\n\n\n<li><a href=\"https:\/\/www.prensa-latina.cu\/2025\/01\/05\/cuba-llega-caravana-de-la-libertad-a-la-provincia-de-sancti-spiritus\/#\"><\/a><\/li>\n\n\n\n<li><a href=\"https:\/\/www.prensa-latina.cu\/2025\/01\/05\/cuba-llega-caravana-de-la-libertad-a-la-provincia-de-sancti-spiritus\/#\"><\/a><\/li>\n\n\n\n<li><a href=\"https:\/\/www.prensa-latina.cu\/2025\/01\/05\/cuba-llega-caravana-de-la-libertad-a-la-provincia-de-sancti-spiritus\/#\"><\/a><\/li>\n<\/ul>\n\n\n\n<p>De esta forma, colectivos destacados espirituanos recibieron a j\u00f3venes y estudiantes de la provincia de Ciego de \u00c1vila, con las banderas cubanas y del 26 de julio.<\/p>\n\n\n\n<p>Este lunes, los caravanistas portando im\u00e1genes del L\u00edder Hist\u00f3rico de la Revoluci\u00f3n Fidel Castro saldr\u00e1n de Jatibonico despu\u00e9s de rendir tributo a Antonio Dar\u00edo L\u00f3pez, uno de los 21 combatientes que asaltaron el cuartel de Bayamo.<\/p>\n\n\n\n<figure class=\"wp-block-image\"><img decoding=\"async\" src=\"https:\/\/www.prensa-latina.cu\/wp-content\/uploads\/2025\/01\/caravana-1.jpg\" alt=\"\" class=\"wp-image-1466702\"\/><\/figure>\n\n\n\n<p>En el trayecto por la carretera central los j\u00f3venes recibir\u00e1n el reconocimiento a sus \u00e9xitos por las personas, pobladores y campesinos que estar\u00e1n en la v\u00eda, quienes rendir\u00e1n homenaje a Fidel y sus combatientes.<\/p>\n\n\n\n<p>El amanecer de esa fecha fue de j\u00fabilo popular, cientos de espirituanos se reunieron en el Parque Seraf\u00edn S\u00e1nchez, vitorearon al L\u00edder de la Revoluci\u00f3n y sus barbudos en el camino hacia la capital cubana.<\/p>\n\n\n\n<p>Desde un balc\u00f3n de la antigua Sociedad El Progreso \u2013en la actualidad Biblioteca Provincial Rub\u00e9n Mart\u00ednez Villena- Fidel dedic\u00f3 sus palabras a los presentes, afirmando que \u201cSancti Sp\u00edritus no pod\u00eda ser una ciudad m\u00e1s\u201d.<\/p>\n\n\n\n<figure class=\"wp-block-image\"><img decoding=\"async\" src=\"https:\/\/www.prensa-latina.cu\/wp-content\/uploads\/2025\/01\/recorrido.jpg\" alt=\"\" class=\"wp-image-1466705\"\/><\/figure>\n\n\n\n<p>Esta revelaci\u00f3n del pensamiento del l\u00edder revolucionario se complement\u00f3 cuando refiri\u00f3: \u201cSi las ciudades valen por lo que valen sus hijos, si las ciudades valen por los que se han sacrificado en bien de la patria, si las ciudades valen por el esp\u00edritu y la moral de sus habitantes, por el fervor de sus hijos, por la fe y el entusiasmo con que defienden una idea, Sancti Sp\u00edritus no pod\u00eda ser una ciudad m\u00e1s\u201d.<\/p>\n\n\n\n<p>Y tras recibir el clamor y los aplausos de los espirituanos reiter\u00f3: \u201cY si las ciudades se admiran y los pueblos se quieren por lo que han tenido de fe en las horas dif\u00edciles, es l\u00f3gico que hacia esta ciudad, como hacia otras, especialmente en nuestra patria, sintamos nosotros especial cari\u00f1o\u201d.<\/p>\n\n\n\n<p>Este acontecimiento icono en cada batalla por la patria ser\u00e1 recordado en el Parque Seraf\u00edn S\u00e1nchez para celebrar el acto central y volver a escuchar la voz de Fidel desde la biblioteca provincial.<\/p>\n\n\n\n<figure class=\"wp-block-image\"><img decoding=\"async\" src=\"https:\/\/www.prensa-latina.cu\/wp-content\/uploads\/2025\/01\/caravana-de-la-libertad-entra-a-tierras-espirituanas-1.jpg\" alt=\"\" class=\"wp-image-1466703\"\/><\/figure>\n\n\n\n<p>A su paso por Cabaigu\u00e1n por la carretera central se realizar\u00e1 una parada frente a la estatua del Comandante Faustino P\u00e9rez Hern\u00e1ndez, expedicionario del Granma y comandante del Ej\u00e9rcito Rebelde, quien falleci\u00f3 el 24 de diciembre de 1992.<\/p>\n\n\n\n<p>M\u00e1s tarde, los j\u00f3venes espirituanos entregar\u00e1n las banderas a Villa Clara, para que como en cada enero, pioneros, estudiantes y j\u00f3venes y combatientes reediten la entrada de los rebeldes al parque Leoncio Vidal de Santa Clara.<\/p>\n\n\n\n<p>jha\/rga<\/p>\n\n\n\n<ul class=\"wp-block-list\">\n<li>#<a href=\"https:\/\/www.prensa-latina.cu\/etiqueta\/caravana\/\">caravana<\/a>\u00a0#<a href=\"https:\/\/www.prensa-latina.cu\/etiqueta\/cuba\/\">cuba<\/a>\u00a0#<a href=\"https:\/\/www.prensa-latina.cu\/etiqueta\/fidel\/\">fidel<\/a>\u00a0#<a href=\"https:\/\/www.prensa-latina.cu\/etiqueta\/libertad\/\">libertad<\/a>\u00a0#<a href=\"https:\/\/www.prensa-latina.cu\/etiqueta\/sanctispiritus\/\">sanctispiritus<\/a><\/li>\n<\/ul>\n","protected":false},"excerpt":{"rendered":"<p>Sancti Sp\u00edritus, Cuba, 5 ene (Prensa Latina) La Caravana de la Libertad lleg\u00f3 hoy en horas de la tarde a esta central provincia por Jatibonico para reeditar el 66 aniversario del paso de los combatientes rebeldes por esta parte de la isla. De esta forma, colectivos destacados espirituanos recibieron a j\u00f3venes y estudiantes de la [&hellip;]<\/p>\n","protected":false},"author":28,"featured_media":587373,"comment_status":"closed","ping_status":"closed","sticky":true,"template":"","format":"standard","meta":{"footnotes":""},"categories":[26],"tags":[],"class_list":["post-587372","post","type-post","status-publish","format-standard","has-post-thumbnail","hentry","category-efemerides"],"_links":{"self":[{"href":"https:\/\/diariodominicano.com\/index.php?rest_route=\/wp\/v2\/posts\/587372","targetHints":{"allow":["GET"]}}],"collection":[{"href":"https:\/\/diariodominicano.com\/index.php?rest_route=\/wp\/v2\/posts"}],"about":[{"href":"https:\/\/diariodominicano.com\/index.php?rest_route=\/wp\/v2\/types\/post"}],"author":[{"embeddable":true,"href":"https:\/\/diariodominicano.com\/index.php?rest_route=\/wp\/v2\/users\/28"}],"replies":[{"embeddable":true,"href":"https:\/\/diariodominicano.com\/index.php?rest_route=%2Fwp%2Fv2%2Fcomments&post=587372"}],"version-history":[{"count":1,"href":"https:\/\/diariodominicano.com\/index.php?rest_route=\/wp\/v2\/posts\/587372\/revisions"}],"predecessor-version":[{"id":587374,"href":"https:\/\/diariodominicano.com\/index.php?rest_route=\/wp\/v2\/posts\/587372\/revisions\/587374"}],"wp:featuredmedia":[{"embeddable":true,"href":"https:\/\/diariodominicano.com\/index.php?rest_route=\/wp\/v2\/media\/587373"}],"wp:attachment":[{"href":"https:\/\/diariodominicano.com\/index.php?rest_route=%2Fwp%2Fv2%2Fmedia&parent=587372"}],"wp:term":[{"taxonomy":"category","embeddable":true,"href":"https:\/\/diariodominicano.com\/index.php?rest_route=%2Fwp%2Fv2%2Fcategories&post=587372"},{"taxonomy":"post_tag","embeddable":true,"href":"https:\/\/diariodominicano.com\/index.php?rest_route=%2Fwp%2Fv2%2Ftags&post=587372"}],"curies":[{"name":"wp","href":"https:\/\/api.w.org\/{rel}","templated":true}]}}