{"id":587369,"date":"2025-01-06T00:39:42","date_gmt":"2025-01-06T04:39:42","guid":{"rendered":"https:\/\/diariodominicano.com\/?p=587369"},"modified":"2025-01-06T00:39:47","modified_gmt":"2025-01-06T04:39:47","slug":"israel-intensifico-ola-de-ataques-contra-el-norte-de-gaza","status":"publish","type":"post","link":"https:\/\/diariodominicano.com\/?p=587369","title":{"rendered":"Israel intensific\u00f3 ola de ataques contra el norte de Gaza"},"content":{"rendered":"\n<ul class=\"wp-block-list\">\n<li>enero 5, 2025<\/li>\n\n\n\n<li>CST04:53 (GMT) -0500<\/li>\n<\/ul>\n\n\n\n<p>Ramala, 5 ene (Prensa Latina) Por cuarto d\u00eda consecutivo, el ej\u00e9rcito israel\u00ed continu\u00f3 hoy una intensa ola de ataques contra la gobernaci\u00f3n de Gaza, tras arrasar luego de tres meses de ofensiva terrestre con la regi\u00f3n m\u00e1s septentrional de la Franja.<\/p>\n\n\n\n<ul class=\"wp-block-list\">\n<li><a href=\"https:\/\/www.prensa-latina.cu\/2025\/01\/05\/israel-intensifico-ola-de-ataques-contra-el-norte-de-gaza\/#\"><\/a><\/li>\n\n\n\n<li><a href=\"https:\/\/www.prensa-latina.cu\/2025\/01\/05\/israel-intensifico-ola-de-ataques-contra-el-norte-de-gaza\/#\"><\/a><\/li>\n\n\n\n<li><a href=\"https:\/\/www.prensa-latina.cu\/2025\/01\/05\/israel-intensifico-ola-de-ataques-contra-el-norte-de-gaza\/#\"><\/a><\/li>\n\n\n\n<li><a href=\"https:\/\/www.prensa-latina.cu\/2025\/01\/05\/israel-intensifico-ola-de-ataques-contra-el-norte-de-gaza\/#\"><\/a><\/li>\n<\/ul>\n\n\n\n<p>La agencia oficial de noticias Wafa report\u00f3 que las Fuerzas Armadas de ese pa\u00eds intensificaron el jueves \u00faltimo sus operaciones en torno a la ciudad de Gaza, la m\u00e1s populosa del enclave costero.<\/p>\n\n\n\n<p>La campa\u00f1a podr\u00eda elevar significativamente el n\u00famero de v\u00edctimas por la alta densidad poblaci\u00f3n de la zona, donde en la actualidad est\u00e1n concentradas unas 550 mil personas, alert\u00f3.<\/p>\n\n\n\n<p>De esa cifra unas 180 mil son desplazadas de la Gobernaci\u00f3n del Norte, que huyeron de la ofensiva terrestre lanzada por Israel el 5 de octubre \u00faltimo y que ahora alcanz\u00f3 la ciudad de Gaza.<\/p>\n\n\n\n<p>Los aviones de combate intensificaron sus ataques a\u00e9reos contra zonas densamente pobladas, lo cual provoc\u00f3 la destrucci\u00f3n de numerosos edificios en los \u00faltimos d\u00edas y la muerte de decenas de ciudadanos, subray\u00f3 la fuente.<\/p>\n\n\n\n<p>El medio noticioso se\u00f1al\u00f3 que ahora la poblaci\u00f3n teme verse obligada a huir m\u00e1s al sur, hacia la zona de Al-Mawasi, declarada \u00e1rea de seguridad por el Ej\u00e9rcito, aunque sus aviones la bombardean sistem\u00e1ticamente.<\/p>\n\n\n\n<p>Precisamente, medios palestinos anunciaron la muerte este domingo del escritor y periodista Muhammad Hijazi, alcanzado por bombas lanzadas contra el norte del enclave.<\/p>\n\n\n\n<p>Tambi\u00e9n se report\u00f3 una v\u00edctima mortal en la sure\u00f1a ciudad de Rafah, fronteriza con Egipto.<\/p>\n\n\n\n<p>Desde el inicio de la actual fase de conflicto, el 7 de octubre de 2023, m\u00e1s de 45 mil 700 ciudadanos perdieron la vida en la Franja y casi 109 mil resultaron heridos, seg\u00fan datos oficiales.<\/p>\n\n\n\n<p>mem\/rob<\/p>\n\n\n\n<ul class=\"wp-block-list\">\n<li>#<a href=\"https:\/\/www.prensa-latina.cu\/etiqueta\/ataques\/\">ataques<\/a>\u00a0#<a href=\"https:\/\/www.prensa-latina.cu\/etiqueta\/gaza\/\">gaza<\/a>\u00a0#<a href=\"https:\/\/www.prensa-latina.cu\/etiqueta\/israel\/\">Israel<\/a><\/li>\n<\/ul>\n","protected":false},"excerpt":{"rendered":"<p>Ramala, 5 ene (Prensa Latina) Por cuarto d\u00eda consecutivo, el ej\u00e9rcito israel\u00ed continu\u00f3 hoy una intensa ola de ataques contra la gobernaci\u00f3n de Gaza, tras arrasar luego de tres meses de ofensiva terrestre con la regi\u00f3n m\u00e1s septentrional de la Franja. La agencia oficial de noticias Wafa report\u00f3 que las Fuerzas Armadas de ese pa\u00eds [&hellip;]<\/p>\n","protected":false},"author":28,"featured_media":587370,"comment_status":"closed","ping_status":"closed","sticky":true,"template":"","format":"standard","meta":{"footnotes":""},"categories":[23],"tags":[],"class_list":["post-587369","post","type-post","status-publish","format-standard","has-post-thumbnail","hentry","category-internacional"],"_links":{"self":[{"href":"https:\/\/diariodominicano.com\/index.php?rest_route=\/wp\/v2\/posts\/587369","targetHints":{"allow":["GET"]}}],"collection":[{"href":"https:\/\/diariodominicano.com\/index.php?rest_route=\/wp\/v2\/posts"}],"about":[{"href":"https:\/\/diariodominicano.com\/index.php?rest_route=\/wp\/v2\/types\/post"}],"author":[{"embeddable":true,"href":"https:\/\/diariodominicano.com\/index.php?rest_route=\/wp\/v2\/users\/28"}],"replies":[{"embeddable":true,"href":"https:\/\/diariodominicano.com\/index.php?rest_route=%2Fwp%2Fv2%2Fcomments&post=587369"}],"version-history":[{"count":1,"href":"https:\/\/diariodominicano.com\/index.php?rest_route=\/wp\/v2\/posts\/587369\/revisions"}],"predecessor-version":[{"id":587371,"href":"https:\/\/diariodominicano.com\/index.php?rest_route=\/wp\/v2\/posts\/587369\/revisions\/587371"}],"wp:featuredmedia":[{"embeddable":true,"href":"https:\/\/diariodominicano.com\/index.php?rest_route=\/wp\/v2\/media\/587370"}],"wp:attachment":[{"href":"https:\/\/diariodominicano.com\/index.php?rest_route=%2Fwp%2Fv2%2Fmedia&parent=587369"}],"wp:term":[{"taxonomy":"category","embeddable":true,"href":"https:\/\/diariodominicano.com\/index.php?rest_route=%2Fwp%2Fv2%2Fcategories&post=587369"},{"taxonomy":"post_tag","embeddable":true,"href":"https:\/\/diariodominicano.com\/index.php?rest_route=%2Fwp%2Fv2%2Ftags&post=587369"}],"curies":[{"name":"wp","href":"https:\/\/api.w.org\/{rel}","templated":true}]}}