{"id":587295,"date":"2025-01-05T22:51:12","date_gmt":"2025-01-06T02:51:12","guid":{"rendered":"https:\/\/diariodominicano.com\/?p=587295"},"modified":"2025-01-06T03:28:16","modified_gmt":"2025-01-06T07:28:16","slug":"sismo-de-magnitud-62-sacude-a-el-salvador-no-hay-reportes-de-danos-o-personas-heridas","status":"publish","type":"post","link":"https:\/\/diariodominicano.com\/?p=587295","title":{"rendered":"Sismo de magnitud 6,2 sacude a El Salvador; no hay reportes de da\u00f1os o personas heridas"},"content":{"rendered":"\n<p>Varias personas esperan fuera de sus casas en San Salvador despu\u00e9s de un terremoto que sacudi\u00f3 a El Salvador el 5 de enero de 2025.<\/p>\n\n\n\n<p>enero 05, 2025 <\/p>\n\n\n\n<p>Associated Press <\/p>\n\n\n\n<p>Las autoridades de El Salvador dijeron que no se han reportado da\u00f1os ni lesiones personales despu\u00e9s de un fuerte terremoto que sacudi\u00f3 el pa\u00eds el domingo por la ma\u00f1ana.<\/p>\n\n\n\n<p>SAN SALVADOR \u2014&nbsp;<\/p>\n\n\n\n<p>Un sismo de magnitud 6,2 sacudi\u00f3 el domingo a El Salvador sin que se reporten de momento da\u00f1os o personas heridas, informaron las autoridades.<\/p>\n\n\n\n<p>El Servicio Geol\u00f3gico de Estados Unidos indic\u00f3 que el fuerte temblor se registr\u00f3 a las 11:18 de la ma\u00f1ana, hora local.<\/p>\n\n\n\n<p>El Ministerio de Medio Ambiente y Recursos Naturales dijo que el sismo se origin\u00f3 en la costa de La Paz, con una profundidad de 49,5 kil\u00f3metros, a 29 kil\u00f3metros al suroeste de la playa Costa del Sol en el oc\u00e9ano Pac\u00edfico.<\/p>\n\n\n\n<p>El ministro de esa cartera, Fernando L\u00f3pez, dijo en su cuenta de la red social X, antes Twitter, que \u201cno existe amenaza de tsunami para El Salvador\u00bb.<\/p>\n\n\n\n<p>\u201cTodo se estremeci\u00f3, pens\u00e9 que las casas se iban a caer, todos salimos a las calles\u201d, dijo a The Associated Press, Ernesto S\u00e1nchez, que vive en una populosa colonia del distrito de Santa Tecla, en la periferia oeste la capital.<\/p>\n\n\n\n<p>La Radio YSKL que cubre todo el pa\u00eds dijo que se reportaron interrupciones en el servicio de telefon\u00eda, pero que no hab\u00eda informaci\u00f3n de v\u00edctimas mortales o heridos.<\/p>\n\n\n\n<p>Comandos de Salvamento informaron que hacen monitoreos en diferentes localidades del pa\u00eds tras el potente sismo, pero que no tienen reportes de v\u00edctimas mortales o heridos.<\/p>\n\n\n\n<p>Agregaron que s\u00f3lo han brindado atenci\u00f3n a personas que presentaron crisis nerviosas en una de las iglesias cristianas evang\u00e9licas de la capital.<\/p>\n","protected":false},"excerpt":{"rendered":"<p>Varias personas esperan fuera de sus casas en San Salvador despu\u00e9s de un terremoto que sacudi\u00f3 a El Salvador el 5 de enero de 2025. enero 05, 2025 Associated Press Las autoridades de El Salvador dijeron que no se han reportado da\u00f1os ni lesiones personales despu\u00e9s de un fuerte terremoto que sacudi\u00f3 el pa\u00eds el [&hellip;]<\/p>\n","protected":false},"author":28,"featured_media":587296,"comment_status":"closed","ping_status":"closed","sticky":true,"template":"","format":"standard","meta":{"footnotes":""},"categories":[23],"tags":[],"class_list":["post-587295","post","type-post","status-publish","format-standard","has-post-thumbnail","hentry","category-internacional"],"_links":{"self":[{"href":"https:\/\/diariodominicano.com\/index.php?rest_route=\/wp\/v2\/posts\/587295","targetHints":{"allow":["GET"]}}],"collection":[{"href":"https:\/\/diariodominicano.com\/index.php?rest_route=\/wp\/v2\/posts"}],"about":[{"href":"https:\/\/diariodominicano.com\/index.php?rest_route=\/wp\/v2\/types\/post"}],"author":[{"embeddable":true,"href":"https:\/\/diariodominicano.com\/index.php?rest_route=\/wp\/v2\/users\/28"}],"replies":[{"embeddable":true,"href":"https:\/\/diariodominicano.com\/index.php?rest_route=%2Fwp%2Fv2%2Fcomments&post=587295"}],"version-history":[{"count":2,"href":"https:\/\/diariodominicano.com\/index.php?rest_route=\/wp\/v2\/posts\/587295\/revisions"}],"predecessor-version":[{"id":587432,"href":"https:\/\/diariodominicano.com\/index.php?rest_route=\/wp\/v2\/posts\/587295\/revisions\/587432"}],"wp:featuredmedia":[{"embeddable":true,"href":"https:\/\/diariodominicano.com\/index.php?rest_route=\/wp\/v2\/media\/587296"}],"wp:attachment":[{"href":"https:\/\/diariodominicano.com\/index.php?rest_route=%2Fwp%2Fv2%2Fmedia&parent=587295"}],"wp:term":[{"taxonomy":"category","embeddable":true,"href":"https:\/\/diariodominicano.com\/index.php?rest_route=%2Fwp%2Fv2%2Fcategories&post=587295"},{"taxonomy":"post_tag","embeddable":true,"href":"https:\/\/diariodominicano.com\/index.php?rest_route=%2Fwp%2Fv2%2Ftags&post=587295"}],"curies":[{"name":"wp","href":"https:\/\/api.w.org\/{rel}","templated":true}]}}