{"id":587230,"date":"2025-01-05T00:52:20","date_gmt":"2025-01-05T04:52:20","guid":{"rendered":"https:\/\/diariodominicano.com\/?p=587230"},"modified":"2025-01-05T00:52:27","modified_gmt":"2025-01-05T04:52:27","slug":"china-lanzara-evento-de-compras-en-linea-para-fiesta-de-la-primavera","status":"publish","type":"post","link":"https:\/\/diariodominicano.com\/?p=587230","title":{"rendered":"China lanzar\u00e1 evento de compras en l\u00ednea para Fiesta de la Primavera"},"content":{"rendered":"\n<p><em>spanish.news.cn<\/em>|<em>&nbsp;2025-01-04 15:17:30<\/em>|<\/p>\n\n\n\n<p>BEIJING, 4 ene (Xinhua) &#8212; China lanzar\u00e1 un evento de compras en l\u00ednea de productos festivos de un mes de duraci\u00f3n antes de la pr\u00f3xima Fiesta de la Primavera, que este a\u00f1o se celebra el 29 de enero.<\/p>\n\n\n\n<p>El evento, iniciado por el Ministerio de Comercio y organizado bajo la direcci\u00f3n de varios departamentos gubernamentales y la Asociaci\u00f3n de Consumidores de China, se llevar\u00e1 a cabo del 7 de enero al 5 de febrero.<\/p>\n\n\n\n<p>Seg\u00fan el ministerio, este evento marca la primera promoci\u00f3n de ventas en l\u00ednea a nivel nacional tras la inscripci\u00f3n del \u00abFestival de Primavera y las pr\u00e1cticas sociales del pueblo chino asociadas con la celebraci\u00f3n del A\u00f1o Nuevo de su calendario tradicional\u00bb en la Lista Representativa del Patrimonio Cultural Inmaterial de la Humanidad de la Organizaci\u00f3n de las Naciones Unidas para la Educaci\u00f3n, la Ciencia y la Cultura (UNESCO) en diciembre de 2024.<\/p>\n\n\n\n<p>El evento tiene como objetivo satisfacer las necesidades de consumo de las personas durante la temporada festiva, promover la cultura tradicional china e impulsar las ventas de comercio electr\u00f3nico.<\/p>\n\n\n\n<p>El 7 de enero se celebrar\u00e1 una ceremonia de lanzamiento del evento en la ciudad de Jiujiang, provincia de Jiangxi, en el este de China, con una serie de actividades, entre ellas exposiciones de productos festivos y exposiciones que destacan el patrimonio cultural inmaterial.<\/p>\n\n\n\n<p>Varias regiones chinas y plataformas de comercio electr\u00f3nico organizar\u00e1n eventos distintivos para celebrar la Fiesta de la Primavera, incluidas promociones de productos locales, as\u00ed como exposiciones y actuaciones tem\u00e1ticas sobre el patrimonio cultural inmaterial, seg\u00fan el ministerio.<\/p>\n\n\n\n<p>Por ejemplo, a partir del 22 de enero, Shanghai acoger\u00e1 un evento de la Fiesta de la Primavera de comercio electr\u00f3nico de la Ruta de la Seda para promover los productos tur\u00edsticos para los visitantes que viajen a China para el A\u00f1o Nuevo lunar.<\/p>\n\n\n\n<p>Durante este evento, los productos festivos tambi\u00e9n estar\u00e1n disponibles en las versiones globales de varias plataformas de comercio electr\u00f3nico para satisfacer las necesidades de los clientes chinos e internacionales en el extranjero.&nbsp;<\/p>\n\n\n\n<p><a href=\"https:\/\/www.facebook.com\/sharer\/sharer.php?u=https:\/\/spanish.xinhuanet.com\/20250104\/0a75568e388e48e3a0eaf17f75034a7a\/c.html\" target=\"_blank\" rel=\"noreferrer noopener\"><\/a>&nbsp;<a href=\"https:\/\/twitter.com\/intent\/tweet?text=China%20lanzar%C3%A1%20evento%20de%20compras%20en%20l%C3%ADnea%20para%20Fiesta%20de%20la%20Primavera&amp;url=https:\/\/spanish.xinhuanet.com\/20250104\/0a75568e388e48e3a0eaf17f75034a7a\/c.html\" target=\"_blank\" rel=\"noreferrer noopener\"><\/a>&nbsp;<a target=\"_blank\" href=\"https:\/\/service.weibo.com\/share\/share.php?title=China%20lanzar%C3%A1%20evento%20de%20compras%20en%20l%C3%ADnea%20para%20Fiesta%20de%20la%20Primavera&amp;url=https:\/\/spanish.xinhuanet.com\/20250104\/0a75568e388e48e3a0eaf17f75034a7a\/c.html\" rel=\"noreferrer noopener\"><\/a>&nbsp;<a><\/a><\/p>\n\n\n\n<figure class=\"wp-block-image\"><img decoding=\"async\" src=\"https:\/\/imgs.news.cn\/res\/xhwimg\/spanish\/20170522\/img\/jc-xfa.png\" alt=\"\"\/><\/figure>\n\n\n\n<figure class=\"wp-block-table\"><table><tbody><tr><td><\/td><\/tr><\/tbody><\/table><\/figure>\n\n\n","protected":false},"excerpt":{"rendered":"<p>spanish.news.cn|&nbsp;2025-01-04 15:17:30| BEIJING, 4 ene (Xinhua) &#8212; China lanzar\u00e1 un evento de compras en l\u00ednea de productos festivos de un mes de duraci\u00f3n antes de la pr\u00f3xima Fiesta de la Primavera, que este a\u00f1o se celebra el 29 de enero. El evento, iniciado por el Ministerio de Comercio y organizado bajo la direcci\u00f3n de varios [&hellip;]<\/p>\n","protected":false},"author":28,"featured_media":0,"comment_status":"closed","ping_status":"closed","sticky":true,"template":"","format":"standard","meta":{"footnotes":""},"categories":[18,23],"tags":[],"class_list":["post-587230","post","type-post","status-publish","format-standard","hentry","category-economia","category-internacional"],"_links":{"self":[{"href":"https:\/\/diariodominicano.com\/index.php?rest_route=\/wp\/v2\/posts\/587230","targetHints":{"allow":["GET"]}}],"collection":[{"href":"https:\/\/diariodominicano.com\/index.php?rest_route=\/wp\/v2\/posts"}],"about":[{"href":"https:\/\/diariodominicano.com\/index.php?rest_route=\/wp\/v2\/types\/post"}],"author":[{"embeddable":true,"href":"https:\/\/diariodominicano.com\/index.php?rest_route=\/wp\/v2\/users\/28"}],"replies":[{"embeddable":true,"href":"https:\/\/diariodominicano.com\/index.php?rest_route=%2Fwp%2Fv2%2Fcomments&post=587230"}],"version-history":[{"count":1,"href":"https:\/\/diariodominicano.com\/index.php?rest_route=\/wp\/v2\/posts\/587230\/revisions"}],"predecessor-version":[{"id":587231,"href":"https:\/\/diariodominicano.com\/index.php?rest_route=\/wp\/v2\/posts\/587230\/revisions\/587231"}],"wp:attachment":[{"href":"https:\/\/diariodominicano.com\/index.php?rest_route=%2Fwp%2Fv2%2Fmedia&parent=587230"}],"wp:term":[{"taxonomy":"category","embeddable":true,"href":"https:\/\/diariodominicano.com\/index.php?rest_route=%2Fwp%2Fv2%2Fcategories&post=587230"},{"taxonomy":"post_tag","embeddable":true,"href":"https:\/\/diariodominicano.com\/index.php?rest_route=%2Fwp%2Fv2%2Ftags&post=587230"}],"curies":[{"name":"wp","href":"https:\/\/api.w.org\/{rel}","templated":true}]}}