{"id":587224,"date":"2025-01-05T00:46:14","date_gmt":"2025-01-05T04:46:14","guid":{"rendered":"https:\/\/diariodominicano.com\/?p=587224"},"modified":"2025-01-05T01:18:16","modified_gmt":"2025-01-05T05:18:16","slug":"bahamas-devolvio-a-cuba-19-migrantes-irregulares","status":"publish","type":"post","link":"https:\/\/diariodominicano.com\/?p=587224","title":{"rendered":"Bahamas devolvi\u00f3 a Cuba 19 migrantes irregulares"},"content":{"rendered":"\n<p>La Habana, 4 ene (Prensa Latina) El Ministerio del Interior de Cuba inform\u00f3 hoy de la devoluci\u00f3n desde Bahamas de 19 migrantes irregulares, de ellos 16 hombres y tres mujeres, en la primera operaci\u00f3n de este tipo en 2025.<\/p>\n\n\n\n<ul class=\"wp-block-list\">\n<li><a href=\"https:\/\/www.prensa-latina.cu\/2025\/01\/04\/\"><time>enero 4, 2025 | 12:34<\/time><\/a><\/li>\n<\/ul>\n\n\n\n<ul class=\"wp-block-list\">\n<li><a href=\"https:\/\/www.prensa-latina.cu\/2025\/01\/04\/bahamas-devolvio-a-cuba-19-migrantes-irregulares\/#\"><\/a><\/li>\n\n\n\n<li><a href=\"https:\/\/www.prensa-latina.cu\/2025\/01\/04\/bahamas-devolvio-a-cuba-19-migrantes-irregulares\/#\"><\/a><\/li>\n\n\n\n<li><a href=\"https:\/\/www.prensa-latina.cu\/2025\/01\/04\/bahamas-devolvio-a-cuba-19-migrantes-irregulares\/#\"><\/a><\/li>\n\n\n\n<li><a href=\"https:\/\/www.prensa-latina.cu\/2025\/01\/04\/bahamas-devolvio-a-cuba-19-migrantes-irregulares\/#\"><\/a><\/li>\n<\/ul>\n\n\n\n<p>La mayor\u00eda de los retornados la v\u00edspera por el capitalino aeropuerto internacional Jos\u00e9 Mart\u00ed son de la provincia de Ciego de \u00c1vila (centro), aunque hubo otros de Mayabeque y de otras provincias centrales, detall\u00f3 la fuente en la red social X.<\/p>\n\n\n\n<p>A\u00f1adi\u00f3 que el a\u00f1o pasado ocurrieron 93 devoluciones de personas desde varios pa\u00edses de la regi\u00f3n, con mil 384 migrantes irregulares.<\/p>\n\n\n\n<p>arc\/evm<\/p>\n\n\n\n<ul class=\"wp-block-list\">\n<li>#<a href=\"https:\/\/www.prensa-latina.cu\/etiqueta\/bahamas\/\">Bahamas<\/a>\u00a0#<a href=\"https:\/\/www.prensa-latina.cu\/etiqueta\/cuba\/\">cuba<\/a>\u00a0#<a href=\"https:\/\/www.prensa-latina.cu\/etiqueta\/migrantes\/\">migrantes<\/a><\/li>\n<\/ul>\n","protected":false},"excerpt":{"rendered":"<p>La Habana, 4 ene (Prensa Latina) El Ministerio del Interior de Cuba inform\u00f3 hoy de la devoluci\u00f3n desde Bahamas de 19 migrantes irregulares, de ellos 16 hombres y tres mujeres, en la primera operaci\u00f3n de este tipo en 2025. La mayor\u00eda de los retornados la v\u00edspera por el capitalino aeropuerto internacional Jos\u00e9 Mart\u00ed son de [&hellip;]<\/p>\n","protected":false},"author":28,"featured_media":587225,"comment_status":"closed","ping_status":"closed","sticky":true,"template":"","format":"standard","meta":{"footnotes":""},"categories":[23],"tags":[],"class_list":["post-587224","post","type-post","status-publish","format-standard","has-post-thumbnail","hentry","category-internacional"],"_links":{"self":[{"href":"https:\/\/diariodominicano.com\/index.php?rest_route=\/wp\/v2\/posts\/587224","targetHints":{"allow":["GET"]}}],"collection":[{"href":"https:\/\/diariodominicano.com\/index.php?rest_route=\/wp\/v2\/posts"}],"about":[{"href":"https:\/\/diariodominicano.com\/index.php?rest_route=\/wp\/v2\/types\/post"}],"author":[{"embeddable":true,"href":"https:\/\/diariodominicano.com\/index.php?rest_route=\/wp\/v2\/users\/28"}],"replies":[{"embeddable":true,"href":"https:\/\/diariodominicano.com\/index.php?rest_route=%2Fwp%2Fv2%2Fcomments&post=587224"}],"version-history":[{"count":1,"href":"https:\/\/diariodominicano.com\/index.php?rest_route=\/wp\/v2\/posts\/587224\/revisions"}],"predecessor-version":[{"id":587226,"href":"https:\/\/diariodominicano.com\/index.php?rest_route=\/wp\/v2\/posts\/587224\/revisions\/587226"}],"wp:featuredmedia":[{"embeddable":true,"href":"https:\/\/diariodominicano.com\/index.php?rest_route=\/wp\/v2\/media\/587225"}],"wp:attachment":[{"href":"https:\/\/diariodominicano.com\/index.php?rest_route=%2Fwp%2Fv2%2Fmedia&parent=587224"}],"wp:term":[{"taxonomy":"category","embeddable":true,"href":"https:\/\/diariodominicano.com\/index.php?rest_route=%2Fwp%2Fv2%2Fcategories&post=587224"},{"taxonomy":"post_tag","embeddable":true,"href":"https:\/\/diariodominicano.com\/index.php?rest_route=%2Fwp%2Fv2%2Ftags&post=587224"}],"curies":[{"name":"wp","href":"https:\/\/api.w.org\/{rel}","templated":true}]}}