{"id":587221,"date":"2025-01-05T00:44:05","date_gmt":"2025-01-05T04:44:05","guid":{"rendered":"https:\/\/diariodominicano.com\/?p=587221"},"modified":"2025-01-05T01:39:35","modified_gmt":"2025-01-05T05:39:35","slug":"eeuu-retorno-a-guatemala-878-migrantes-de-este-pais-en-2025","status":"publish","type":"post","link":"https:\/\/diariodominicano.com\/?p=587221","title":{"rendered":"EEUU retorn\u00f3 a Guatemala 878 migrantes de este pa\u00eds en 2025"},"content":{"rendered":"\n<p>Ciudad de Guatemala, 4 ene (Prensa Latina) Durante los primeros cuatro d\u00edas del presente a\u00f1o Estados Unidos retorn\u00f3 en siete vuelos a este pa\u00eds 878 nacionales con estatus irregular, inform\u00f3 hoy el Instituto Guatemalteco de Migraci\u00f3n (IGM).<\/p>\n\n\n\n<ul class=\"wp-block-list\">\n<li><a href=\"https:\/\/www.prensa-latina.cu\/2025\/01\/04\/\"><time>enero 4, 2025 | 17:12<\/time><\/a><\/li>\n<\/ul>\n\n\n\n<ul class=\"wp-block-list\">\n<li><a href=\"https:\/\/www.prensa-latina.cu\/2025\/01\/04\/eeuu-retorno-a-guatemala-878-migrantes-de-este-pais-en-2025\/#\"><\/a><\/li>\n\n\n\n<li><a href=\"https:\/\/www.prensa-latina.cu\/2025\/01\/04\/eeuu-retorno-a-guatemala-878-migrantes-de-este-pais-en-2025\/#\"><\/a><\/li>\n\n\n\n<li><a href=\"https:\/\/www.prensa-latina.cu\/2025\/01\/04\/eeuu-retorno-a-guatemala-878-migrantes-de-este-pais-en-2025\/#\"><\/a><\/li>\n\n\n\n<li><a href=\"https:\/\/www.prensa-latina.cu\/2025\/01\/04\/eeuu-retorno-a-guatemala-878-migrantes-de-este-pais-en-2025\/#\"><\/a><\/li>\n<\/ul>\n\n\n\n<p>Hasta el pasado d\u00eda 2 sumaban 522 hombres, mujeres y menores de edad, detall\u00f3 la entidad, cuyo personal coordin\u00f3 acciones con distintas instituciones y los recibi\u00f3 en el centro habilitado para retornados en esta capital.<\/p>\n\n\n\n<p>El IGM describi\u00f3 que a los deportados les brindan atenci\u00f3n especializada para el registro, identificaci\u00f3n, asistencia m\u00e9dica primaria y psicosocial.<\/p>\n\n\n\n<p>Despu\u00e9s del proceso de recepci\u00f3n, los connacionales tienen acceso a alimentaci\u00f3n, llamadas telef\u00f3nicas y transporte gratuito, a\u00f1adi\u00f3.<\/p>\n\n\n\n<p>Tambi\u00e9n \u2014acot\u00f3\u2014 los trasladamos a las principales terminales de la ciudad, para que puedan viajar a encontrarse con sus familias y se favorezca as\u00ed la reunificaci\u00f3n.<\/p>\n\n\n\n<p>El IGM atendi\u00f3 durante el 2024 a 76 mil 768 deportados, 66 mil 16 por v\u00eda a\u00e9rea provenientes de Estados Unidos y M\u00e9xico. Igualmente, 10 mil 752 arribaron por tierra desde esta naci\u00f3n vecina.<\/p>\n\n\n\n<p>Del total de deportados, seg\u00fan puntualiz\u00f3 la entidad en un comunicado, 50 mil 610 son hombres, 17 mil 676 mujeres y ocho mil 482 son ni\u00f1os, ni\u00f1as y adolescentes.<\/p>\n\n\n\n<p>El viernes 29 de diciembre de 2023 arrib\u00f3 el \u00faltimo vuelo procedente de Estados Unidos con 123 guatemaltecos, quienes completaron, junto con los de M\u00e9xico, 55 mil 302, una baja del 15,4 por ciento contra el per\u00edodo anual anterior.<\/p>\n\n\n\n<p>Desde noviembre pasado la cifra de retornados a Guatemala por Estados Unidos superaba cada vez esa marca, lo cual algunos analistas vieron como un mal presagio de lo que se avecina a partir del pr\u00f3ximo 20 de enero.<\/p>\n\n\n\n<p>En esa fecha llegar\u00e1 por segunda vez a la presidencia del pa\u00eds norte\u00f1o Donald Trump; sin embargo, medios locales de prensa subrayaron que durante su primer mandato (2017-2021) deport\u00f3 menos que su antecesor Barack Obama (2009-2017).<\/p>\n\n\n\n<p>jcm\/znc<\/p>\n\n\n\n<ul class=\"wp-block-list\">\n<li>#<a href=\"https:\/\/www.prensa-latina.cu\/etiqueta\/deportados\/\">deportados<\/a>\u00a0#<a href=\"https:\/\/www.prensa-latina.cu\/etiqueta\/guatemala\/\">Guatemala<\/a><\/li>\n<\/ul>\n","protected":false},"excerpt":{"rendered":"<p>Ciudad de Guatemala, 4 ene (Prensa Latina) Durante los primeros cuatro d\u00edas del presente a\u00f1o Estados Unidos retorn\u00f3 en siete vuelos a este pa\u00eds 878 nacionales con estatus irregular, inform\u00f3 hoy el Instituto Guatemalteco de Migraci\u00f3n (IGM). Hasta el pasado d\u00eda 2 sumaban 522 hombres, mujeres y menores de edad, detall\u00f3 la entidad, cuyo personal [&hellip;]<\/p>\n","protected":false},"author":28,"featured_media":587222,"comment_status":"closed","ping_status":"closed","sticky":true,"template":"","format":"standard","meta":{"footnotes":""},"categories":[23,27],"tags":[],"class_list":["post-587221","post","type-post","status-publish","format-standard","has-post-thumbnail","hentry","category-internacional","category-portada"],"_links":{"self":[{"href":"https:\/\/diariodominicano.com\/index.php?rest_route=\/wp\/v2\/posts\/587221","targetHints":{"allow":["GET"]}}],"collection":[{"href":"https:\/\/diariodominicano.com\/index.php?rest_route=\/wp\/v2\/posts"}],"about":[{"href":"https:\/\/diariodominicano.com\/index.php?rest_route=\/wp\/v2\/types\/post"}],"author":[{"embeddable":true,"href":"https:\/\/diariodominicano.com\/index.php?rest_route=\/wp\/v2\/users\/28"}],"replies":[{"embeddable":true,"href":"https:\/\/diariodominicano.com\/index.php?rest_route=%2Fwp%2Fv2%2Fcomments&post=587221"}],"version-history":[{"count":1,"href":"https:\/\/diariodominicano.com\/index.php?rest_route=\/wp\/v2\/posts\/587221\/revisions"}],"predecessor-version":[{"id":587223,"href":"https:\/\/diariodominicano.com\/index.php?rest_route=\/wp\/v2\/posts\/587221\/revisions\/587223"}],"wp:featuredmedia":[{"embeddable":true,"href":"https:\/\/diariodominicano.com\/index.php?rest_route=\/wp\/v2\/media\/587222"}],"wp:attachment":[{"href":"https:\/\/diariodominicano.com\/index.php?rest_route=%2Fwp%2Fv2%2Fmedia&parent=587221"}],"wp:term":[{"taxonomy":"category","embeddable":true,"href":"https:\/\/diariodominicano.com\/index.php?rest_route=%2Fwp%2Fv2%2Fcategories&post=587221"},{"taxonomy":"post_tag","embeddable":true,"href":"https:\/\/diariodominicano.com\/index.php?rest_route=%2Fwp%2Fv2%2Ftags&post=587221"}],"curies":[{"name":"wp","href":"https:\/\/api.w.org\/{rel}","templated":true}]}}