{"id":587215,"date":"2025-01-05T00:31:17","date_gmt":"2025-01-05T04:31:17","guid":{"rendered":"https:\/\/diariodominicano.com\/?p=587215"},"modified":"2025-01-05T00:31:21","modified_gmt":"2025-01-05T04:31:21","slug":"rememoran-recorrido-de-la-caravana-de-la-libertad-en-cuba-fotos","status":"publish","type":"post","link":"https:\/\/diariodominicano.com\/?p=587215","title":{"rendered":"Rememoran recorrido de la Caravana de la Libertad en Cuba (+Fotos)"},"content":{"rendered":"\n<p>Camag\u00fcey, Cuba, 4 ene (Prensa Latina) El recuerdo eterno hoy de la entrada de la Caravana de la Libertad a esta ciudad sirvi\u00f3 para que el pueblo de Camag\u00fcey continuara sobre los pasos del Triunfo de la Revoluci\u00f3n cubana.<\/p>\n\n\n\n<ul class=\"wp-block-list\">\n<li><a href=\"https:\/\/www.prensa-latina.cu\/2025\/01\/04\/\"><time>enero 4, 2025 | 19:52<\/time><\/a><\/li>\n<\/ul>\n\n\n\n<ul class=\"wp-block-list\">\n<li><a href=\"https:\/\/www.prensa-latina.cu\/2025\/01\/04\/rememoran-recorrido-de-la-caravana-de-la-libertad-en-cuba\/#\"><\/a><\/li>\n\n\n\n<li><a href=\"https:\/\/www.prensa-latina.cu\/2025\/01\/04\/rememoran-recorrido-de-la-caravana-de-la-libertad-en-cuba\/#\"><\/a><\/li>\n\n\n\n<li><a href=\"https:\/\/www.prensa-latina.cu\/2025\/01\/04\/rememoran-recorrido-de-la-caravana-de-la-libertad-en-cuba\/#\"><\/a><\/li>\n\n\n\n<li><a href=\"https:\/\/www.prensa-latina.cu\/2025\/01\/04\/rememoran-recorrido-de-la-caravana-de-la-libertad-en-cuba\/#\"><\/a><\/li>\n<\/ul>\n\n\n\n<p><img loading=\"lazy\" decoding=\"async\" src=\"https:\/\/www.prensa-latina.cu\/wp-content\/uploads\/2025\/01\/caravana-libertad1.jpg\" alt=\"\" width=\"1024\" height=\"640\" srcset=\"https:\/\/www.prensa-latina.cu\/wp-content\/uploads\/2025\/01\/caravana-libertad1.jpg 1024w, https:\/\/www.prensa-latina.cu\/wp-content\/uploads\/2025\/01\/caravana-libertad1-500x313.jpg 500w, https:\/\/www.prensa-latina.cu\/wp-content\/uploads\/2025\/01\/caravana-libertad1-768x480.jpg 768w\">Tras 66 a\u00f1os de la gloria de enero de 1959, el empuje de los barbudos liderados por Fidel Castro se sinti\u00f3 en la Plaza de la Libertad desde donde por vez primera el l\u00edder del proceso revolucionario les hablara a los habitantes de esta urbe que enlaza el centro y el oriente antillano.<\/p>\n\n\n\n<p><img loading=\"lazy\" decoding=\"async\" src=\"https:\/\/www.prensa-latina.cu\/wp-content\/uploads\/2025\/01\/caravana-libertad2.jpg\" alt=\"\" width=\"1024\" height=\"640\" srcset=\"https:\/\/www.prensa-latina.cu\/wp-content\/uploads\/2025\/01\/caravana-libertad2.jpg 1024w, https:\/\/www.prensa-latina.cu\/wp-content\/uploads\/2025\/01\/caravana-libertad2-500x313.jpg 500w, https:\/\/www.prensa-latina.cu\/wp-content\/uploads\/2025\/01\/caravana-libertad2-768x480.jpg 768w\">En esta oportunidad valerosos h\u00e9roes de la gesta libertadora de hace m\u00e1s de seis d\u00e9cadas entraron con el estandarte de una Revoluci\u00f3n que, como record\u00f3 el secretario de la Uni\u00f3n de J\u00f3venes Comunistas en Camag\u00fcey, Hennier Liam Carvajo, \u201cnaci\u00f3 con y para los humildes\u201d.<\/p>\n\n\n\n<p>Una amplia representaci\u00f3n de los pobladores de la urbe se dieron cita en un sitio que colinda con la patrimonial Iglesia de la Caridad, en un sincretismo que tambi\u00e9n incluy\u00f3 a la cultura en el acto de recordaci\u00f3n.<\/p>\n\n\n\n<p>Para la joven Yoselin Patricia Ramos, \u201cser pionera en este pa\u00eds es un privilegio que nos hace estar seguros, adem\u00e1s de sentirnos parte de una Caravana que significa las batallas y conquistas de este pueblo\u201d.<\/p>\n\n\n\n<p>En un encuentro que manifest\u00f3 el sentir de un pa\u00eds en contra de los constantes asedios del gobierno de los Estados Unidos, diversas generaciones mostraron el apoyo al proceso socialista de Cuba, independientemente de las dificultades y retos pol\u00edticos y econ\u00f3micos.<\/p>\n\n\n\n<p>lam\/fam<\/p>\n\n\n\n<ul class=\"wp-block-list\">\n<li>#<a href=\"https:\/\/www.prensa-latina.cu\/etiqueta\/camaguey\/\">Camaguey<\/a>\u00a0#<a href=\"https:\/\/www.prensa-latina.cu\/etiqueta\/caravana\/\">caravana<\/a>\u00a0#<a href=\"https:\/\/www.prensa-latina.cu\/etiqueta\/cuba\/\">cuba<\/a><\/li>\n<\/ul>\n","protected":false},"excerpt":{"rendered":"<p>Camag\u00fcey, Cuba, 4 ene (Prensa Latina) El recuerdo eterno hoy de la entrada de la Caravana de la Libertad a esta ciudad sirvi\u00f3 para que el pueblo de Camag\u00fcey continuara sobre los pasos del Triunfo de la Revoluci\u00f3n cubana. Tras 66 a\u00f1os de la gloria de enero de 1959, el empuje de los barbudos liderados [&hellip;]<\/p>\n","protected":false},"author":28,"featured_media":587216,"comment_status":"closed","ping_status":"closed","sticky":true,"template":"","format":"standard","meta":{"footnotes":""},"categories":[26,23],"tags":[],"class_list":["post-587215","post","type-post","status-publish","format-standard","has-post-thumbnail","hentry","category-efemerides","category-internacional"],"_links":{"self":[{"href":"https:\/\/diariodominicano.com\/index.php?rest_route=\/wp\/v2\/posts\/587215","targetHints":{"allow":["GET"]}}],"collection":[{"href":"https:\/\/diariodominicano.com\/index.php?rest_route=\/wp\/v2\/posts"}],"about":[{"href":"https:\/\/diariodominicano.com\/index.php?rest_route=\/wp\/v2\/types\/post"}],"author":[{"embeddable":true,"href":"https:\/\/diariodominicano.com\/index.php?rest_route=\/wp\/v2\/users\/28"}],"replies":[{"embeddable":true,"href":"https:\/\/diariodominicano.com\/index.php?rest_route=%2Fwp%2Fv2%2Fcomments&post=587215"}],"version-history":[{"count":1,"href":"https:\/\/diariodominicano.com\/index.php?rest_route=\/wp\/v2\/posts\/587215\/revisions"}],"predecessor-version":[{"id":587217,"href":"https:\/\/diariodominicano.com\/index.php?rest_route=\/wp\/v2\/posts\/587215\/revisions\/587217"}],"wp:featuredmedia":[{"embeddable":true,"href":"https:\/\/diariodominicano.com\/index.php?rest_route=\/wp\/v2\/media\/587216"}],"wp:attachment":[{"href":"https:\/\/diariodominicano.com\/index.php?rest_route=%2Fwp%2Fv2%2Fmedia&parent=587215"}],"wp:term":[{"taxonomy":"category","embeddable":true,"href":"https:\/\/diariodominicano.com\/index.php?rest_route=%2Fwp%2Fv2%2Fcategories&post=587215"},{"taxonomy":"post_tag","embeddable":true,"href":"https:\/\/diariodominicano.com\/index.php?rest_route=%2Fwp%2Fv2%2Ftags&post=587215"}],"curies":[{"name":"wp","href":"https:\/\/api.w.org\/{rel}","templated":true}]}}