{"id":587209,"date":"2025-01-05T00:25:42","date_gmt":"2025-01-05T04:25:42","guid":{"rendered":"https:\/\/diariodominicano.com\/?p=587209"},"modified":"2025-01-05T00:25:47","modified_gmt":"2025-01-05T04:25:47","slug":"ecuador-decreto-el-8-de-diciembre-como-dia-de-luto-nacional","status":"publish","type":"post","link":"https:\/\/diariodominicano.com\/?p=587209","title":{"rendered":"Ecuador decret\u00f3 el 8 de diciembre como D\u00eda de Luto Nacional"},"content":{"rendered":"\n<p>Quito, 4 ene (Prensa Latina) La Asamblea Nacional (Parlamento) de Ecuador decidi\u00f3 hoy decretar el 8 de diciembre de cada a\u00f1o como D\u00eda de Luto Nacional en honor a los cuatro menores hallados muertos en un caso que involucra a militares.<\/p>\n\n\n\n<ul class=\"wp-block-list\">\n<li><a href=\"https:\/\/www.prensa-latina.cu\/2025\/01\/04\/\"><time>enero 4, 2025 | 22:13<\/time><\/a><\/li>\n<\/ul>\n\n\n\n<ul class=\"wp-block-list\">\n<li><a href=\"https:\/\/www.prensa-latina.cu\/2025\/01\/04\/ecuador-decreto-el-8-de-diciembre-como-dia-de-luto-nacional\/#\"><\/a><\/li>\n\n\n\n<li><a href=\"https:\/\/www.prensa-latina.cu\/2025\/01\/04\/ecuador-decreto-el-8-de-diciembre-como-dia-de-luto-nacional\/#\"><\/a><\/li>\n\n\n\n<li><a href=\"https:\/\/www.prensa-latina.cu\/2025\/01\/04\/ecuador-decreto-el-8-de-diciembre-como-dia-de-luto-nacional\/#\"><\/a><\/li>\n\n\n\n<li><a href=\"https:\/\/www.prensa-latina.cu\/2025\/01\/04\/ecuador-decreto-el-8-de-diciembre-como-dia-de-luto-nacional\/#\"><\/a><\/li>\n<\/ul>\n\n\n\n<p>La titular del Legislativo, Viviana Veloz, se refiri\u00f3 a la importancia de la declaratoria por la justicia y la lucha contra la impunidad.<\/p>\n\n\n\n<p>Seg\u00fan la asamble\u00edsta, los chicos, que desaparecieron luego de ser detenidos por militares, resultaron v\u00edctimas de \u201clas extralimitaciones y excesos que se dan sobre todo en los barrios marginales de Ecuador\u201d.<\/p>\n\n\n\n<p>Un total de 92 legisladores aceptaron decretar el D\u00eda de Luto y 32 se abstuvieron, mayormente los aliados al Gobierno, lo cual para Veloz significa que hay un doble discurso.<\/p>\n\n\n\n<p>Por un lado quieren lavarse la cara y declarar a los menores como h\u00e9roes nacionales y por otro se abstienen para no olvidar lo ocurrido, afirm\u00f3.<\/p>\n\n\n\n<p>El domingo 8 de diciembre de 2024, los hermanos Josu\u00e9 e Ismael Arroyo (14 y 15 a\u00f1os), Sa\u00fal Arboleda (15 a\u00f1os) y Steven Medina (11 a\u00f1os) salieron a jugar f\u00fatbol en Guayaquil cuando un grupo de 16 militares los detuvo y se los llevaron en una camioneta.<\/p>\n\n\n\n<p>Los cad\u00e1veres fueron encontrados el 24 de diciembre pasado y, el 31 de diciembre, cuando el pa\u00eds se dispon\u00eda a celebrar el a\u00f1o nuevo, la Fiscal\u00eda confirm\u00f3 sus identidades.<\/p>\n\n\n\n<p>Por este caso, que primero fue declarado como una desaparici\u00f3n forzada y activistas creen que ahora se podr\u00eda catalogar como una ejecuci\u00f3n extrajudicial, 16 militares de la Fuerza A\u00e9rea Ecuatoriana (FAE) recibieron una orden de prisi\u00f3n preventiva y ya est\u00e1n en la c\u00e1rcel de Latacunga.<\/p>\n\n\n\n<p>Este mi\u00e9rcoles, tuvo lugar el multitudinario entierro de los cuatro chicos en Guayaquil, donde cientos de personas reclamaron justicia.<\/p>\n\n\n\n<p>El hecho ha puesto bajo escrutinio el accionar de las instituciones del Estado, en particular las Fuerzas Armadas y sus atribuciones en el contexto del conflicto armado interno.<\/p>\n\n\n\n<p>A pesar de eso, el ministro de Gobierno, Jos\u00e9 de la Gasca, destac\u00f3 su respaldo a las \u201ccabezas\u201d de las Fuerzas Armadas ecuatorianas.<\/p>\n\n\n\n<p>\u201cExiste una campa\u00f1a promovida por las agendas de las mafias, que busca desprestigiar a toda la institucionalidad. Se busca generar una cortina de humo para provocar a\u00fan m\u00e1s el conflicto armado y eso no lo vamos a permitir\u201d, afirm\u00f3.<\/p>\n\n\n\n<p>lam\/avr<\/p>\n\n\n\n<ul class=\"wp-block-list\">\n<li>#<a href=\"https:\/\/www.prensa-latina.cu\/etiqueta\/8-diciembre\/\">8 diciembre<\/a>\u00a0#<a href=\"https:\/\/www.prensa-latina.cu\/etiqueta\/dia-de-luto-nacional\/\">D\u00eda de Luto Nacional<\/a>\u00a0#<a href=\"https:\/\/www.prensa-latina.cu\/etiqueta\/ecuador\/\">Ecuador<\/a><\/li>\n<\/ul>\n","protected":false},"excerpt":{"rendered":"<p>Quito, 4 ene (Prensa Latina) La Asamblea Nacional (Parlamento) de Ecuador decidi\u00f3 hoy decretar el 8 de diciembre de cada a\u00f1o como D\u00eda de Luto Nacional en honor a los cuatro menores hallados muertos en un caso que involucra a militares. La titular del Legislativo, Viviana Veloz, se refiri\u00f3 a la importancia de la declaratoria [&hellip;]<\/p>\n","protected":false},"author":28,"featured_media":587210,"comment_status":"closed","ping_status":"closed","sticky":true,"template":"","format":"standard","meta":{"footnotes":""},"categories":[26,23],"tags":[],"class_list":["post-587209","post","type-post","status-publish","format-standard","has-post-thumbnail","hentry","category-efemerides","category-internacional"],"_links":{"self":[{"href":"https:\/\/diariodominicano.com\/index.php?rest_route=\/wp\/v2\/posts\/587209","targetHints":{"allow":["GET"]}}],"collection":[{"href":"https:\/\/diariodominicano.com\/index.php?rest_route=\/wp\/v2\/posts"}],"about":[{"href":"https:\/\/diariodominicano.com\/index.php?rest_route=\/wp\/v2\/types\/post"}],"author":[{"embeddable":true,"href":"https:\/\/diariodominicano.com\/index.php?rest_route=\/wp\/v2\/users\/28"}],"replies":[{"embeddable":true,"href":"https:\/\/diariodominicano.com\/index.php?rest_route=%2Fwp%2Fv2%2Fcomments&post=587209"}],"version-history":[{"count":1,"href":"https:\/\/diariodominicano.com\/index.php?rest_route=\/wp\/v2\/posts\/587209\/revisions"}],"predecessor-version":[{"id":587211,"href":"https:\/\/diariodominicano.com\/index.php?rest_route=\/wp\/v2\/posts\/587209\/revisions\/587211"}],"wp:featuredmedia":[{"embeddable":true,"href":"https:\/\/diariodominicano.com\/index.php?rest_route=\/wp\/v2\/media\/587210"}],"wp:attachment":[{"href":"https:\/\/diariodominicano.com\/index.php?rest_route=%2Fwp%2Fv2%2Fmedia&parent=587209"}],"wp:term":[{"taxonomy":"category","embeddable":true,"href":"https:\/\/diariodominicano.com\/index.php?rest_route=%2Fwp%2Fv2%2Fcategories&post=587209"},{"taxonomy":"post_tag","embeddable":true,"href":"https:\/\/diariodominicano.com\/index.php?rest_route=%2Fwp%2Fv2%2Ftags&post=587209"}],"curies":[{"name":"wp","href":"https:\/\/api.w.org\/{rel}","templated":true}]}}