{"id":587206,"date":"2025-01-05T00:22:25","date_gmt":"2025-01-05T04:22:25","guid":{"rendered":"https:\/\/diariodominicano.com\/?p=587206"},"modified":"2025-01-05T00:22:29","modified_gmt":"2025-01-05T04:22:29","slug":"unicef-llama-a-proteger-la-infancia-de-los-horrores-de-la-guerra","status":"publish","type":"post","link":"https:\/\/diariodominicano.com\/?p=587206","title":{"rendered":"Unicef llama a proteger la infancia de los horrores de la guerra"},"content":{"rendered":"\n<p>Naciones Unidas, 4 ene (Prensa Latina) La Unicef hizo un llamamiento a la comunidad internacional para proteger la infancia de los horrores de la guerra y acabar con la \u00abnueva normalidad\u00bb mort\u00edfera de ataques contra ni\u00f1os y ni\u00f1as, imperante hoy.<\/p>\n\n\n\n<ul class=\"wp-block-list\">\n<li><a href=\"https:\/\/www.prensa-latina.cu\/2025\/01\/04\/\"><time>enero 4, 2025 | 08:54<\/time><\/a><\/li>\n<\/ul>\n\n\n\n<ul class=\"wp-block-list\">\n<li><a href=\"https:\/\/www.prensa-latina.cu\/2025\/01\/04\/unicef-llama-a-proteger-la-infancia-de-los-horrores-de-la-guerra\/#\"><\/a><\/li>\n\n\n\n<li><a href=\"https:\/\/www.prensa-latina.cu\/2025\/01\/04\/unicef-llama-a-proteger-la-infancia-de-los-horrores-de-la-guerra\/#\"><\/a><\/li>\n\n\n\n<li><a href=\"https:\/\/www.prensa-latina.cu\/2025\/01\/04\/unicef-llama-a-proteger-la-infancia-de-los-horrores-de-la-guerra\/#\"><\/a><\/li>\n\n\n\n<li><a href=\"https:\/\/www.prensa-latina.cu\/2025\/01\/04\/unicef-llama-a-proteger-la-infancia-de-los-horrores-de-la-guerra\/#\"><\/a><\/li>\n<\/ul>\n\n\n\n<p>Puntualiz\u00f3 que el a\u00f1o 2024 fue uno de los peores registrados para los menores residentes en zonas de conflicto por lo que -remarc\u00f3- \u00abestamos asistiendo a una brutal violaci\u00f3n de los derechos de la infancia, y no podemos escuchar ni una excusa m\u00e1s\u00bb.<\/p>\n\n\n\n<p>\u00abPara empezar, los ciudadanos de todo el mundo podemos negarnos a ignorar el sufrimiento infantil o a guardar silencio cuando se producen ataques contra ni\u00f1os y ni\u00f1as, porque los conflictos nos parecen muy lejanos o fruto de cuestiones pol\u00edticas demasiado complejas\u00bb, subray\u00f3.<\/p>\n\n\n\n<p>La dependencia de Naciones Unidas inst\u00f3 a repetir una y otra vez a los dirigentes, en el nivel nacional e internacional, que uno de los pilares de nuestra humanidad compartida se funda en proteger a los infantes atrapados en conflictos que de ninguna manera han contribuido a crear.<\/p>\n\n\n\n<p>\u00abDebemos exigir un liderazgo capaz de tomar medidas rotundas para prevenir y detener los ataques y la violencia contra los ni\u00f1os y ni\u00f1as que viven en zonas de guerra\u00bb, recalc\u00f3 la Unicef.<\/p>\n\n\n\n<p>Enfatiz\u00f3 que en los lugares asolados por conflictos, todas las partes beligerantes deben actuar para cumplir con su obligaci\u00f3n de proteger a la infancia, acabar con los ataques que causan la muerte o da\u00f1os a los ni\u00f1os y ni\u00f1as, que destruyen sus hogares, hospitales y otras infraestructuras priv\u00e1ndolos de los servicios que necesitan.<\/p>\n\n\n\n<p>Llam\u00f3 a los actores beligerantes a detener los secuestros, violencia sexual y el reclutamiento de menores durante los conflictos.<\/p>\n\n\n\n<p>La Unicef exhort\u00f3 a las partes beligerantes a permitir en todo momento que los ni\u00f1os y ni\u00f1as puedan acceder de forma segura a servicios de protecci\u00f3n y suministros esenciales, lo que implica tomar medidas para prevenir y detener las agresiones contra los trabajadores humanitarios.<\/p>\n\n\n\n<p>Las comunidades de zonas afectadas por conflictos deben recibir ayuda con vistas a crear entornos protectores para todos los ni\u00f1os y ni\u00f1as.<\/p>\n\n\n\n<p>Llam\u00f3 a los gobiernos con influencia en las partes beligerantes a aprovechar ese poder para conseguir que los menores reciban protecci\u00f3n con respeto al derecho internacional.<\/p>\n\n\n\n<p>Los gobiernos y otras entidades que apoyan a las partes beligerantes deben garantizar que toda la ayuda suministrada respete las exigencias legales nacionales e internacionales.<\/p>\n\n\n\n<p>\u00abLos organismos responsables de la paz y la seguridad internacionales, como el Consejo de Seguridad de las Naciones Unidas y las organizaciones regionales, deben volver a emprender acciones conjuntas para que en todo momento prime la seguridad y el bienestar de los ni\u00f1os y ni\u00f1as atrapados en medio de los conflictos armados\u00bb, advirti\u00f3.<\/p>\n\n\n\n<p>Es urgente que la comunidad internacional incremente la inversi\u00f3n en programas dedicados a proteger la ni\u00f1ez afectada por los conflictos y, adem\u00e1s, invertir m\u00e1s en medidas que permitan llevar un seguimiento y un registro de las violaciones contra la infancia y desarrollar acciones de promoci\u00f3n para prevenirlas y ponerles fin para siempre, enfatiz\u00f3 la UNicef.<\/p>\n\n\n\n<p>arc\/otf<\/p>\n\n\n\n<ul class=\"wp-block-list\">\n<li>#<a href=\"https:\/\/www.prensa-latina.cu\/etiqueta\/unicef\/\">Unicef<\/a><\/li>\n<\/ul>\n","protected":false},"excerpt":{"rendered":"<p>Naciones Unidas, 4 ene (Prensa Latina) La Unicef hizo un llamamiento a la comunidad internacional para proteger la infancia de los horrores de la guerra y acabar con la \u00abnueva normalidad\u00bb mort\u00edfera de ataques contra ni\u00f1os y ni\u00f1as, imperante hoy. Puntualiz\u00f3 que el a\u00f1o 2024 fue uno de los peores registrados para los menores residentes [&hellip;]<\/p>\n","protected":false},"author":28,"featured_media":587207,"comment_status":"closed","ping_status":"closed","sticky":true,"template":"","format":"standard","meta":{"footnotes":""},"categories":[23],"tags":[],"class_list":["post-587206","post","type-post","status-publish","format-standard","has-post-thumbnail","hentry","category-internacional"],"_links":{"self":[{"href":"https:\/\/diariodominicano.com\/index.php?rest_route=\/wp\/v2\/posts\/587206","targetHints":{"allow":["GET"]}}],"collection":[{"href":"https:\/\/diariodominicano.com\/index.php?rest_route=\/wp\/v2\/posts"}],"about":[{"href":"https:\/\/diariodominicano.com\/index.php?rest_route=\/wp\/v2\/types\/post"}],"author":[{"embeddable":true,"href":"https:\/\/diariodominicano.com\/index.php?rest_route=\/wp\/v2\/users\/28"}],"replies":[{"embeddable":true,"href":"https:\/\/diariodominicano.com\/index.php?rest_route=%2Fwp%2Fv2%2Fcomments&post=587206"}],"version-history":[{"count":1,"href":"https:\/\/diariodominicano.com\/index.php?rest_route=\/wp\/v2\/posts\/587206\/revisions"}],"predecessor-version":[{"id":587208,"href":"https:\/\/diariodominicano.com\/index.php?rest_route=\/wp\/v2\/posts\/587206\/revisions\/587208"}],"wp:featuredmedia":[{"embeddable":true,"href":"https:\/\/diariodominicano.com\/index.php?rest_route=\/wp\/v2\/media\/587207"}],"wp:attachment":[{"href":"https:\/\/diariodominicano.com\/index.php?rest_route=%2Fwp%2Fv2%2Fmedia&parent=587206"}],"wp:term":[{"taxonomy":"category","embeddable":true,"href":"https:\/\/diariodominicano.com\/index.php?rest_route=%2Fwp%2Fv2%2Fcategories&post=587206"},{"taxonomy":"post_tag","embeddable":true,"href":"https:\/\/diariodominicano.com\/index.php?rest_route=%2Fwp%2Fv2%2Ftags&post=587206"}],"curies":[{"name":"wp","href":"https:\/\/api.w.org\/{rel}","templated":true}]}}