{"id":587199,"date":"2025-01-05T00:04:36","date_gmt":"2025-01-05T04:04:36","guid":{"rendered":"https:\/\/diariodominicano.com\/?p=587199"},"modified":"2025-01-05T00:04:37","modified_gmt":"2025-01-05T04:04:37","slug":"dia-de-la-independencia-de-birmania","status":"publish","type":"post","link":"https:\/\/diariodominicano.com\/?p=587199","title":{"rendered":"D\u00eda de la Independencia de Birmania"},"content":{"rendered":"\n<p>Antony J. Blinken, Secretario de Estado<\/p>\n\n\n\n<p>En nombre de los Estados Unidos de Am\u00e9rica, reafirmo nuestro compromiso con el pueblo de Birmania al conmemorar el 77\u00ba aniversario de la independencia del pa\u00eds el 4 de enero.<\/p>\n\n\n\n<p>Estados Unidos fue uno de los primeros pa\u00edses en reconocer a Birmania y su derecho a trazar su propio futuro. Nos solidarizamos con su pueblo en su determinaci\u00f3n de disfrutar de la democracia, la estabilidad, la prosperidad econ\u00f3mica y los derechos humanos.<\/p>\n\n\n\n<p>Seguimos pidiendo al r\u00e9gimen militar que ponga fin a su violencia, libere a todos aquellos detenidos injusta y arbitrariamente, permita el acceso humanitario sin obst\u00e1culos y apoye el retorno del pa\u00eds a la senda de la democracia inclusiva.<\/p>\n\n\n\n<p>U.S. Department of State<\/p>\n\n\n\n<p>U.S. Department of State ()<\/p>\n\n\n\n<p><a target=\"_blank\" href=\"mailto:usstatebpa@public.govdelivery.com\" rel=\"noreferrer noopener\">usstatebpa@public.govdelivery.com<\/a><\/p>\n\n\n\n<hr class=\"wp-block-separator has-alpha-channel-opacity\"\/>\n\n\n\n<p>01\/03\/2025 17:00 EST<\/p>\n","protected":false},"excerpt":{"rendered":"<p>Antony J. Blinken, Secretario de Estado En nombre de los Estados Unidos de Am\u00e9rica, reafirmo nuestro compromiso con el pueblo de Birmania al conmemorar el 77\u00ba aniversario de la independencia del pa\u00eds el 4 de enero. Estados Unidos fue uno de los primeros pa\u00edses en reconocer a Birmania y su derecho a trazar su propio [&hellip;]<\/p>\n","protected":false},"author":28,"featured_media":475022,"comment_status":"closed","ping_status":"closed","sticky":true,"template":"","format":"standard","meta":{"footnotes":""},"categories":[26],"tags":[],"class_list":["post-587199","post","type-post","status-publish","format-standard","has-post-thumbnail","hentry","category-efemerides"],"_links":{"self":[{"href":"https:\/\/diariodominicano.com\/index.php?rest_route=\/wp\/v2\/posts\/587199","targetHints":{"allow":["GET"]}}],"collection":[{"href":"https:\/\/diariodominicano.com\/index.php?rest_route=\/wp\/v2\/posts"}],"about":[{"href":"https:\/\/diariodominicano.com\/index.php?rest_route=\/wp\/v2\/types\/post"}],"author":[{"embeddable":true,"href":"https:\/\/diariodominicano.com\/index.php?rest_route=\/wp\/v2\/users\/28"}],"replies":[{"embeddable":true,"href":"https:\/\/diariodominicano.com\/index.php?rest_route=%2Fwp%2Fv2%2Fcomments&post=587199"}],"version-history":[{"count":1,"href":"https:\/\/diariodominicano.com\/index.php?rest_route=\/wp\/v2\/posts\/587199\/revisions"}],"predecessor-version":[{"id":587200,"href":"https:\/\/diariodominicano.com\/index.php?rest_route=\/wp\/v2\/posts\/587199\/revisions\/587200"}],"wp:featuredmedia":[{"embeddable":true,"href":"https:\/\/diariodominicano.com\/index.php?rest_route=\/wp\/v2\/media\/475022"}],"wp:attachment":[{"href":"https:\/\/diariodominicano.com\/index.php?rest_route=%2Fwp%2Fv2%2Fmedia&parent=587199"}],"wp:term":[{"taxonomy":"category","embeddable":true,"href":"https:\/\/diariodominicano.com\/index.php?rest_route=%2Fwp%2Fv2%2Fcategories&post=587199"},{"taxonomy":"post_tag","embeddable":true,"href":"https:\/\/diariodominicano.com\/index.php?rest_route=%2Fwp%2Fv2%2Ftags&post=587199"}],"curies":[{"name":"wp","href":"https:\/\/api.w.org\/{rel}","templated":true}]}}