{"id":587192,"date":"2025-01-04T23:44:15","date_gmt":"2025-01-05T03:44:15","guid":{"rendered":"https:\/\/diariodominicano.com\/?p=587192"},"modified":"2025-01-04T23:44:19","modified_gmt":"2025-01-05T03:44:19","slug":"onu-crc-insta-a-prevenir-feminicidios-y-homicidios-infantiles-en-mexico-y-a-adoptar-medidas-urgentes-contra-las-desapariciones","status":"publish","type":"post","link":"https:\/\/diariodominicano.com\/?p=587192","title":{"rendered":"ONU (CRC): Insta a prevenir feminicidios y homicidios infantiles en M\u00e9xico, y a adoptar medidas urgentes contra las desapariciones"},"content":{"rendered":"\n<p>Por Araceli Aguilar Salgado<\/p>\n\n\n\n<p><strong><em>\u201c<\/em><\/strong><strong><em>La lucha contra esta realidad ha adquirido relevancia social \u00fanicamente en los \u00faltimos tiempos, aunque diferentes voces han ido expresando el sufrimiento de quienes padecen malos tratos, la indignaci\u00f3n y la necesidad de hacer frente a este tipo de actos.\u201d<\/em><\/strong><\/p>\n\n\n\n<p>El&nbsp;Comit\u00e9 de los Derechos del Ni\u00f1o de la ONU (CRC)&nbsp;expres\u00f3 su profunda preocupaci\u00f3n por el creciente n\u00famero de homicidios y feminicidios de ni\u00f1os, incluidos los cometidos por la polic\u00eda, y las elevadas tasas de desaparici\u00f3n forzada de ni\u00f1os. Inst\u00f3 al Estado Parte a adoptar urgentemente medidas para prevenir los homicidios y feminicidios de ni\u00f1os y a prevenir, investigar y sancionar todos los casos de desaparici\u00f3n de ni\u00f1os.<\/p>\n\n\n\n<figure class=\"wp-block-image size-large\"><img loading=\"lazy\" decoding=\"async\" width=\"1024\" height=\"576\" src=\"https:\/\/diariodominicano.com\/wp-content\/uploads\/2025\/01\/ninos-2-1024x576.jpg\" alt=\"\" class=\"wp-image-587194\" srcset=\"https:\/\/diariodominicano.com\/wp-content\/uploads\/2025\/01\/ninos-2-1024x576.jpg 1024w, https:\/\/diariodominicano.com\/wp-content\/uploads\/2025\/01\/ninos-2-300x169.jpg 300w, https:\/\/diariodominicano.com\/wp-content\/uploads\/2025\/01\/ninos-2-768x432.jpg 768w, https:\/\/diariodominicano.com\/wp-content\/uploads\/2025\/01\/ninos-2-816x459.jpg 816w, https:\/\/diariodominicano.com\/wp-content\/uploads\/2025\/01\/ninos-2.jpg 1200w\" sizes=\"auto, (max-width: 1024px) 100vw, 1024px\" \/><\/figure>\n\n\n\n<p>Cifras oficiales procesadas por la&nbsp;Red por los Derechos de la Infancia en M\u00e9xico (Redim), revelan que, de enero a octubre de 2024, 2 mil 49 personas de entre 0 y 17 a\u00f1os fueron v\u00edctimas de&nbsp;homicidio&nbsp;a nivel nacional.<\/p>\n\n\n\n<p>De las v\u00edctimas, 422 eran&nbsp;mujeres&nbsp;y mil 627&nbsp;hombres. El n\u00famero total de homicidios de ni\u00f1as, ni\u00f1os y adolescentes reportados en el pa\u00eds de enero a octubre de 2024 representaba un aumento de 4.9% con respecto a la cantidad registrada durante los mismos meses de 2023<\/p>\n\n\n\n<p>Las entidades en las que se registraron m\u00e1s homicidios de personas de 0 a 17 a\u00f1os de enero a octubre de 2024 fueron Guanajuato, Michoac\u00e1n y&nbsp;Estado de M\u00e9xico. Uno de cada cuatro homicidios de ni\u00f1as, ni\u00f1os y adolescentes registrados en el pa\u00eds de enero a octubre de 2024 tuvo lugar en estos tres estados.<\/p>\n\n\n\n<p>En cuanto a feminicidios contra ni\u00f1as y adolescentes, la Redim destaca que, de enero a&nbsp;octubre&nbsp;de 2023, se registraron 60 incidentes de este delito, cifra que aument\u00f3 a 67 en el mismo periodo de&nbsp;2024.<\/p>\n\n\n\n<p>Por ello, la CRC urgi\u00f3 al gobierno de M\u00e9xico a adoptar urgentemente medidas para prevenir los homicidios y feminicidios de ni\u00f1os y a prevenir, investigar y sancionar todos los casos de&nbsp;desaparici\u00f3n de ni\u00f1os.<\/p>\n\n\n\n<figure class=\"wp-block-image size-full\"><img loading=\"lazy\" decoding=\"async\" width=\"680\" height=\"680\" src=\"https:\/\/diariodominicano.com\/wp-content\/uploads\/2025\/01\/0-2.jpg\" alt=\"\" class=\"wp-image-587195\" srcset=\"https:\/\/diariodominicano.com\/wp-content\/uploads\/2025\/01\/0-2.jpg 680w, https:\/\/diariodominicano.com\/wp-content\/uploads\/2025\/01\/0-2-300x300.jpg 300w, https:\/\/diariodominicano.com\/wp-content\/uploads\/2025\/01\/0-2-150x150.jpg 150w, https:\/\/diariodominicano.com\/wp-content\/uploads\/2025\/01\/0-2-88x88.jpg 88w\" sizes=\"auto, (max-width: 680px) 100vw, 680px\" \/><\/figure>\n\n\n\n<p>Tambi\u00e9n lament\u00f3 en particular por la detenci\u00f3n sistem\u00e1tica de ni\u00f1os migrantes, incluidos los ni\u00f1os no acompa\u00f1ados o separados de su familia. Inst\u00f3 a&nbsp;M\u00e9xico&nbsp;a prohibir todas las formas de privaci\u00f3n de libertad en el contexto de la migraci\u00f3n y a garantizar que todos los lugares de alojamiento o rescate cumplieran las normas internacionales, incluidas las disposiciones sobre el acceso a la informaci\u00f3n y a los servicios de traducci\u00f3n e interpretaci\u00f3n.<\/p>\n\n\n\n<p>La violencia nunca es la soluci\u00f3n a un problema y solo genera m\u00e1s dolor y sufrimiento. Su uso es una forma de control y poder y puede causar da\u00f1os irreparables en las personas que la sufren. Debemos trabajar para construir un futuro mejor y lograr una sociedad m\u00e1s justa.&nbsp;<\/p>\n\n\n\n<p><strong><em>\u201cLa forma de sanar la sociedad de la violencia y de la falta de amor es reemplazando la pir\u00e1mide de dominaci\u00f3n con el c\u00edrculo de la igualdad y el respeto. \u201cManitonquat<\/em><\/strong><\/p>\n\n\n\n<p>Araceli Aguilar Salgado Periodista, Abogada, Ingeniera, Escritora, Analista y comentarista mexicana, del Estado de Guerrero E-mail&nbsp;<a href=\"mailto:periodistaaaguilar@gmail.com\" target=\"_blank\" rel=\"noreferrer noopener\">periodistaaaguilar@gmail.com<\/a><\/p>\n","protected":false},"excerpt":{"rendered":"<p>Por Araceli Aguilar Salgado \u201cLa lucha contra esta realidad ha adquirido relevancia social \u00fanicamente en los \u00faltimos tiempos, aunque diferentes voces han ido expresando el sufrimiento de quienes padecen malos tratos, la indignaci\u00f3n y la necesidad de hacer frente a este tipo de actos.\u201d El&nbsp;Comit\u00e9 de los Derechos del Ni\u00f1o de la ONU (CRC)&nbsp;expres\u00f3 su [&hellip;]<\/p>\n","protected":false},"author":28,"featured_media":587193,"comment_status":"closed","ping_status":"closed","sticky":true,"template":"","format":"standard","meta":{"footnotes":""},"categories":[23],"tags":[],"class_list":["post-587192","post","type-post","status-publish","format-standard","has-post-thumbnail","hentry","category-internacional"],"_links":{"self":[{"href":"https:\/\/diariodominicano.com\/index.php?rest_route=\/wp\/v2\/posts\/587192","targetHints":{"allow":["GET"]}}],"collection":[{"href":"https:\/\/diariodominicano.com\/index.php?rest_route=\/wp\/v2\/posts"}],"about":[{"href":"https:\/\/diariodominicano.com\/index.php?rest_route=\/wp\/v2\/types\/post"}],"author":[{"embeddable":true,"href":"https:\/\/diariodominicano.com\/index.php?rest_route=\/wp\/v2\/users\/28"}],"replies":[{"embeddable":true,"href":"https:\/\/diariodominicano.com\/index.php?rest_route=%2Fwp%2Fv2%2Fcomments&post=587192"}],"version-history":[{"count":1,"href":"https:\/\/diariodominicano.com\/index.php?rest_route=\/wp\/v2\/posts\/587192\/revisions"}],"predecessor-version":[{"id":587196,"href":"https:\/\/diariodominicano.com\/index.php?rest_route=\/wp\/v2\/posts\/587192\/revisions\/587196"}],"wp:featuredmedia":[{"embeddable":true,"href":"https:\/\/diariodominicano.com\/index.php?rest_route=\/wp\/v2\/media\/587193"}],"wp:attachment":[{"href":"https:\/\/diariodominicano.com\/index.php?rest_route=%2Fwp%2Fv2%2Fmedia&parent=587192"}],"wp:term":[{"taxonomy":"category","embeddable":true,"href":"https:\/\/diariodominicano.com\/index.php?rest_route=%2Fwp%2Fv2%2Fcategories&post=587192"},{"taxonomy":"post_tag","embeddable":true,"href":"https:\/\/diariodominicano.com\/index.php?rest_route=%2Fwp%2Fv2%2Ftags&post=587192"}],"curies":[{"name":"wp","href":"https:\/\/api.w.org\/{rel}","templated":true}]}}