{"id":587176,"date":"2025-01-04T23:19:06","date_gmt":"2025-01-05T03:19:06","guid":{"rendered":"https:\/\/diariodominicano.com\/?p=587176"},"modified":"2025-01-04T23:19:10","modified_gmt":"2025-01-05T03:19:10","slug":"la-capital-de-eeuu-vive-un-entorno-de-mayor-amenaza-tras-los-ataques-del-dia-de-ano-nuevo","status":"publish","type":"post","link":"https:\/\/diariodominicano.com\/?p=587176","title":{"rendered":"La capital de EEUU vive un \u00abentorno de mayor amenaza\u00bb tras los ataques del d\u00eda de A\u00f1o Nuevo"},"content":{"rendered":"\n<p>Un p\u00e1jaro vuela enmarcado por una valla de seguridad frente al Capitolio de Estados Unidos, que se ha instalado en un per\u00edmetro alrededor del complejo, el 2 de enero de 2025, en Washington.<\/p>\n\n\n\n<p>enero 04, 2025<\/p>\n\n\n\n<ul class=\"wp-block-list\">\n<li>Jeff Seldin<\/li>\n<\/ul>\n\n\n\n<ul class=\"wp-block-list\">\n<li><a href=\"https:\/\/facebook.com\/sharer.php?u=https%3a%2f%2fwww.vozdeamerica.com%2fa%2fcapital-eeuu-entorno-mayor-amenaza-tras-ataques-anio-nuevo-%2f7924254.html\" target=\"_blank\" rel=\"noreferrer noopener\"><\/a><\/li>\n\n\n\n<li><a href=\"https:\/\/twitter.com\/share?url=https%3a%2f%2fwww.vozdeamerica.com%2fa%2fcapital-eeuu-entorno-mayor-amenaza-tras-ataques-anio-nuevo-%2f7924254.html&amp;text=Capital+de+EEUU+vive+un+%22entorno+de+mayor+amenaza%22+tras+ataques+de+A%c3%b1o+Nuevo\" target=\"_blank\" rel=\"noreferrer noopener\"><\/a><\/li>\n\n\n\n<li><\/li>\n\n\n\n<li><a href=\"mailto:?body=https%3a%2f%2fwww.vozdeamerica.com%2fa%2fcapital-eeuu-entorno-mayor-amenaza-tras-ataques-anio-nuevo-%2f7924254.html&amp;subject=Capital%20de%20EEUU%20vive%20un%20%22entorno%20de%20mayor%20amenaza%22%20tras%20ataques%20de%20A%C3%B1o%20Nuevo\"><\/a><\/li>\n<\/ul>\n\n\n\n<p><a href=\"https:\/\/www.vozdeamerica.com\/a\/capital-eeuu-entorno-mayor-amenaza-tras-ataques-anio-nuevo-\/7924254.html#comments\">&nbsp;Vea comentarios<\/a><\/p>\n\n\n\n<p>Washington est\u00e1 en un \u00abentorno de mayor amenaza\u00bb tras el ataque del d\u00eda de A\u00f1o Nuevo en Nueva Orleans y un incidente en Las Vegas. Las agencias de seguridad blindan la capital previo al funeral de Estado del expresidente Jimmy Carter y la toma de posesi\u00f3n de Donald Trump este enero.<\/p>\n\n\n\n<p>WASHINGTON \u2014&nbsp;<\/p>\n\n\n\n<p>Las agencias de aplicaci\u00f3n de la ley y de seguridad en Washington y sus alrededores est\u00e1n trayendo refuerzos mientras se preparan para asegurar tres eventos de alto perfil en la capital del pa\u00eds, luego del ataque terrorista del d\u00eda de A\u00f1o Nuevo en Nueva Orleans y el atentado del Cybertruck frente al Hotel Internacional Trump en Las Vegas.<\/p>\n\n\n\n<p>El primer evento tendr\u00e1 lugar el lunes, cuando el Congreso se re\u00fana para certificar los resultados de las elecciones presidenciales, cuatro a\u00f1os despu\u00e9s de los&nbsp;<strong><em><a href=\"https:\/\/www.vozdeamerica.com\/a\/estadosunidos_estallan-disturbios-en-dc\/6070554.html\" target=\"_blank\" rel=\"noreferrer noopener\">disturbios en el Capitolio de 6 de enero de 2021<\/a><\/em><\/strong>.<\/p>\n\n\n\n<p>El segundo ser\u00e1 el funeral de Estado del difunto presidente Jimmy Carter, que comenzar\u00e1 con una ceremonia y una procesi\u00f3n el martes y concluye el jueves.<\/p>\n\n\n\n<p>El \u00faltimo evento de alto perfil tendr\u00e1 lugar el 20 de enero, cuando tome posesi\u00f3n el&nbsp;<strong><em><a href=\"https:\/\/www.vozdeamerica.com\/a\/donald-trump-es-elegido-47-presidente-de-estados-unidos\/7853480.html\" target=\"_blank\" rel=\"noreferrer noopener\">presidente electo Donald Trump<\/a><\/em><\/strong>.<\/p>\n\n\n\n<p>\u201cEso nunca hab\u00eda sucedido antes. Tenemos tres [Eventos Especiales de Seguridad Nacional] en un per\u00edodo de 15 d\u00edas\u201d, dijo el viernes a los periodistas Matt McCool, agente especial a cargo de la Oficina de Campo del Servicio Secreto de Estados Unidos en Washington.<\/p>\n\n\n\n<p>\u00abPero lo que les dir\u00e9 es que somos flexibles. Somos adaptables. Hemos estado trabajando en estos eventos, en algunos casos, a\u00f1os\u00bb, dijo. \u00abEntonces, vamos a estar preparados\u00bb.<\/p>\n\n\n\n<p><a href=\"https:\/\/www.vozdeamerica.com\/a\/nueva-orleans-da-primeros-pasos-a-la-normalidad-tras-ataque-terrorista\/7923024.html\"><\/a><\/p>\n\n\n\n<p><a href=\"https:\/\/www.vozdeamerica.com\/a\/nueva-orleans-da-primeros-pasos-a-la-normalidad-tras-ataque-terrorista\/7923024.html\">Tambi\u00e9n lea<\/a><\/p>\n\n\n\n<h4 class=\"wp-block-heading\"><a href=\"https:\/\/www.vozdeamerica.com\/a\/nueva-orleans-da-primeros-pasos-a-la-normalidad-tras-ataque-terrorista\/7923024.html\">Nueva Orleans da primeros pasos hacia la normalidad tras ataque terrorista<\/a><\/h4>\n\n\n\n<p>A pesar de las preocupaciones derivadas del ataque de Nueva Orleans y el atentado de Las Vegas, los funcionarios de seguridad conf\u00edan hasta ahora en que los acontecimientos en Washington se desarrollar\u00e1n de forma segura.<\/p>\n\n\n\n<p>\u00abNo estamos rastreando ninguna amenaza cre\u00edble o espec\u00edfica asociada con estos eventos\u00bb, dijo David Sundberg, subdirector a cargo de la oficina de campo del FBI en Washington.<\/p>\n\n\n\n<p>Sin embargo, las fuerzas del orden y las agencias de seguridad no se arriesgan, reconociendo que la ciudad y la regi\u00f3n est\u00e1n operando en un entorno de mayor amenaza.<\/p>\n\n\n\n<p>El Servicio Secreto dijo el viernes que traer\u00eda agentes de todo el pa\u00eds para aumentar los niveles de personal, que ya eran los m\u00e1s altos en tres a\u00f1os.<\/p>\n\n\n\n<p>El Departamento de la Polic\u00eda Metropolitana de Washington dijo que ha a\u00f1adido a sus filas casi 4.000 agentes, procedentes de departamentos de todo el pa\u00eds.<\/p>\n\n\n\n<p>La Oficina de la Guardia Nacional de la capital confirm\u00f3 que tambi\u00e9n aprob\u00f3 solicitudes de apoyo adicional, incluida la provisi\u00f3n de 500 guardias para los actos oficiales de certificaci\u00f3n electoral del 6 de enero y para el funeral de Estado.<\/p>\n\n\n\n<figure class=\"wp-block-image\"><img decoding=\"async\" src=\"https:\/\/gdb.voanews.com\/9be68408-4911-4490-9ac8-b1ed3f93e4bb_cx0_cy4_cw100_w650_r1_s.jpg\" alt=\"Abrigados contra el fr\u00edo, los turistas caminan a trav\u00e9s de una valla de seguridad que se ha instalado en el per\u00edmetro del complejo del Capitolio, el 2 de enero de 2025, en Washington. (Foto AP\/Jacquelyn Martin).\"\/><figcaption class=\"wp-element-caption\">Abrigados contra el fr\u00edo, los turistas caminan a trav\u00e9s de una valla de seguridad que se ha instalado en el per\u00edmetro del complejo del Capitolio, el 2 de enero de 2025, en Washington. (Foto AP\/Jacquelyn Martin).<\/figcaption><\/figure>\n\n\n\n<p>Est\u00e1 pendiente una solicitud adicional de 7.800 soldados y aviadores de la Guardia Nacional para ayudar con la seguridad de la toma de posesi\u00f3n de Trump.<\/p>\n\n\n\n<p>Ya se han implementado mayores medidas de seguridad, incluidas barreras y cercas, en partes de Washington y alrededor del Capitolio, pero est\u00e1n por llegar m\u00e1s.<\/p>\n\n\n\n<p>\u00abUna multitud de medidas de seguridad visibles e invisibles operar\u00e1n en conjunto para garantizar que un plan de seguridad integral y fluido llegue a buen t\u00e9rmino\u00bb, dijo McCool, y agreg\u00f3 que las medidas incluir\u00e1n el uso de drones a\u00e9reos.<\/p>\n\n\n\n<p>\u00abEl Servicio Secreto utilizar\u00e1 drones como parte de nuestro plan de seguridad integral\u00bb, dijo McCool. \u00abNo se alarmen si ven estos activos durante los pr\u00f3ximos eventos o capacitaciones en los pr\u00f3ximos d\u00edas\u00bb.<\/p>\n\n\n\n<p><a href=\"https:\/\/www.vozdeamerica.com\/a\/fuerzas-del-orden-de-eeuu-temen-nuevos-ataques-de-autos-contra-multitudes\/7923556.html\"><\/a><\/p>\n\n\n\n<p><a href=\"https:\/\/www.vozdeamerica.com\/a\/fuerzas-del-orden-de-eeuu-temen-nuevos-ataques-de-autos-contra-multitudes\/7923556.html\">Tambi\u00e9n lea<\/a><\/p>\n\n\n\n<h4 class=\"wp-block-heading\"><a href=\"https:\/\/www.vozdeamerica.com\/a\/fuerzas-del-orden-de-eeuu-temen-nuevos-ataques-de-autos-contra-multitudes\/7923556.html\">Fuerzas del orden de EEUU temen nuevos ataques de autos contra multitudes<\/a><\/h4>\n\n\n\n<p>El Departamento de Polic\u00eda Metropolitana dijo que sus mayores medidas de seguridad entrar\u00edan en vigor a partir del domingo, con el despliegue de agentes especializados en toda la ciudad para responder a cualquier emergencia.<\/p>\n\n\n\n<p>La Polic\u00eda del Capitolio de Estados Unidos, cuyos 2.400 agentes y empleados civiles son responsables de proteger el Capitolio y a los miembros del Congreso, tambi\u00e9n inform\u00f3\u061a que estaba m\u00e1s preparada para manejar contingencias que hace cuatro a\u00f1os, cuando los alborotadores, molestos por el resultado de las elecciones presidenciales de 2020, irrumpieron el Capitolio, obligando a los legisladores a huir e insultando a los agentes de polic\u00eda.<\/p>\n\n\n\n<p>Alrededor de 1.560 personas han sido acusadas de delitos federales durante los disturbios. Hasta el momento, alrededor de 979 se han declarado culpables, mientras que otros 210 han sido condenados.<\/p>\n\n\n\n<p>\u00abLa capital de nuestra naci\u00f3n est\u00e1 preparada para garantizar que el proceso legislativo se desarrolle sin interrupciones y que nuestro gobierno tenga una transferencia pac\u00edfica del poder\u00bb, dijo el jefe de polic\u00eda del Capitolio, J. Thomas Manger, y se\u00f1al\u00f3 que la fuerza ha implementado m\u00e1s de 100 recomendaciones hechas tras los disturbios de 2021.<\/p>\n\n\n\n<p>Los funcionarios en Washington tambi\u00e9n se est\u00e1n preparando para posibles protestas, diciendo que varias manifestaciones planificadas ya han obtenido los permisos necesarios.<\/p>\n\n\n\n<p>\u00abEstamos comprometidos a defender el derecho a reunirse y protestar pac\u00edficamente aqu\u00ed en nuestra ciudad\u00bb, dijo la jefa de la Polic\u00eda Metropolitana, Pamela Smith.<\/p>\n\n\n\n<p>\u00abDamos la bienvenida a los visitantes para que vengan y experimenten lo que esta incre\u00edble ciudad tiene para ofrecer, pero aquellos que deliberadamente realizan actividades ilegales deben saber que habr\u00e1 consecuencias\u00bb, dijo Smith. \u00abSin embargo, como dije antes, cuando tengamos eventos especiales, y quiero dejar en claro, no toleraremos ninguna violencia, disturbios, destrucci\u00f3n de propiedad o cualquier comportamiento que amenace la seguridad de nuestra ciudad\u00bb.<\/p>\n","protected":false},"excerpt":{"rendered":"<p>Un p\u00e1jaro vuela enmarcado por una valla de seguridad frente al Capitolio de Estados Unidos, que se ha instalado en un per\u00edmetro alrededor del complejo, el 2 de enero de 2025, en Washington. enero 04, 2025 &nbsp;Vea comentarios Washington est\u00e1 en un \u00abentorno de mayor amenaza\u00bb tras el ataque del d\u00eda de A\u00f1o Nuevo en [&hellip;]<\/p>\n","protected":false},"author":28,"featured_media":587177,"comment_status":"closed","ping_status":"closed","sticky":true,"template":"","format":"standard","meta":{"footnotes":""},"categories":[23],"tags":[],"class_list":["post-587176","post","type-post","status-publish","format-standard","has-post-thumbnail","hentry","category-internacional"],"_links":{"self":[{"href":"https:\/\/diariodominicano.com\/index.php?rest_route=\/wp\/v2\/posts\/587176","targetHints":{"allow":["GET"]}}],"collection":[{"href":"https:\/\/diariodominicano.com\/index.php?rest_route=\/wp\/v2\/posts"}],"about":[{"href":"https:\/\/diariodominicano.com\/index.php?rest_route=\/wp\/v2\/types\/post"}],"author":[{"embeddable":true,"href":"https:\/\/diariodominicano.com\/index.php?rest_route=\/wp\/v2\/users\/28"}],"replies":[{"embeddable":true,"href":"https:\/\/diariodominicano.com\/index.php?rest_route=%2Fwp%2Fv2%2Fcomments&post=587176"}],"version-history":[{"count":1,"href":"https:\/\/diariodominicano.com\/index.php?rest_route=\/wp\/v2\/posts\/587176\/revisions"}],"predecessor-version":[{"id":587178,"href":"https:\/\/diariodominicano.com\/index.php?rest_route=\/wp\/v2\/posts\/587176\/revisions\/587178"}],"wp:featuredmedia":[{"embeddable":true,"href":"https:\/\/diariodominicano.com\/index.php?rest_route=\/wp\/v2\/media\/587177"}],"wp:attachment":[{"href":"https:\/\/diariodominicano.com\/index.php?rest_route=%2Fwp%2Fv2%2Fmedia&parent=587176"}],"wp:term":[{"taxonomy":"category","embeddable":true,"href":"https:\/\/diariodominicano.com\/index.php?rest_route=%2Fwp%2Fv2%2Fcategories&post=587176"},{"taxonomy":"post_tag","embeddable":true,"href":"https:\/\/diariodominicano.com\/index.php?rest_route=%2Fwp%2Fv2%2Ftags&post=587176"}],"curies":[{"name":"wp","href":"https:\/\/api.w.org\/{rel}","templated":true}]}}