{"id":587171,"date":"2025-01-04T23:14:48","date_gmt":"2025-01-05T03:14:48","guid":{"rendered":"https:\/\/diariodominicano.com\/?p=587171"},"modified":"2025-01-04T23:16:21","modified_gmt":"2025-01-05T03:16:21","slug":"feretro-de-jimmy-carter-cubierto-con-la-bandera-de-eeuu-recorre-su-pueblo-natal","status":"publish","type":"post","link":"https:\/\/diariodominicano.com\/?p=587171","title":{"rendered":"F\u00e9retro de Jimmy Carter, cubierto con la bandera de EEUU, recorre su pueblo natal"},"content":{"rendered":"\n<p>Un ni\u00f1o saluda al coche f\u00fanebre que transporta el f\u00e9retro, cubierto con la bandera estadounidense, del expresidente Jimmy Carter, mientras avanza por el centro de Plains, Georgia, el 4 de enero de 2025.<\/p>\n\n\n\n<p>enero 04, 2025<\/p>\n\n\n\n<ul class=\"wp-block-list\">\n<li><a href=\"https:\/\/www.vozdeamerica.com\/author\/associated-press\/v_kyr\">Associated Press<\/a><\/li>\n<\/ul>\n\n\n\n<ul class=\"wp-block-list\">\n<li><a href=\"https:\/\/facebook.com\/sharer.php?u=https%3a%2f%2fwww.vozdeamerica.com%2fa%2fcomienza-georgia-procesion-funebre-honor-jimmy-carter-%2f7924382.html\" target=\"_blank\" rel=\"noreferrer noopener\"><\/a><\/li>\n\n\n\n<li><a href=\"https:\/\/twitter.com\/share?url=https%3a%2f%2fwww.vozdeamerica.com%2fa%2fcomienza-georgia-procesion-funebre-honor-jimmy-carter-%2f7924382.html&amp;text=F%c3%a9retro+de+Jimmy+Carter%2c+cubierto+con+la+bandera+de+EEUU%2c+recorre+su+pueblo+natal\" target=\"_blank\" rel=\"noreferrer noopener\"><\/a><\/li>\n\n\n\n<li><\/li>\n\n\n\n<li><a href=\"mailto:?body=https%3a%2f%2fwww.vozdeamerica.com%2fa%2fcomienza-georgia-procesion-funebre-honor-jimmy-carter-%2f7924382.html&amp;subject=F%C3%A9retro%20de%20Jimmy%20Carter,%20cubierto%20con%20la%20bandera%20de%20EEUU,%20recorre%20su%20pueblo%20natal\"><\/a><\/li>\n<\/ul>\n\n\n\n<p><a href=\"https:\/\/www.vozdeamerica.com\/a\/comienza-georgia-procesion-funebre-honor-jimmy-carter-\/7924382.html#comments\">&nbsp;Vea comentarios<\/a><\/p>\n\n\n\n<p>Los eventos oficiales en honor al expresidente Jimmy Carter comenzaron con una procesi\u00f3n f\u00fanebre en Georgia, estado natal del mandatario n\u00famero 39 de EEUU. Carter ser\u00e1 homenajeado en Washington con un funeral de Estado el pr\u00f3ximo 9 de enero.<\/p>\n\n\n\n<p>PLAINS, GEORGIA \u2014&nbsp;<\/p>\n\n\n\n<p>El&nbsp;<strong><em><a href=\"https:\/\/www.vozdeamerica.com\/a\/jimmy-carter-el-gran-mediador-obituario-muere-a-los-100-anios-\/6898159.html\" target=\"_blank\" rel=\"noreferrer noopener\">largo adi\u00f3s a Jimmy Carter<\/a><\/em><\/strong>&nbsp;comenz\u00f3 el s\u00e1bado en el sur de Georgia, donde el f\u00e9retro del 39no presidente, cubierto con la bandera estadounidense, recorri\u00f3 su peque\u00f1a ciudad natal y pas\u00f3 por la granja de su infancia en su camino hacia Atlanta, donde ascendi\u00f3 en la escala pol\u00edtica y bas\u00f3 su prolongado trabajo humanitario tras dejar la Casa Blanca.<\/p>\n\n\n\n<p>El funeral de Estado de seis d\u00edas del expresidente comenz\u00f3 en Americus, en el Centro M\u00e9dico Phoebe Sumter, donde agentes actuales y antiguos del Servicio Secreto que protegieron al difunto presidente cargaron sus restos en un coche f\u00fanebre negro y caminaron junto a \u00e9l al salir del campus hacia Plains. Mientras los hijos, nietos y bisnietos de Carter acompa\u00f1aban a su patriarca, un triste silbido de tren llen\u00f3 el aire mientras los portadores del f\u00e9retro miraban el coche f\u00fanebre, con la mano en el coraz\u00f3n, para una despedida final.<\/p>\n\n\n\n<p>En Plains, donde Carter naci\u00f3 el 1 de octubre de 1924 y vivi\u00f3 la mayor parte de su vida, los dolientes se alinearon en la calle principal, algunos con ramos de flores y botones con im\u00e1genes del expresidente. Carter falleci\u00f3 el 29 de diciembre a la edad de 100 a\u00f1os.<\/p>\n\n\n\n<p><video poster=\"https:\/\/gdb.voanews.com\/651be55d-20f6-4496-bb0a-22aa8995f943_tv_w650_r1.jpg\" src=\"blob:https:\/\/www.vozdeamerica.com\/83787e36-f723-47aa-81c8-afd51fe11cd0\" height=\"381\" width=\"676\"><\/video><\/p>\n\n\n\n<h5 class=\"wp-block-heading\"><a href=\"https:\/\/www.vozdeamerica.com\/a\/comienza-georgia-procesion-funebre-honor-jimmy-carter-\/7924477.html\" target=\"_blank\" rel=\"noreferrer noopener\">Comienzan los 6 d\u00edas de honras f\u00fanebres a Jimmy Carter<\/a><\/h5>\n\n\n\n<ul class=\"wp-block-list\">\n<li><a href=\"https:\/\/facebook.com\/sharer.php?u=https%3a%2f%2fwww.vozdeamerica.com%2fa%2f7924477.html\" target=\"_blank\" rel=\"noreferrer noopener\">Comparta en Facebook<\/a><\/li>\n\n\n\n<li><a href=\"https:\/\/twitter.com\/share?url=https%3a%2f%2fwww.vozdeamerica.com%2fa%2f7924477.html&amp;text=Comienzan+los+6+d%c3%adas+de+honras+f%c3%banebres+a+Jimmy+Carter\" target=\"_blank\" rel=\"noreferrer noopener\">Comparta en Twitter<\/a><\/li>\n<\/ul>\n\n\n\n<hr class=\"wp-block-separator has-alpha-channel-opacity\"\/>\n\n\n\n<p><a href=\"https:\/\/www.vozdeamerica.com\/embed\/player\/Article\/7924477.html?type=video&amp;FullScreenMode=True\" target=\"_blank\" rel=\"noreferrer noopener\"><\/a><\/p>\n\n\n\n<p>&nbsp;Descargar&nbsp;<\/p>\n\n\n\n<p>\u201cQueremos rendirle homenaje\u201d, dijo Will Porter Shelbrock, de 12 a\u00f1os, quien naci\u00f3 m\u00e1s de tres d\u00e9cadas despu\u00e9s de que Carter dejara la Casa Blanca en 1981. \u201cEstaba adelantado a su tiempo en lo que intent\u00f3 hacer y lograr\u201d.<\/p>\n\n\n\n<p>Fue idea de Shelbrock hacer el viaje a Plains desde Gainesville, Florida, con su abuela, Susan Cone, de 66 a\u00f1os. Shelbrock dijo que admira a Carter por su trabajo humanitario en la construcci\u00f3n de viviendas y la promoci\u00f3n de la paz, y por hablar sobre el calentamiento del planeta antes de que la crisis clim\u00e1tica fuera parte del discurso pol\u00edtico rutinario.<\/p>\n\n\n\n<p>Willie Browner, de 75 a\u00f1os, describi\u00f3 a Carter como proveniente de una era pasada de la pol\u00edtica estadounidense.<\/p>\n\n\n\n<p>\u201cEste hombre pensaba m\u00e1s que solo en s\u00ed mismo\u201d, dijo Browner, quien creci\u00f3 en el pueblo de Parrott, a unos 24 kil\u00f3metros (15 millas) de Plains, antes de mudarse a Miami.<\/p>\n\n\n\n<p>Browner dijo que significaba \u201cmucho\u201d tener un presidente proveniente de un peque\u00f1o pueblo sure\u00f1o como el suyo, y le preocupan las pocas probabilidades de que eso se repita.<\/p>\n\n\n\n<p>De hecho, la procesi\u00f3n del s\u00e1bado pretend\u00eda reflejar las profundas ra\u00edces rurales de Carter y su notable ascenso al escenario mundial como l\u00edder pol\u00edtico, defensor global de la democracia y los derechos humanos, y ganador del Premio Nobel de la Paz.<\/p>\n\n\n\n<figure class=\"wp-block-image\"><a href=\"https:\/\/www.vozdeamerica.com\/a\/conozca-la-vida-de-jimmy-carter-el-39-presidente-de-eeuu\/7919381.html\"><img decoding=\"async\" src=\"https:\/\/gdb.voanews.com\/828cdc2e-a15d-4795-890d-cf217bd1159d_w650_r1_s.png\" alt=\"Conozca la vida de Jimmy Carter: el 39\u00ba presidente de EEUU\"\/><\/a><figcaption class=\"wp-element-caption\">Galer\u00eda de fotosConozca la vida de Jimmy Carter: el 39\u00ba presidente de EEUU<\/figcaption><\/figure>\n\n\n\n<p>A lo largo de unas pocas cuadras en Plains, la caravana pas\u00f3 cerca de donde Carter y su difunta esposa Rosalynn, quien falleci\u00f3 en noviembre de 2023, dirig\u00edan el almac\u00e9n de man\u00ed de la familia, y la peque\u00f1a casa donde su madre, una enfermera, ayud\u00f3 a dar a luz a la futura primera dama en 1927. El coche f\u00fanebre pas\u00f3 por el antiguo dep\u00f3sito de trenes que sirvi\u00f3 como sede de la campa\u00f1a presidencial de Carter en 1976, un esfuerzo modesto que depend\u00eda de la financiaci\u00f3n p\u00fablica, en contraste con las campa\u00f1as presidenciales de miles de millones de d\u00f3lares en Estados Unidos del siglo XXI.<\/p>\n\n\n\n<p>Al salir del centro, la procesi\u00f3n pas\u00f3 por la casa donde Jimmy y Rosalynn Carter fallecieron. Es la misma casa de un solo piso que la pareja construy\u00f3 antes de su primera campa\u00f1a al Senado en 1962, y su vida all\u00ed solo se vio interrumpida por los cuatro a\u00f1os que pasaron en la Mansi\u00f3n del Gobernador de Georgia y los cuatro a\u00f1os en la Casa Blanca.<\/p>\n\n\n\n<p>Luego, el expresidente fue honrado por el Servicio de Parques Nacionales frente a la granja familiar, ahora parte del Parque Hist\u00f3rico Nacional Jimmy Carter. Unas pocas docenas de guardabosques se formaron frente a la casa, que no ten\u00eda agua corriente ni electricidad cuando Carter era ni\u00f1o, mientras la antigua campana de la granja sonaba 39 veces para honrar su lugar como el 39\u00ba presidente.<\/p>\n\n\n\n<p>Al lado de la casa, a\u00fan se encuentra la cancha de tenis que el padre de Carter, James Earl Carter Sr., construy\u00f3 para la familia, un gui\u00f1o a la mezcla de privilegio y dura vida rural que defini\u00f3 la crianza del futuro presidente. Carter trabaj\u00f3 en la granja de su padre durante la Gran Depresi\u00f3n, pero era tierra que el anciano Carter pose\u00eda, y la familia estaba rodeada de arrendatarios negros en la era de la segregaci\u00f3n de Jim Crow.<\/p>\n\n\n\n<p><a href=\"https:\/\/www.vozdeamerica.com\/a\/jimmy-carter-los-presidentes-de-eeuu-han-planificado-sus-propios-funerales\/7918491.html\"><\/a><\/p>\n\n\n\n<p><a href=\"https:\/\/www.vozdeamerica.com\/a\/jimmy-carter-los-presidentes-de-eeuu-han-planificado-sus-propios-funerales\/7918491.html\">Tambi\u00e9n lea<\/a><\/p>\n\n\n\n<h4 class=\"wp-block-heading\"><a href=\"https:\/\/www.vozdeamerica.com\/a\/jimmy-carter-los-presidentes-de-eeuu-han-planificado-sus-propios-funerales\/7918491.html\">C\u00f3mo los presidentes de EEUU han planificado sus propios funerales<\/a><\/h4>\n\n\n\n<p>Carter escribi\u00f3 y habl\u00f3 extensamente sobre esos a\u00f1os formativos y c\u00f3mo la pobreza abyecta y el racismo institucional que vio influyeron en sus futuras pol\u00edticas en el gobierno y su trabajo en la defensa de los derechos humanos cuando dej\u00f3 la Casa Blanca.<\/p>\n\n\n\n<p>La caravana se dirig\u00eda a Atlanta la tarde del s\u00e1bado para dedicar un momento de silencio frente al Capitolio de Georgia y formar parte de una ceremonia en el Centro Presidencial Carter.<\/p>\n\n\n\n<p>All\u00ed, Carter reposar\u00e1 hasta el martes por la ma\u00f1ana, cuando ser\u00e1 trasladado a Washington para permanecer de cuerpo presente en el Capitolio de Estados Unidos. Su funeral de Estado se realizar\u00e1 el jueves a las 10 de la ma\u00f1ana en la Catedral Nacional de Washington, seguido por un regreso a Plains para un funeral privado en la Iglesia Bautista Maranatha.<\/p>\n\n\n\n<p>Ser\u00e1 enterrado cerca de su hogar, junto a Rosalynn Carter.<\/p>\n","protected":false},"excerpt":{"rendered":"<p>Un ni\u00f1o saluda al coche f\u00fanebre que transporta el f\u00e9retro, cubierto con la bandera estadounidense, del expresidente Jimmy Carter, mientras avanza por el centro de Plains, Georgia, el 4 de enero de 2025. enero 04, 2025 &nbsp;Vea comentarios Los eventos oficiales en honor al expresidente Jimmy Carter comenzaron con una procesi\u00f3n f\u00fanebre en Georgia, estado [&hellip;]<\/p>\n","protected":false},"author":28,"featured_media":587172,"comment_status":"closed","ping_status":"closed","sticky":true,"template":"","format":"standard","meta":{"footnotes":""},"categories":[26,23,27],"tags":[],"class_list":["post-587171","post","type-post","status-publish","format-standard","has-post-thumbnail","hentry","category-efemerides","category-internacional","category-portada"],"_links":{"self":[{"href":"https:\/\/diariodominicano.com\/index.php?rest_route=\/wp\/v2\/posts\/587171","targetHints":{"allow":["GET"]}}],"collection":[{"href":"https:\/\/diariodominicano.com\/index.php?rest_route=\/wp\/v2\/posts"}],"about":[{"href":"https:\/\/diariodominicano.com\/index.php?rest_route=\/wp\/v2\/types\/post"}],"author":[{"embeddable":true,"href":"https:\/\/diariodominicano.com\/index.php?rest_route=\/wp\/v2\/users\/28"}],"replies":[{"embeddable":true,"href":"https:\/\/diariodominicano.com\/index.php?rest_route=%2Fwp%2Fv2%2Fcomments&post=587171"}],"version-history":[{"count":2,"href":"https:\/\/diariodominicano.com\/index.php?rest_route=\/wp\/v2\/posts\/587171\/revisions"}],"predecessor-version":[{"id":587175,"href":"https:\/\/diariodominicano.com\/index.php?rest_route=\/wp\/v2\/posts\/587171\/revisions\/587175"}],"wp:featuredmedia":[{"embeddable":true,"href":"https:\/\/diariodominicano.com\/index.php?rest_route=\/wp\/v2\/media\/587172"}],"wp:attachment":[{"href":"https:\/\/diariodominicano.com\/index.php?rest_route=%2Fwp%2Fv2%2Fmedia&parent=587171"}],"wp:term":[{"taxonomy":"category","embeddable":true,"href":"https:\/\/diariodominicano.com\/index.php?rest_route=%2Fwp%2Fv2%2Fcategories&post=587171"},{"taxonomy":"post_tag","embeddable":true,"href":"https:\/\/diariodominicano.com\/index.php?rest_route=%2Fwp%2Fv2%2Ftags&post=587171"}],"curies":[{"name":"wp","href":"https:\/\/api.w.org\/{rel}","templated":true}]}}