{"id":587139,"date":"2025-01-04T17:11:12","date_gmt":"2025-01-04T21:11:12","guid":{"rendered":"https:\/\/diariodominicano.com\/?p=587139"},"modified":"2025-01-04T17:17:03","modified_gmt":"2025-01-04T21:17:03","slug":"antartica-sera-zona-de-ciencia-y-paz-afirma-presidente-de-chile","status":"publish","type":"post","link":"https:\/\/diariodominicano.com\/?p=587139","title":{"rendered":"Ant\u00e1rtica ser\u00e1 zona de ciencia y paz, afirma presidente de Chile"},"content":{"rendered":"\n<p>diariodominicano.com<\/p>\n\n\n\n<p>Santiago de Chile, 4 ene (Prensa Latina) El presidente de Chile, Gabriel Boric, asegur\u00f3 hoy que la Ant\u00e1rtica ser\u00e1 un territorio de ciencia y de paz y rechaz\u00f3 cualquier eventual explotaci\u00f3n minera o la instalaci\u00f3n de industrias en esa regi\u00f3n.<\/p>\n\n\n<div class=\"wp-block-image\">\n<figure class=\"alignright size-full is-resized\"><img loading=\"lazy\" decoding=\"async\" width=\"670\" height=\"446\" src=\"https:\/\/diariodominicano.com\/wp-content\/uploads\/2025\/01\/Boric-4-1-25.jpg\" alt=\"\" class=\"wp-image-587145\" style=\"width:313px;height:auto\" srcset=\"https:\/\/diariodominicano.com\/wp-content\/uploads\/2025\/01\/Boric-4-1-25.jpg 670w, https:\/\/diariodominicano.com\/wp-content\/uploads\/2025\/01\/Boric-4-1-25-300x200.jpg 300w\" sizes=\"auto, (max-width: 670px) 100vw, 670px\" \/><\/figure>\n<\/div>\n\n\n<p>Durante una conferencia de prensa en la Base A\u00e9rea Chabunco, en la sure\u00f1a ciudad de Punta Arenas, el mandatario realiz\u00f3 un balance de la operaci\u00f3n que lo llev\u00f3 a \u00e9l y una amplia comitiva hasta el Polo Sur geogr\u00e1fico donde, dijo, convergen todos los meridianos.<\/p>\n\n\n\n<p>Es un hito hist\u00f3rico haber llegado hasta ese punto a trav\u00e9s de medios propios, afirm\u00f3.<\/p>\n\n\n\n<p>Chile es uno de los firmantes del Tratado Ant\u00e1rtico y, adem\u00e1s, representa la puerta de entrada del mundo a ese territorio.<\/p>\n\n\n\n<p>El tambi\u00e9n llamado continente blanco se rige por el Tratado Ant\u00e1rtico, firmado inicialmente por 12 pa\u00edses el 1 de diciembre de 1959, el cual establece que nadie es propietario de esa zona.<\/p>\n\n\n\n<p>Agreg\u00f3 el mandatario que existe una pol\u00edtica de Estado a largo plazo respecto a esa regi\u00f3n y, cuando se avecinan tiempos en los cuales se podr\u00eda discutir de nuevo el estatus del \u00e1rea, es un logro garantizar la presencia permanente de Chile.<\/p>\n\n\n\n<p>Hay quienes insin\u00faan, precis\u00f3, su intenci\u00f3n de explotar recursos minerales o regular otro tipo de industrias y Chile les dice que no, porque ese seguir\u00e1 siendo un territorio de ciencia y de paz.<\/p>\n\n\n\n<p>Acompa\u00f1aron al presidente Boric en este recorrido las ministras de Defensa y Medio Ambiente, Maya Fern\u00e1ndez y Maisa Rojas, respectivamente, as\u00ed como la subsecretaria de Relaciones Exteriores, Gloria de la Fuente.<\/p>\n\n\n\n<p>Viajaron tambi\u00e9n destacados cient\u00edficos que tomaron muestras en el lugar para investigaciones posteriores, tanto en el Laboratorio de F\u00edsica de la Universidad de Chile, como el Instituto Ant\u00e1rtico Chileno, dirigido por el glaci\u00f3logo Gino Casassa.<\/p>\n\n\n\n<p>arc\/car\/eam<\/p>\n","protected":false},"excerpt":{"rendered":"<p>diariodominicano.com Santiago de Chile, 4 ene (Prensa Latina) El presidente de Chile, Gabriel Boric, asegur\u00f3 hoy que la Ant\u00e1rtica ser\u00e1 un territorio de ciencia y de paz y rechaz\u00f3 cualquier eventual explotaci\u00f3n minera o la instalaci\u00f3n de industrias en esa regi\u00f3n. Durante una conferencia de prensa en la Base A\u00e9rea Chabunco, en la sure\u00f1a ciudad [&hellip;]<\/p>\n","protected":false},"author":5,"featured_media":587140,"comment_status":"closed","ping_status":"closed","sticky":true,"template":"","format":"standard","meta":{"footnotes":""},"categories":[23,27],"tags":[],"class_list":["post-587139","post","type-post","status-publish","format-standard","has-post-thumbnail","hentry","category-internacional","category-portada"],"_links":{"self":[{"href":"https:\/\/diariodominicano.com\/index.php?rest_route=\/wp\/v2\/posts\/587139","targetHints":{"allow":["GET"]}}],"collection":[{"href":"https:\/\/diariodominicano.com\/index.php?rest_route=\/wp\/v2\/posts"}],"about":[{"href":"https:\/\/diariodominicano.com\/index.php?rest_route=\/wp\/v2\/types\/post"}],"author":[{"embeddable":true,"href":"https:\/\/diariodominicano.com\/index.php?rest_route=\/wp\/v2\/users\/5"}],"replies":[{"embeddable":true,"href":"https:\/\/diariodominicano.com\/index.php?rest_route=%2Fwp%2Fv2%2Fcomments&post=587139"}],"version-history":[{"count":2,"href":"https:\/\/diariodominicano.com\/index.php?rest_route=\/wp\/v2\/posts\/587139\/revisions"}],"predecessor-version":[{"id":587146,"href":"https:\/\/diariodominicano.com\/index.php?rest_route=\/wp\/v2\/posts\/587139\/revisions\/587146"}],"wp:featuredmedia":[{"embeddable":true,"href":"https:\/\/diariodominicano.com\/index.php?rest_route=\/wp\/v2\/media\/587140"}],"wp:attachment":[{"href":"https:\/\/diariodominicano.com\/index.php?rest_route=%2Fwp%2Fv2%2Fmedia&parent=587139"}],"wp:term":[{"taxonomy":"category","embeddable":true,"href":"https:\/\/diariodominicano.com\/index.php?rest_route=%2Fwp%2Fv2%2Fcategories&post=587139"},{"taxonomy":"post_tag","embeddable":true,"href":"https:\/\/diariodominicano.com\/index.php?rest_route=%2Fwp%2Fv2%2Ftags&post=587139"}],"curies":[{"name":"wp","href":"https:\/\/api.w.org\/{rel}","templated":true}]}}