{"id":587089,"date":"2025-01-04T01:17:41","date_gmt":"2025-01-04T05:17:41","guid":{"rendered":"https:\/\/diariodominicano.com\/?p=587089"},"modified":"2025-01-04T01:17:45","modified_gmt":"2025-01-04T05:17:45","slug":"secretario-ejecutivo-del-alba-tcp-tilda-de-verguenza-a-luis-almagro","status":"publish","type":"post","link":"https:\/\/diariodominicano.com\/?p=587089","title":{"rendered":"Secretario Ejecutivo del ALBA-TCP tilda de verg\u00fcenza a Luis Almagro"},"content":{"rendered":"\n<p>Caracas, 3 ene (Prensa Latina) El secretario ejecutivo de la Alianza Bolivariana para los Pueblos de Nuestra Am\u00e9rica-Tratado de Comercio de los Pueblos (ALBA-TCP), Jorge Arreaza, tild\u00f3 hoy de verg\u00fcenza al secretario general de la Organizaci\u00f3n de Estados Americanos (OEA), Luis Almagro.<\/p>\n\n\n\n<ul class=\"wp-block-list\">\n<li><a href=\"https:\/\/www.prensa-latina.cu\/2025\/01\/03\/\"><time>enero 3, 2025 | 20:29<\/time><\/a><\/li>\n<\/ul>\n\n\n\n<ul class=\"wp-block-list\">\n<li><a href=\"https:\/\/www.prensa-latina.cu\/2025\/01\/03\/secretario-ejecutivo-del-alba-tcp-tilda-de-verguenza-a-luis-almagro\/#\"><\/a><\/li>\n\n\n\n<li><a href=\"https:\/\/www.prensa-latina.cu\/2025\/01\/03\/secretario-ejecutivo-del-alba-tcp-tilda-de-verguenza-a-luis-almagro\/#\"><\/a><\/li>\n\n\n\n<li><a href=\"https:\/\/www.prensa-latina.cu\/2025\/01\/03\/secretario-ejecutivo-del-alba-tcp-tilda-de-verguenza-a-luis-almagro\/#\"><\/a><\/li>\n\n\n\n<li><a href=\"https:\/\/www.prensa-latina.cu\/2025\/01\/03\/secretario-ejecutivo-del-alba-tcp-tilda-de-verguenza-a-luis-almagro\/#\"><\/a><\/li>\n<\/ul>\n\n\n\n<p>\u201cSu obsesi\u00f3n anti venezolana es tal, que no se pronuncia sobre los terribles cr\u00edmenes de adolescentes en Ecuador, pero si lo hace para apoyar las acciones conspirativas contra Venezuela (pa\u00eds que no es miembro de la OEA)\u201d, se\u00f1al\u00f3 el diplom\u00e1tico en su cuenta de Telegram.<\/p>\n\n\n\n<p>Arreaza afirm\u00f3 que Almagro, a quien llam\u00f3 \u201cSicario General del Ministerio de Colonias yankys\u201d, necesita garantizar que le sigan pagando bien en Washington, \u201ccomo buen agente y mercenario imperialista que es\u201d.<\/p>\n\n\n\n<p>Subray\u00f3 el titular ejecutivo del ALBA-TCP que este \u201cseguir\u00e1 hurgando en el basural de la historia, del que jam\u00e1s podr\u00e1 salir\u201d.<\/p>\n\n\n\n<p>Este viernes la Secretar\u00eda General de la OEA emiti\u00f3 un comunicado en el que \u201crepudia y condena la detenci\u00f3n arbitraria por parte del r\u00e9gimen de Venezuela del agente de la Gendarmer\u00eda Nacional Argentina Nahuel Gallo\u201d.<\/p>\n\n\n\n<p>El texto, que adem\u00e1s de exigir la liberaci\u00f3n inmediata del ahora detenido en Caracas, se\u00f1al\u00f3 que este caso \u201cconstituye un crimen de lesa humanidad seg\u00fan el Estatuto de Roma de la Corte Penal Internacional\u201d.<\/p>\n\n\n\n<p>En un comunicado ayer el canciller venezolano, Yv\u00e1n Gil, tild\u00f3 de espect\u00e1culo penoso y de rid\u00edculo internacional al gobierno argentino de Javier Milei, luego que este evocara el Estatuto de Roma.<\/p>\n\n\n\n<p>En su cuenta de la red social Telegram el alto diplom\u00e1tico bolivariano se\u00f1al\u00f3 que este instrumento es \u201cclaramente desconocido por ellos, para alimentar su obsesi\u00f3n pol\u00edtica enferma\u201d.<\/p>\n\n\n\n<p>Adem\u00e1s de ser \u201cuna muestra no solo de ignorancia, sino de una escandalosa falta de seriedad\u201d, puntualiz\u00f3.<\/p>\n\n\n\n<p>El ministro bolivariano para Relaciones Exteriores denunci\u00f3 que \u201clos funcionarios del gobierno fantoche de Milei, que est\u00e1n involucrados en una agenda de extrema derecha golpista y terrorista contra Venezuela, utilizan err\u00e1ticas acciones diplom\u00e1ticas para justificar su propio fracaso y su complicidad\u201d.<\/p>\n\n\n\n<p>Afirm\u00f3 que la justicia y los derechos humanos no son instrumentos para agendas desesperadas.<\/p>\n\n\n\n<p>\u201cEl fiasco en que se han convertido solo los reafirma como el hazmerre\u00edr de la diplomacia global\u201d, expres\u00f3 Gil.<\/p>\n\n\n\n<p>En un comunicado el Ejecutivo argentino inform\u00f3 que presentaron una denuncia ante la Corte Penal Internacional por la \u201cdetenci\u00f3n arbitraria y desaparici\u00f3n forzada de Nahuel Gallo\u201d.<\/p>\n\n\n\n<p>La v\u00edspera en la noche autoridades divulgaron im\u00e1genes que dieron fe de vida del gendarme argentino detenido y procesado en la Rep\u00fablica Bolivariana por estar implicado en tramas terroristas en el pa\u00eds.<\/p>\n\n\n\n<p>Peque\u00f1os videos que circularon en las redes sociales mostraron a Gallo vestido de uniforme azul, con barba, caminando solo y acompa\u00f1ado en el centro penitenciario donde est\u00e1 recluido.<\/p>\n\n\n\n<p>oda\/jcd<\/p>\n\n\n\n<ul class=\"wp-block-list\">\n<li>#<a href=\"https:\/\/www.prensa-latina.cu\/etiqueta\/albatcp\/\">albatcp<\/a>\u00a0#<a href=\"https:\/\/www.prensa-latina.cu\/etiqueta\/gendarme-argentino\/\">gendarme argentino<\/a>\u00a0#<a href=\"https:\/\/www.prensa-latina.cu\/etiqueta\/luis-almadro\/\">Luis Almadro<\/a>\u00a0#<a href=\"https:\/\/www.prensa-latina.cu\/etiqueta\/oea\/\">oea<\/a>\u00a0#<a href=\"https:\/\/www.prensa-latina.cu\/etiqueta\/venezuela\/\">Venezuela<\/a><\/li>\n<\/ul>\n","protected":false},"excerpt":{"rendered":"<p>Caracas, 3 ene (Prensa Latina) El secretario ejecutivo de la Alianza Bolivariana para los Pueblos de Nuestra Am\u00e9rica-Tratado de Comercio de los Pueblos (ALBA-TCP), Jorge Arreaza, tild\u00f3 hoy de verg\u00fcenza al secretario general de la Organizaci\u00f3n de Estados Americanos (OEA), Luis Almagro. \u201cSu obsesi\u00f3n anti venezolana es tal, que no se pronuncia sobre los terribles [&hellip;]<\/p>\n","protected":false},"author":28,"featured_media":587090,"comment_status":"closed","ping_status":"closed","sticky":true,"template":"","format":"standard","meta":{"footnotes":""},"categories":[23],"tags":[],"class_list":["post-587089","post","type-post","status-publish","format-standard","has-post-thumbnail","hentry","category-internacional"],"_links":{"self":[{"href":"https:\/\/diariodominicano.com\/index.php?rest_route=\/wp\/v2\/posts\/587089","targetHints":{"allow":["GET"]}}],"collection":[{"href":"https:\/\/diariodominicano.com\/index.php?rest_route=\/wp\/v2\/posts"}],"about":[{"href":"https:\/\/diariodominicano.com\/index.php?rest_route=\/wp\/v2\/types\/post"}],"author":[{"embeddable":true,"href":"https:\/\/diariodominicano.com\/index.php?rest_route=\/wp\/v2\/users\/28"}],"replies":[{"embeddable":true,"href":"https:\/\/diariodominicano.com\/index.php?rest_route=%2Fwp%2Fv2%2Fcomments&post=587089"}],"version-history":[{"count":1,"href":"https:\/\/diariodominicano.com\/index.php?rest_route=\/wp\/v2\/posts\/587089\/revisions"}],"predecessor-version":[{"id":587091,"href":"https:\/\/diariodominicano.com\/index.php?rest_route=\/wp\/v2\/posts\/587089\/revisions\/587091"}],"wp:featuredmedia":[{"embeddable":true,"href":"https:\/\/diariodominicano.com\/index.php?rest_route=\/wp\/v2\/media\/587090"}],"wp:attachment":[{"href":"https:\/\/diariodominicano.com\/index.php?rest_route=%2Fwp%2Fv2%2Fmedia&parent=587089"}],"wp:term":[{"taxonomy":"category","embeddable":true,"href":"https:\/\/diariodominicano.com\/index.php?rest_route=%2Fwp%2Fv2%2Fcategories&post=587089"},{"taxonomy":"post_tag","embeddable":true,"href":"https:\/\/diariodominicano.com\/index.php?rest_route=%2Fwp%2Fv2%2Ftags&post=587089"}],"curies":[{"name":"wp","href":"https:\/\/api.w.org\/{rel}","templated":true}]}}