{"id":587086,"date":"2025-01-04T01:15:30","date_gmt":"2025-01-04T05:15:30","guid":{"rendered":"https:\/\/diariodominicano.com\/?p=587086"},"modified":"2025-01-04T01:15:32","modified_gmt":"2025-01-04T05:15:32","slug":"futbolistas-chilenos-advierten-con-paralizar-torneos-de-2025","status":"publish","type":"post","link":"https:\/\/diariodominicano.com\/?p=587086","title":{"rendered":"Futbolistas chilenos advierten con paralizar torneos de 2025"},"content":{"rendered":"\n<p>Santiago de Chile, 3 ene (Prensa Latina) El Sindicato de Futbolistas Profesionales (Sifup) de Chile anunci\u00f3 hoy un paro por tiempo indefinido de los campeonatos previstos para este a\u00f1o en el pa\u00eds, como la Supercopa, Copa y Torneo de Primera Divisi\u00f3n.<\/p>\n\n\n\n<ul class=\"wp-block-list\">\n<li><a href=\"https:\/\/www.prensa-latina.cu\/2025\/01\/03\/\"><time>enero 3, 2025 | 22:05<\/time><\/a><\/li>\n<\/ul>\n\n\n\n<ul class=\"wp-block-list\">\n<li><a href=\"https:\/\/www.prensa-latina.cu\/2025\/01\/03\/futbolistas-chilenos-advierten-con-paralizar-torneos-de-2025\/#\"><\/a><\/li>\n\n\n\n<li><a href=\"https:\/\/www.prensa-latina.cu\/2025\/01\/03\/futbolistas-chilenos-advierten-con-paralizar-torneos-de-2025\/#\"><\/a><\/li>\n\n\n\n<li><a href=\"https:\/\/www.prensa-latina.cu\/2025\/01\/03\/futbolistas-chilenos-advierten-con-paralizar-torneos-de-2025\/#\"><\/a><\/li>\n\n\n\n<li><a href=\"https:\/\/www.prensa-latina.cu\/2025\/01\/03\/futbolistas-chilenos-advierten-con-paralizar-torneos-de-2025\/#\"><\/a><\/li>\n<\/ul>\n\n\n\n<p>Un comunicado divulgado por las redes sociales afirma que la medida obedece a que el Consejo de Presidentes de la Asociaci\u00f3n Nacional de F\u00fatbol Profesional (ANFP), m\u00e1ximo rector de este deporte en el pa\u00eds, no escuch\u00f3 ninguna de las demandas realizadas por el gremio.<\/p>\n\n\n\n<p>Uno de los principales puntos en discordia es la intenci\u00f3n de transformar a partir de 2025 a la Segunda Divisi\u00f3n en una categor\u00eda sub 23, lo cual dejar\u00eda fuera a muchos atletas que superan esa edad y se desempe\u00f1an justamente en ese torneo.<\/p>\n\n\n\n<p>Para evitar la huelga a nivel nacional, el Sifup present\u00f3 12 iniciativas, firmadas por los capitanes de los 46 clubes del balompi\u00e9 nacional en sus diferentes divisiones.<\/p>\n\n\n\n<p>Sin embargo, esta propuesta fue ignorada por completo en la ANFP, liderada por Pablo Milad.<\/p>\n\n\n\n<p>Entre las medidas figuraba limitar el n\u00famero de jugadores extranjeros en cancha para favorecer a los nacionales, cambios en la cantidad de ascensos y sanciones a los dirigentes por incumplimientos laborales y previsionales de los futbolistas.<\/p>\n\n\n\n<p>Gamadiel Garc\u00eda, principal dirigente del gremio, anunci\u00f3 una conferencia de prensa para el lunes, a fin de ofrecer m\u00e1s detalles sobre el paro.<\/p>\n\n\n\n<p>De ratificarse la huelga, uno de los primeros eventos afectados ser\u00e1 la Supercopa que se disputar\u00e1 entre el campe\u00f3n de liga mayor, Colo Colo, y Universidad de Chile, ganador de la copa 2024, un partido que, por cierto, todav\u00eda no tiene una sede definitiva.<\/p>\n\n\n\n<p>oda\/car\/eam<\/p>\n\n\n\n<ul class=\"wp-block-list\">\n<li>#<a href=\"https:\/\/www.prensa-latina.cu\/etiqueta\/chile\/\">Chile<\/a>\u00a0#<a href=\"https:\/\/www.prensa-latina.cu\/etiqueta\/huelga\/\">huelga<\/a>\u00a0#<a href=\"https:\/\/www.prensa-latina.cu\/etiqueta\/sindicato\/\">sindicato<\/a><\/li>\n<\/ul>\n","protected":false},"excerpt":{"rendered":"<p>Santiago de Chile, 3 ene (Prensa Latina) El Sindicato de Futbolistas Profesionales (Sifup) de Chile anunci\u00f3 hoy un paro por tiempo indefinido de los campeonatos previstos para este a\u00f1o en el pa\u00eds, como la Supercopa, Copa y Torneo de Primera Divisi\u00f3n. Un comunicado divulgado por las redes sociales afirma que la medida obedece a que [&hellip;]<\/p>\n","protected":false},"author":28,"featured_media":587087,"comment_status":"closed","ping_status":"closed","sticky":true,"template":"","format":"standard","meta":{"footnotes":""},"categories":[17],"tags":[],"class_list":["post-587086","post","type-post","status-publish","format-standard","has-post-thumbnail","hentry","category-deportes"],"_links":{"self":[{"href":"https:\/\/diariodominicano.com\/index.php?rest_route=\/wp\/v2\/posts\/587086","targetHints":{"allow":["GET"]}}],"collection":[{"href":"https:\/\/diariodominicano.com\/index.php?rest_route=\/wp\/v2\/posts"}],"about":[{"href":"https:\/\/diariodominicano.com\/index.php?rest_route=\/wp\/v2\/types\/post"}],"author":[{"embeddable":true,"href":"https:\/\/diariodominicano.com\/index.php?rest_route=\/wp\/v2\/users\/28"}],"replies":[{"embeddable":true,"href":"https:\/\/diariodominicano.com\/index.php?rest_route=%2Fwp%2Fv2%2Fcomments&post=587086"}],"version-history":[{"count":1,"href":"https:\/\/diariodominicano.com\/index.php?rest_route=\/wp\/v2\/posts\/587086\/revisions"}],"predecessor-version":[{"id":587088,"href":"https:\/\/diariodominicano.com\/index.php?rest_route=\/wp\/v2\/posts\/587086\/revisions\/587088"}],"wp:featuredmedia":[{"embeddable":true,"href":"https:\/\/diariodominicano.com\/index.php?rest_route=\/wp\/v2\/media\/587087"}],"wp:attachment":[{"href":"https:\/\/diariodominicano.com\/index.php?rest_route=%2Fwp%2Fv2%2Fmedia&parent=587086"}],"wp:term":[{"taxonomy":"category","embeddable":true,"href":"https:\/\/diariodominicano.com\/index.php?rest_route=%2Fwp%2Fv2%2Fcategories&post=587086"},{"taxonomy":"post_tag","embeddable":true,"href":"https:\/\/diariodominicano.com\/index.php?rest_route=%2Fwp%2Fv2%2Ftags&post=587086"}],"curies":[{"name":"wp","href":"https:\/\/api.w.org\/{rel}","templated":true}]}}