{"id":587081,"date":"2025-01-04T01:10:54","date_gmt":"2025-01-04T05:10:54","guid":{"rendered":"https:\/\/diariodominicano.com\/?p=587081"},"modified":"2025-01-04T01:10:58","modified_gmt":"2025-01-04T05:10:58","slug":"destacan-vinculos-de-cuba-con-los-brics-pese-a-presiones-de-eeuu","status":"publish","type":"post","link":"https:\/\/diariodominicano.com\/?p=587081","title":{"rendered":"Destacan v\u00ednculos de Cuba con los Brics pese a presiones de EEUU"},"content":{"rendered":"\n<p>La Habana, 3 ene (Prensa Latina) Cuba es oficialmente miembro asociado de los Brics a pesar del esfuerzo de Estados Unidos por aislar al pa\u00eds caribe\u00f1o, destac\u00f3 hoy en la red social X el ministro de Relaciones Exteriores, Bruno Rodr\u00edguez.<\/p>\n\n\n\n<ul class=\"wp-block-list\">\n<li><a href=\"https:\/\/www.prensa-latina.cu\/2025\/01\/03\/\"><time>enero 3, 2025 | 10:07<\/time><\/a><\/li>\n<\/ul>\n\n\n\n<ul class=\"wp-block-list\">\n<li><a href=\"https:\/\/www.prensa-latina.cu\/2025\/01\/03\/destacan-vinculos-de-cuba-con-los-brics-pese-a-presiones-de-eeuu\/#\"><\/a><\/li>\n\n\n\n<li><a href=\"https:\/\/www.prensa-latina.cu\/2025\/01\/03\/destacan-vinculos-de-cuba-con-los-brics-pese-a-presiones-de-eeuu\/#\"><\/a><\/li>\n\n\n\n<li><a href=\"https:\/\/www.prensa-latina.cu\/2025\/01\/03\/destacan-vinculos-de-cuba-con-los-brics-pese-a-presiones-de-eeuu\/#\"><\/a><\/li>\n\n\n\n<li><a href=\"https:\/\/www.prensa-latina.cu\/2025\/01\/03\/destacan-vinculos-de-cuba-con-los-brics-pese-a-presiones-de-eeuu\/#\"><\/a><\/li>\n<\/ul>\n\n\n\n<p>Pese a los \u201cesfuerzos imperiales por aislarnos, nuestra peque\u00f1a naci\u00f3n fue admitida este a\u00f1o como miembro asociado de la agrupaci\u00f3n Brics\u201d (iniciales de Brasil, Rusia, China, India y Sud\u00e1frica, a las que se han unido m\u00e1s de 30 pa\u00edses), escribi\u00f3, citando al presidente Miguel D\u00edaz Canel.<\/p>\n\n\n\n<p>El mandatario antillano resalt\u00f3 en la Asamblea Nacional ( parlamento) que ese bloque es \u201cuna novedosa instancia de concertaci\u00f3n y cooperaci\u00f3n que re\u00fane a un significativo potencial econ\u00f3mico, productivo, tecnol\u00f3gico, poblacional, territorial y de gran riqueza natural\u201d, record\u00f3 el canciller.<\/p>\n\n\n\n<p>Se\u00f1al\u00f3 asimismo que con todos los pa\u00edses miembros, la isla desarrolla muy buenas relaciones y comparte prop\u00f3sitos afines. \u201cEs una instancia que nos abre nuevas oportunidades comerciales, de inversi\u00f3n y de cooperaci\u00f3n, que debemos saber aprovechar\u201d<\/p>\n\n\n\n<p>Cuba fue aprobada bajo ese estatus en octubre de 2024 durante la cumbre de ese grupo realizada en la ciudad rusa de Kazan, junto a otras 12 naciones, lo que se oficializ\u00f3 el pasado mi\u00e9rcoles 1 de enero de 2025.<\/p>\n\n\n\n<p>Adem\u00e1s del archipi\u00e9lago cubano, integraron los Brics como asociados, el Argelia, Bielorrusia, Indonesia, Kazajist\u00e1n, Malasia, Nigeria, Tailandia, Turqu\u00eda, Uganda, Uzbekist\u00e1n y Vietnam.<\/p>\n\n\n\n<p>Expertos destacan que la incorporaci\u00f3n de Cuba al bloque le permitir\u00e1 insertarse a sus diversos formatos de cooperaci\u00f3n, aprovechar sus opciones para sortear la crisis econ\u00f3mica, provocada, esencialmente, por la pol\u00edtica hostil de Washington desde hace m\u00e1s de seis d\u00e9cadas.<\/p>\n\n\n\n<p>Asimismo, la contribuci\u00f3n cubana podr\u00e1 centrarse en su desarrollo biotecnol\u00f3gico, la producci\u00f3n de medicamentos y la capacidad nacional para promover cooperaci\u00f3n cient\u00edfica y tecnol\u00f3gica.<\/p>\n\n\n\n<p>mem\/lld<\/p>\n\n\n\n<ul class=\"wp-block-list\">\n<li>#<a href=\"https:\/\/www.prensa-latina.cu\/etiqueta\/brics\/\">brics<\/a>\u00a0#<a href=\"https:\/\/www.prensa-latina.cu\/etiqueta\/cuba\/\">cuba<\/a>\u00a0#<a href=\"https:\/\/www.prensa-latina.cu\/etiqueta\/estadosunidos\/\">EstadosUNidos<\/a>\u00a0#<a href=\"https:\/\/www.prensa-latina.cu\/etiqueta\/paisasociado\/\">pa\u00edsasociado<\/a>\u00a0#<a href=\"https:\/\/www.prensa-latina.cu\/etiqueta\/presiones\/\">presiones<\/a><\/li>\n<\/ul>\n","protected":false},"excerpt":{"rendered":"<p>La Habana, 3 ene (Prensa Latina) Cuba es oficialmente miembro asociado de los Brics a pesar del esfuerzo de Estados Unidos por aislar al pa\u00eds caribe\u00f1o, destac\u00f3 hoy en la red social X el ministro de Relaciones Exteriores, Bruno Rodr\u00edguez. Pese a los \u201cesfuerzos imperiales por aislarnos, nuestra peque\u00f1a naci\u00f3n fue admitida este a\u00f1o como [&hellip;]<\/p>\n","protected":false},"author":28,"featured_media":587082,"comment_status":"closed","ping_status":"closed","sticky":true,"template":"","format":"standard","meta":{"footnotes":""},"categories":[23],"tags":[],"class_list":["post-587081","post","type-post","status-publish","format-standard","has-post-thumbnail","hentry","category-internacional"],"_links":{"self":[{"href":"https:\/\/diariodominicano.com\/index.php?rest_route=\/wp\/v2\/posts\/587081","targetHints":{"allow":["GET"]}}],"collection":[{"href":"https:\/\/diariodominicano.com\/index.php?rest_route=\/wp\/v2\/posts"}],"about":[{"href":"https:\/\/diariodominicano.com\/index.php?rest_route=\/wp\/v2\/types\/post"}],"author":[{"embeddable":true,"href":"https:\/\/diariodominicano.com\/index.php?rest_route=\/wp\/v2\/users\/28"}],"replies":[{"embeddable":true,"href":"https:\/\/diariodominicano.com\/index.php?rest_route=%2Fwp%2Fv2%2Fcomments&post=587081"}],"version-history":[{"count":1,"href":"https:\/\/diariodominicano.com\/index.php?rest_route=\/wp\/v2\/posts\/587081\/revisions"}],"predecessor-version":[{"id":587083,"href":"https:\/\/diariodominicano.com\/index.php?rest_route=\/wp\/v2\/posts\/587081\/revisions\/587083"}],"wp:featuredmedia":[{"embeddable":true,"href":"https:\/\/diariodominicano.com\/index.php?rest_route=\/wp\/v2\/media\/587082"}],"wp:attachment":[{"href":"https:\/\/diariodominicano.com\/index.php?rest_route=%2Fwp%2Fv2%2Fmedia&parent=587081"}],"wp:term":[{"taxonomy":"category","embeddable":true,"href":"https:\/\/diariodominicano.com\/index.php?rest_route=%2Fwp%2Fv2%2Fcategories&post=587081"},{"taxonomy":"post_tag","embeddable":true,"href":"https:\/\/diariodominicano.com\/index.php?rest_route=%2Fwp%2Fv2%2Ftags&post=587081"}],"curies":[{"name":"wp","href":"https:\/\/api.w.org\/{rel}","templated":true}]}}