{"id":587078,"date":"2025-01-04T01:08:42","date_gmt":"2025-01-04T05:08:42","guid":{"rendered":"https:\/\/diariodominicano.com\/?p=587078"},"modified":"2025-01-04T01:08:46","modified_gmt":"2025-01-04T05:08:46","slug":"presidenta-de-mexico-rechaza-idea-de-asociar-migracion-con-violencia","status":"publish","type":"post","link":"https:\/\/diariodominicano.com\/?p=587078","title":{"rendered":"Presidenta de M\u00e9xico rechaza idea de asociar migraci\u00f3n con violencia"},"content":{"rendered":"\n<p>Ciudad de M\u00e9xico, 3 ene (Prensa Latina) La presidenta de M\u00e9xico, Claudia Sheinbaum, reiter\u00f3 hoy el rechazo a la idea de asociar migrante con violencia y asever\u00f3 que la gran mayor\u00eda de estas personas se va a otro pa\u00eds por necesidad.<\/p>\n\n\n\n<ul class=\"wp-block-list\">\n<li><a href=\"https:\/\/www.prensa-latina.cu\/2025\/01\/03\/\"><time>enero 3, 2025 | 12:53<\/time><\/a><\/li>\n<\/ul>\n\n\n\n<ul class=\"wp-block-list\">\n<li><a href=\"https:\/\/www.prensa-latina.cu\/2025\/01\/03\/presidenta-de-mexico-rechaza-idea-de-asociar-migracion-con-violencia\/#\"><\/a><\/li>\n\n\n\n<li><a href=\"https:\/\/www.prensa-latina.cu\/2025\/01\/03\/presidenta-de-mexico-rechaza-idea-de-asociar-migracion-con-violencia\/#\"><\/a><\/li>\n\n\n\n<li><a href=\"https:\/\/www.prensa-latina.cu\/2025\/01\/03\/presidenta-de-mexico-rechaza-idea-de-asociar-migracion-con-violencia\/#\"><\/a><\/li>\n\n\n\n<li><a href=\"https:\/\/www.prensa-latina.cu\/2025\/01\/03\/presidenta-de-mexico-rechaza-idea-de-asociar-migracion-con-violencia\/#\"><\/a><\/li>\n<\/ul>\n\n\n\n<p>\u201cNo hay que asociar \u2013porque si no, nuestro lenguaje se parece a otros, vamos a decirlo as\u00ed- migrante con violencia, porque nosotros somos un pueblo solidario, generoso\u201d, expres\u00f3 la jefa del ejecutivo durante su habitual conferencia de prensa.<\/p>\n\n\n\n<p>Al responder a la pregunta de una periodista sobre un supuesto aumento de la violencia en ciudades fronterizas en caso de concretarse deportaciones desde Estados Unidos, la dignataria record\u00f3 que la gran mayor\u00eda de esos ciudadanos viaja a otra tierra buscando mejoras para sus familias.<\/p>\n\n\n\n<p>\u201cLa gente, el 99 por ciento o m\u00e1s de las personas, migran por necesidad. Entonces, esta idea de que la migraci\u00f3n trae violencia necesitamos ir generando una condici\u00f3n de visi\u00f3n distinta. Los migrantes (\u2026) buscan para sus familias la mejor vida posible\u201d, manifest\u00f3.<\/p>\n\n\n\n<p>Sheinbaum ratific\u00f3 su desacuerdo con los anuncios del mandatario electo del pa\u00eds norte\u00f1o, Donald Trump, sobre expulsiones masivas, pero asegur\u00f3 que de ocurrir recibir\u00e1n a los connacionales.<\/p>\n\n\n\n<p>\u201cVamos a solicitar a Estados Unidos que en la medida de lo posible pues los migrantes que no son de M\u00e9xico puedan llevarlos a sus pa\u00edses de origen y si no, nosotros podemos colaborar a trav\u00e9s de distintos mecanismos\u201d, sostuvo.<\/p>\n\n\n\n<p>Coment\u00f3 que \u201cya habr\u00e1 momento para hablar con el gobierno\u201d de la vecina naci\u00f3n si realmente se llegan a producir estas deportaciones.<\/p>\n\n\n\n<p>\u201cPero aqu\u00ed los vamos a recibir bien (a los connacionales) y tenemos un plan que ayer dije que en su momento lo \u00edbamos a presentar\u201d, a\u00f1adi\u00f3.<\/p>\n\n\n\n<p>Con el objetivo de apoyar a los mexicanos en Estados Unidos ante posibles expulsiones masivas, el pa\u00eds latinoamericano ha tomado medidas como el fortalecimiento de los 53 consulados en aquella naci\u00f3n y la puesta en marcha de un centro de informaci\u00f3n y asistencia v\u00eda telef\u00f3nica<\/p>\n\n\n\n<p>Entre las acciones tambi\u00e9n sobresalen la pr\u00f3xima implementaci\u00f3n de una aplicaci\u00f3n digital denominada Bot\u00f3n de Alerta, para avisar ante una detenci\u00f3n, y el robustecimiento de un programa de asesor\u00edas legales externas con la contrataci\u00f3n de 329.<\/p>\n\n\n\n<p>lam\/las<\/p>\n\n\n\n<ul class=\"wp-block-list\">\n<li>#<a href=\"https:\/\/www.prensa-latina.cu\/etiqueta\/eeuu\/\">eeuu<\/a>\u00a0#<a href=\"https:\/\/www.prensa-latina.cu\/etiqueta\/mexico\/\">M\u00e9xico<\/a>\u00a0#<a href=\"https:\/\/www.prensa-latina.cu\/etiqueta\/migracion\/\">migraci\u00f3n<\/a><\/li>\n<\/ul>\n","protected":false},"excerpt":{"rendered":"<p>Ciudad de M\u00e9xico, 3 ene (Prensa Latina) La presidenta de M\u00e9xico, Claudia Sheinbaum, reiter\u00f3 hoy el rechazo a la idea de asociar migrante con violencia y asever\u00f3 que la gran mayor\u00eda de estas personas se va a otro pa\u00eds por necesidad. \u201cNo hay que asociar \u2013porque si no, nuestro lenguaje se parece a otros, vamos [&hellip;]<\/p>\n","protected":false},"author":28,"featured_media":587079,"comment_status":"closed","ping_status":"closed","sticky":true,"template":"","format":"standard","meta":{"footnotes":""},"categories":[23],"tags":[],"class_list":["post-587078","post","type-post","status-publish","format-standard","has-post-thumbnail","hentry","category-internacional"],"_links":{"self":[{"href":"https:\/\/diariodominicano.com\/index.php?rest_route=\/wp\/v2\/posts\/587078","targetHints":{"allow":["GET"]}}],"collection":[{"href":"https:\/\/diariodominicano.com\/index.php?rest_route=\/wp\/v2\/posts"}],"about":[{"href":"https:\/\/diariodominicano.com\/index.php?rest_route=\/wp\/v2\/types\/post"}],"author":[{"embeddable":true,"href":"https:\/\/diariodominicano.com\/index.php?rest_route=\/wp\/v2\/users\/28"}],"replies":[{"embeddable":true,"href":"https:\/\/diariodominicano.com\/index.php?rest_route=%2Fwp%2Fv2%2Fcomments&post=587078"}],"version-history":[{"count":1,"href":"https:\/\/diariodominicano.com\/index.php?rest_route=\/wp\/v2\/posts\/587078\/revisions"}],"predecessor-version":[{"id":587080,"href":"https:\/\/diariodominicano.com\/index.php?rest_route=\/wp\/v2\/posts\/587078\/revisions\/587080"}],"wp:featuredmedia":[{"embeddable":true,"href":"https:\/\/diariodominicano.com\/index.php?rest_route=\/wp\/v2\/media\/587079"}],"wp:attachment":[{"href":"https:\/\/diariodominicano.com\/index.php?rest_route=%2Fwp%2Fv2%2Fmedia&parent=587078"}],"wp:term":[{"taxonomy":"category","embeddable":true,"href":"https:\/\/diariodominicano.com\/index.php?rest_route=%2Fwp%2Fv2%2Fcategories&post=587078"},{"taxonomy":"post_tag","embeddable":true,"href":"https:\/\/diariodominicano.com\/index.php?rest_route=%2Fwp%2Fv2%2Ftags&post=587078"}],"curies":[{"name":"wp","href":"https:\/\/api.w.org\/{rel}","templated":true}]}}