{"id":587069,"date":"2025-01-04T00:59:22","date_gmt":"2025-01-04T04:59:22","guid":{"rendered":"https:\/\/diariodominicano.com\/?p=587069"},"modified":"2025-01-04T00:59:30","modified_gmt":"2025-01-04T04:59:30","slug":"jefa-de-la-comision-europea-tiene-neumonia-grave","status":"publish","type":"post","link":"https:\/\/diariodominicano.com\/?p=587069","title":{"rendered":"Jefa de la Comisi\u00f3n Europea tiene \u00abneumon\u00eda grave\u00bb"},"content":{"rendered":"\n<p>ARCHIVO &#8211; La presidenta de la Comisi\u00f3n Europea, Ursula von der Leyen, se dirige a una conferencia de prensa en Bruselas, el jueves 19 de diciembre de 2024.<\/p>\n\n\n\n<p>enero 03, 2025<\/p>\n\n\n\n<ul class=\"wp-block-list\">\n<li><a href=\"https:\/\/www.vozdeamerica.com\/author\/associated-press\/v_kyr\">Associated Press<\/a><\/li>\n<\/ul>\n\n\n\n<ul class=\"wp-block-list\">\n<li><a href=\"https:\/\/facebook.com\/sharer.php?u=https%3a%2f%2fwww.vozdeamerica.com%2fa%2fjefa-de-la-comision-europea-tiene-neumonia-grave-%2f7923531.html\" target=\"_blank\" rel=\"noreferrer noopener\"><\/a><\/li>\n\n\n\n<li><a href=\"https:\/\/twitter.com\/share?url=https%3a%2f%2fwww.vozdeamerica.com%2fa%2fjefa-de-la-comision-europea-tiene-neumonia-grave-%2f7923531.html&amp;text=Jefa+de+la+Comisi%c3%b3n+Europea+tiene+%22neumon%c3%ada+grave%22+\" target=\"_blank\" rel=\"noreferrer noopener\"><\/a><\/li>\n\n\n\n<li><\/li>\n\n\n\n<li><a href=\"mailto:?body=https%3a%2f%2fwww.vozdeamerica.com%2fa%2fjefa-de-la-comision-europea-tiene-neumonia-grave-%2f7923531.html&amp;subject=Jefa%20de%20la%20Comisi%C3%B3n%20Europea%20tiene%20%22neumon%C3%ADa%20grave%22\"><\/a><\/li>\n<\/ul>\n\n\n\n<p><a href=\"https:\/\/www.vozdeamerica.com\/a\/jefa-de-la-comision-europea-tiene-neumonia-grave-\/7923531.html#comments\">&nbsp;Vea comentarios<\/a><\/p>\n\n\n\n<p>La presidenta de la Comisi\u00f3n Europea, Ursula von der Leyen, sufre una neumon\u00eda grave, pero se desconocen m\u00e1s detalles sobre su condici\u00f3n.<\/p>\n\n\n\n<p>BRUSELAS \u2014&nbsp;<\/p>\n\n\n\n<p>La presidenta de la Comisi\u00f3n Europea, Ursula von der Leyen, padece de una \u201cneumon\u00eda grave\u201d y ha cancelado sus compromisos para las pr\u00f3ximas dos semanas, anunci\u00f3 su oficina el viernes.<\/p>\n\n\n\n<p>El portavoz Stefan De Keersmaeker dijo que la agenda de la funcionaria tuvo que ser despejada de reuniones en Lisboa y en Polonia, que acaba de asumir la presidencia rotativa de la Uni\u00f3n Europea de 27 naciones.<\/p>\n\n\n\n<p>\u201cEst\u00e1 lidiando con una neumon\u00eda grave\u201d, inform\u00f3 De Keersmaeker en un comunicado, sin dar m\u00e1s detalles sobre su estado o c\u00f3mo contrajo la enfermedad.<\/p>\n\n\n\n<p>Von der Leyen, de 66 a\u00f1os, recientemente comenz\u00f3 su segundo mandato de cinco a\u00f1os al frente de la poderosa oficina ejecutiva de la UE.<\/p>\n","protected":false},"excerpt":{"rendered":"<p>ARCHIVO &#8211; La presidenta de la Comisi\u00f3n Europea, Ursula von der Leyen, se dirige a una conferencia de prensa en Bruselas, el jueves 19 de diciembre de 2024. enero 03, 2025 &nbsp;Vea comentarios La presidenta de la Comisi\u00f3n Europea, Ursula von der Leyen, sufre una neumon\u00eda grave, pero se desconocen m\u00e1s detalles sobre su condici\u00f3n. [&hellip;]<\/p>\n","protected":false},"author":28,"featured_media":587070,"comment_status":"closed","ping_status":"closed","sticky":true,"template":"","format":"standard","meta":{"footnotes":""},"categories":[23,27],"tags":[],"class_list":["post-587069","post","type-post","status-publish","format-standard","has-post-thumbnail","hentry","category-internacional","category-portada"],"_links":{"self":[{"href":"https:\/\/diariodominicano.com\/index.php?rest_route=\/wp\/v2\/posts\/587069","targetHints":{"allow":["GET"]}}],"collection":[{"href":"https:\/\/diariodominicano.com\/index.php?rest_route=\/wp\/v2\/posts"}],"about":[{"href":"https:\/\/diariodominicano.com\/index.php?rest_route=\/wp\/v2\/types\/post"}],"author":[{"embeddable":true,"href":"https:\/\/diariodominicano.com\/index.php?rest_route=\/wp\/v2\/users\/28"}],"replies":[{"embeddable":true,"href":"https:\/\/diariodominicano.com\/index.php?rest_route=%2Fwp%2Fv2%2Fcomments&post=587069"}],"version-history":[{"count":1,"href":"https:\/\/diariodominicano.com\/index.php?rest_route=\/wp\/v2\/posts\/587069\/revisions"}],"predecessor-version":[{"id":587071,"href":"https:\/\/diariodominicano.com\/index.php?rest_route=\/wp\/v2\/posts\/587069\/revisions\/587071"}],"wp:featuredmedia":[{"embeddable":true,"href":"https:\/\/diariodominicano.com\/index.php?rest_route=\/wp\/v2\/media\/587070"}],"wp:attachment":[{"href":"https:\/\/diariodominicano.com\/index.php?rest_route=%2Fwp%2Fv2%2Fmedia&parent=587069"}],"wp:term":[{"taxonomy":"category","embeddable":true,"href":"https:\/\/diariodominicano.com\/index.php?rest_route=%2Fwp%2Fv2%2Fcategories&post=587069"},{"taxonomy":"post_tag","embeddable":true,"href":"https:\/\/diariodominicano.com\/index.php?rest_route=%2Fwp%2Fv2%2Ftags&post=587069"}],"curies":[{"name":"wp","href":"https:\/\/api.w.org\/{rel}","templated":true}]}}